{"id":246522,"date":"2025-08-11T13:54:37","date_gmt":"2025-08-11T11:54:37","guid":{"rendered":"https:\/\/www.bluehouse.fr\/JB6\/carnet-de-vol\/?p=246522"},"modified":"2025-08-11T14:13:20","modified_gmt":"2025-08-11T12:13:20","slug":"bisanne-10-08-2025","status":"publish","type":"post","link":"https:\/\/www.bluehouse.fr\/JB6\/carnet-de-vol\/2025\/08\/11\/bisanne-10-08-2025\/","title":{"rendered":"Bisanne 10\/08\/2025"},"content":{"rendered":"<p>[et_pb_section fb_built=&#8221;1&#8243; _builder_version=&#8221;4.27.0&#8243; _module_preset=&#8221;default&#8221; da_disable_devices=&#8221;off|off|off&#8221; global_colors_info=&#8221;{}&#8221; theme_builder_area=&#8221;post_content&#8221; da_is_popup=&#8221;off&#8221; da_exit_intent=&#8221;off&#8221; da_has_close=&#8221;on&#8221; da_alt_close=&#8221;off&#8221; da_dark_close=&#8221;off&#8221; da_not_modal=&#8221;on&#8221; da_is_singular=&#8221;off&#8221; da_with_loader=&#8221;off&#8221; da_has_shadow=&#8221;on&#8221;][et_pb_row _builder_version=&#8221;4.27.0&#8243; _module_preset=&#8221;default&#8221; global_colors_info=&#8221;{}&#8221; theme_builder_area=&#8221;post_content&#8221;][et_pb_column type=&#8221;4_4&#8243; _builder_version=&#8221;4.27.0&#8243; _module_preset=&#8221;default&#8221; global_colors_info=&#8221;{}&#8221; theme_builder_area=&#8221;post_content&#8221;][et_pb_text _builder_version=&#8221;4.27.4&#8243; _module_preset=&#8221;default&#8221; global_colors_info=&#8221;{}&#8221; theme_builder_area=&#8221;post_content&#8221;]<\/p>\n<p>Nous sommes trois pilotes du CHVD : Paul C., JJ A. et moi-m\u00eame, pr\u00eats \u00e0 d\u00e9coller de Bisanne, aux Saisies, ce dimanche 10 ao\u00fbt 2025.<br \/>Il est 11 h : les biroutes sont dans le mauvais sens !<br \/>\u00c0 11 h 45, profitant d\u2019une accalmie, je d\u00e9colle. Mont\u00e9e express jusqu\u2019au plafond : C\u2019est le thermique, aid\u00e9 par la tendance ouest, qui inverse les biroutes. Direction Chamonix ! Mes deux acolytes me suivent peu apr\u00e8s. JJ me rattrape \u00e0 l\u2019Aiguille Croche ; Paul, lui, reste deux ou trois thermiques derri\u00e8re.<\/p>\n<p>[\/et_pb_text][et_pb_gallery gallery_ids=&#8221;246512&#8243; fullwidth=&#8221;on&#8221; _builder_version=&#8221;4.27.4&#8243; _module_preset=&#8221;default&#8221; global_colors_info=&#8221;{}&#8221; theme_builder_area=&#8221;post_content&#8221;][\/et_pb_gallery][et_pb_text _builder_version=&#8221;4.27.4&#8243; _module_preset=&#8221;default&#8221; global_colors_info=&#8221;{}&#8221; theme_builder_area=&#8221;post_content&#8221;]<\/p>\n<p>Au Mont Joly, nous sommes au nuage \u00e0 3 000 m. Les conditions sont encore bonnes\u2026 mais \u00e7a ne va pas durer. \u00c0 le raccroche au Br\u00e9vent, \u00e7a se complique : le paysage est splendide, mais la canicule transforme les thermiques en monstres, m\u00eal\u00e9s \u00e0 une brise dantesque. Raccrocher est un vrai rod\u00e9o ! Je connais l\u2019endroit : je m\u2019attends \u00e0 souffrir. Finalement, je sors au-dessus du Br\u00e9vent \u00e0 3 100 m, en compagnie de deux biplaces. Pens\u00e9e \u00e9mue pour leurs passagers !<br \/>Je rep\u00e8re JJ, tr\u00e8s bas sous Plan Praz : il abandonne et se pose au Bouchet. Paul, lui, rate la raccroche apr\u00e8s le Prarion, se pose dans la vall\u00e9e, remonte en t\u00e9l\u00e9ph\u00e9rique, retente sa chance\u2026 mais finit secou\u00e9 \u00e0 Passy.<\/p>\n<p>[\/et_pb_text][et_pb_gallery gallery_ids=&#8221;246514,246515&#8243; posts_number=&#8221;2&#8243; _builder_version=&#8221;4.27.4&#8243; _module_preset=&#8221;default&#8221; global_colors_info=&#8221;{}&#8221; theme_builder_area=&#8221;post_content&#8221;][\/et_pb_gallery][et_pb_text _builder_version=&#8221;4.27.4&#8243; _module_preset=&#8221;default&#8221; global_colors_info=&#8221;{}&#8221; theme_builder_area=&#8221;post_content&#8221;]<\/p>\n<p>De mon c\u00f4t\u00e9, cap sur les Aiguilles de Varan. Longue transition qui me laisse le temps de terminer mon casse-cro\u00fbte. L\u00e0-bas, \u00e7a monte fort mais propre. \u00c0 2 900 m, je file vers la Pointe Perc\u00e9e, o\u00f9 une dizaine d\u2019ailes tentent de sortir au-dessus de l\u2019altiport. C\u2019est laborieux. J\u2019essaye une option sous le vent : mauvaise id\u00e9e ! Tr\u00e8s contr\u00e9, je reviens penaud vers la zone o\u00f9 \u00e7a tenait. Un autre pilote, sans doute avec une aile moins perf, doit se poser dans un champ, voile affal\u00e9e sur un tracteur ! Pendant ce temps, le premier groupe finit par sortir, remplac\u00e9 par un nouveau chargement venu de Varan. Finalement, la pers\u00e9v\u00e9rance paie : je passe au-dessus de la Pointe Perc\u00e9e, escort\u00e9 par deux aigles.<\/p>\n<p>[\/et_pb_text][et_pb_gallery gallery_ids=&#8221;246516&#8243; fullwidth=&#8221;on&#8221; _builder_version=&#8221;4.27.4&#8243; _module_preset=&#8221;default&#8221; locked=&#8221;off&#8221; global_colors_info=&#8221;{}&#8221; theme_builder_area=&#8221;post_content&#8221;][\/et_pb_gallery][et_pb_text _builder_version=&#8221;4.27.4&#8243; _module_preset=&#8221;default&#8221; global_colors_info=&#8221;{}&#8221; theme_builder_area=&#8221;post_content&#8221;]<\/p>\n<p>Objectif : Annecy. Je mets le cap sur le Jallouvre\u2026 mais rien. Je gratte, j\u2019insiste : le vario se met \u00e0 biper\u2026 en descendant ! \u20133 m\/s, vent d\u2019ouest qui me rejette. Demi-tour, je traverse vers le col de la Colombi\u00e8re, raccroche \u00e0 1 600 m, juste 200 m au-dessus du fond de vall\u00e9e. Soaring express : \u00e0 15 h 02 je suis \u00e0 1 600 m, \u00e0 15 h 14 je suis \u00e0 3 000 m !<br \/>Changement de plan : retour par les Aravis, direction la Dent de Cons. Vol plus calme, j\u2019enroule avec quelques pilotes crois\u00e9s en route. Le Charvin, fid\u00e8le \u00e0 sa r\u00e9putation, m\u2019offre un 2 800 m parfait pour rejoindre la Dent de Cons.<br \/>Albertville est \u00e0 mes pieds. Je cherche un thermique pour traverser sur le Grand Arc. Mais je perds plut\u00f4t qu\u2019autre chose. \u00c0 2 000 m, je me lance quand m\u00eame. Surprise : au-dessus de la ville, une pompe me remonte confortablement \u2014 sans doute une confluence entre vent m\u00e9t\u00e9o et brise. Le vent, d\u2019ailleurs, mon vario affiche parfois 25 km\/h d\u2019ouest ! Je le retrouve sur toute la mont\u00e9e au Grand Arc. L\u2019\u00c9baudia, d\u2019habitude un plaisir en restite, devient un vrai combat jusqu\u2019au sommet.<br \/>Dernier plein \u00e0 2 800 m, puis cap sur les Saisies. Il reste \u00e0 raccrocher le Mirantin et la Croix de Coste : l\u2019ouest, qui m\u2019a secou\u00e9 toute la journ\u00e9e, m\u2019aide cette fois. Je passe au-dessus du d\u00e9co ouest : deux biplaces s\u2019\u00e9lancent. Mauvais signe : je sais que je vais poser sur leur terrain priv\u00e9\u2026 et que je vais me faire remonter les bretelles. Mais le terrain est tondu, 2 biroutes sont en \u00e9vidence et ma voiture est l\u00e0 \u2014 pas question de descendre poser en bas.<br \/>Comme pr\u00e9vu, les deux biplaceurs viennent r\u00e2ler. Peu importe : apr\u00e8s 6 h 30 de vol et un triangle de 135 km boucl\u00e9, je suis heureux.<\/p>\n<p>[\/et_pb_text][et_pb_gallery gallery_ids=&#8221;246517&#8243; fullwidth=&#8221;on&#8221; _builder_version=&#8221;4.27.4&#8243; _module_preset=&#8221;default&#8221; locked=&#8221;off&#8221; global_colors_info=&#8221;{}&#8221; theme_builder_area=&#8221;post_content&#8221;][\/et_pb_gallery][et_pb_button button_url=&#8221;https:\/\/www.bluehouse.fr\/JB6\/carnet-de-vol\/thvd-display\/?thvd_display_shortcode=fiche_vol&#038;data_id=1852291&#038;aib=1208&#8243; url_new_window=&#8221;on&#8221; button_text=&#8221;Fiche du vol&#8221; _builder_version=&#8221;4.27.4&#8243; _module_preset=&#8221;default&#8221; hover_enabled=&#8221;0&#8243; global_colors_info=&#8221;{}&#8221; theme_builder_area=&#8221;post_content&#8221; sticky_enabled=&#8221;0&#8243;][\/et_pb_button][\/et_pb_column][\/et_pb_row][\/et_pb_section]<\/p>\n","protected":false},"excerpt":{"rendered":"<p>Nous sommes trois pilotes du CHVD : Paul C., JJ A. et moi-m\u00eame, pr\u00eats \u00e0 d\u00e9coller de Bisanne, aux Saisies, ce dimanche 10 ao\u00fbt 2025.Il est 11 h : les biroutes sont dans le mauvais sens !\u00c0 11 h 45, profitant d\u2019une accalmie, je d\u00e9colle. Mont\u00e9e express jusqu\u2019au plafond : C\u2019est le thermique, aid\u00e9 par [&hellip;]<\/p>\n","protected":false},"author":57,"featured_media":246513,"comment_status":"open","ping_status":"open","sticky":false,"template":"","format":"standard","meta":{"_et_pb_use_builder":"on","_et_pb_old_content":"","_et_gb_content_width":"","_jetpack_memberships_contains_paid_content":false,"_joinchat":[],"footnotes":""},"categories":[61],"tags":[],"class_list":["post-246522","post","type-post","status-publish","format-standard","has-post-thumbnail","hentry","category-recit"],"yoast_head":"<!-- This site is optimized with the Yoast SEO plugin v27.5 - https:\/\/yoast.com\/product\/yoast-seo-wordpress\/ -->\n<title>Bisanne 10\/08\/2025 - Carnet de Vol<\/title>\n<meta name=\"robots\" content=\"index, follow, max-snippet:-1, max-image-preview:large, max-video-preview:-1\" \/>\n<link rel=\"canonical\" href=\"https:\/\/www.bluehouse.fr\/JB6\/carnet-de-vol\/2025\/08\/11\/bisanne-10-08-2025\/\" \/>\n<meta property=\"og:locale\" content=\"fr_FR\" \/>\n<meta property=\"og:type\" content=\"article\" \/>\n<meta property=\"og:title\" content=\"Bisanne 10\/08\/2025 - Carnet de Vol\" \/>\n<meta property=\"og:description\" content=\"Nous sommes trois pilotes du CHVD : Paul C., JJ A. et moi-m\u00eame, pr\u00eats \u00e0 d\u00e9coller de Bisanne, aux Saisies, ce dimanche 10 ao\u00fbt 2025.Il est 11 h : les biroutes sont dans le mauvais sens !\u00c0 11 h 45, profitant d\u2019une accalmie, je d\u00e9colle. Mont\u00e9e express jusqu\u2019au plafond : C\u2019est le thermique, aid\u00e9 par [&hellip;]\" \/>\n<meta property=\"og:url\" content=\"https:\/\/www.bluehouse.fr\/JB6\/carnet-de-vol\/2025\/08\/11\/bisanne-10-08-2025\/\" \/>\n<meta property=\"og:site_name\" content=\"Carnet de Vol\" \/>\n<meta property=\"article:published_time\" content=\"2025-08-11T11:54:37+00:00\" \/>\n<meta property=\"article:modified_time\" content=\"2025-08-11T12:13:20+00:00\" \/>\n<meta property=\"og:image\" content=\"https:\/\/www.bluehouse.fr\/JB6\/carnet-de-vol\/wp-content\/uploads\/2025\/08\/GOPR5795.jpg\" \/>\n\t<meta property=\"og:image:width\" content=\"2437\" \/>\n\t<meta property=\"og:image:height\" content=\"1828\" \/>\n\t<meta property=\"og:image:type\" content=\"image\/jpeg\" \/>\n<meta name=\"author\" content=\"Jacques Bayol\" \/>\n<meta name=\"twitter:card\" content=\"summary_large_image\" \/>\n<meta name=\"twitter:label1\" content=\"\u00c9crit par\" \/>\n\t<meta name=\"twitter:data1\" content=\"Jacques Bayol\" \/>\n\t<meta name=\"twitter:label2\" content=\"Dur\u00e9e de lecture estim\u00e9e\" \/>\n\t<meta name=\"twitter:data2\" content=\"4 minutes\" \/>\n<script type=\"application\/ld+json\" class=\"yoast-schema-graph\">{\"@context\":\"https:\\\/\\\/schema.org\",\"@graph\":[{\"@type\":\"Article\",\"@id\":\"https:\\\/\\\/www.bluehouse.fr\\\/JB6\\\/carnet-de-vol\\\/2025\\\/08\\\/11\\\/bisanne-10-08-2025\\\/#article\",\"isPartOf\":{\"@id\":\"https:\\\/\\\/www.bluehouse.fr\\\/JB6\\\/carnet-de-vol\\\/2025\\\/08\\\/11\\\/bisanne-10-08-2025\\\/\"},\"author\":{\"name\":\"Jacques Bayol\",\"@id\":\"https:\\\/\\\/www.bluehouse.fr\\\/JB6\\\/carnet-de-vol\\\/#\\\/schema\\\/person\\\/5d86adbd628adb05f7f8b7b24afe7187\"},\"headline\":\"Bisanne 10\\\/08\\\/2025\",\"datePublished\":\"2025-08-11T11:54:37+00:00\",\"dateModified\":\"2025-08-11T12:13:20+00:00\",\"mainEntityOfPage\":{\"@id\":\"https:\\\/\\\/www.bluehouse.fr\\\/JB6\\\/carnet-de-vol\\\/2025\\\/08\\\/11\\\/bisanne-10-08-2025\\\/\"},\"wordCount\":965,\"commentCount\":0,\"publisher\":{\"@id\":\"https:\\\/\\\/www.bluehouse.fr\\\/JB6\\\/carnet-de-vol\\\/#organization\"},\"image\":{\"@id\":\"https:\\\/\\\/www.bluehouse.fr\\\/JB6\\\/carnet-de-vol\\\/2025\\\/08\\\/11\\\/bisanne-10-08-2025\\\/#primaryimage\"},\"thumbnailUrl\":\"https:\\\/\\\/www.bluehouse.fr\\\/JB6\\\/carnet-de-vol\\\/wp-content\\\/uploads\\\/2025\\\/08\\\/GOPR5795.jpg\",\"articleSection\":[\"r\u00e9cit\"],\"inLanguage\":\"fr-FR\",\"potentialAction\":[{\"@type\":\"CommentAction\",\"name\":\"Comment\",\"target\":[\"https:\\\/\\\/www.bluehouse.fr\\\/JB6\\\/carnet-de-vol\\\/2025\\\/08\\\/11\\\/bisanne-10-08-2025\\\/#respond\"]}]},{\"@type\":\"WebPage\",\"@id\":\"https:\\\/\\\/www.bluehouse.fr\\\/JB6\\\/carnet-de-vol\\\/2025\\\/08\\\/11\\\/bisanne-10-08-2025\\\/\",\"url\":\"https:\\\/\\\/www.bluehouse.fr\\\/JB6\\\/carnet-de-vol\\\/2025\\\/08\\\/11\\\/bisanne-10-08-2025\\\/\",\"name\":\"Bisanne 10\\\/08\\\/2025 - Carnet de Vol\",\"isPartOf\":{\"@id\":\"https:\\\/\\\/www.bluehouse.fr\\\/JB6\\\/carnet-de-vol\\\/#website\"},\"primaryImageOfPage\":{\"@id\":\"https:\\\/\\\/www.bluehouse.fr\\\/JB6\\\/carnet-de-vol\\\/2025\\\/08\\\/11\\\/bisanne-10-08-2025\\\/#primaryimage\"},\"image\":{\"@id\":\"https:\\\/\\\/www.bluehouse.fr\\\/JB6\\\/carnet-de-vol\\\/2025\\\/08\\\/11\\\/bisanne-10-08-2025\\\/#primaryimage\"},\"thumbnailUrl\":\"https:\\\/\\\/www.bluehouse.fr\\\/JB6\\\/carnet-de-vol\\\/wp-content\\\/uploads\\\/2025\\\/08\\\/GOPR5795.jpg\",\"datePublished\":\"2025-08-11T11:54:37+00:00\",\"dateModified\":\"2025-08-11T12:13:20+00:00\",\"breadcrumb\":{\"@id\":\"https:\\\/\\\/www.bluehouse.fr\\\/JB6\\\/carnet-de-vol\\\/2025\\\/08\\\/11\\\/bisanne-10-08-2025\\\/#breadcrumb\"},\"inLanguage\":\"fr-FR\",\"potentialAction\":[{\"@type\":\"ReadAction\",\"target\":[\"https:\\\/\\\/www.bluehouse.fr\\\/JB6\\\/carnet-de-vol\\\/2025\\\/08\\\/11\\\/bisanne-10-08-2025\\\/\"]}]},{\"@type\":\"ImageObject\",\"inLanguage\":\"fr-FR\",\"@id\":\"https:\\\/\\\/www.bluehouse.fr\\\/JB6\\\/carnet-de-vol\\\/2025\\\/08\\\/11\\\/bisanne-10-08-2025\\\/#primaryimage\",\"url\":\"https:\\\/\\\/www.bluehouse.fr\\\/JB6\\\/carnet-de-vol\\\/wp-content\\\/uploads\\\/2025\\\/08\\\/GOPR5795.jpg\",\"contentUrl\":\"https:\\\/\\\/www.bluehouse.fr\\\/JB6\\\/carnet-de-vol\\\/wp-content\\\/uploads\\\/2025\\\/08\\\/GOPR5795.jpg\",\"width\":2437,\"height\":1828},{\"@type\":\"BreadcrumbList\",\"@id\":\"https:\\\/\\\/www.bluehouse.fr\\\/JB6\\\/carnet-de-vol\\\/2025\\\/08\\\/11\\\/bisanne-10-08-2025\\\/#breadcrumb\",\"itemListElement\":[{\"@type\":\"ListItem\",\"position\":1,\"name\":\"Accueil\",\"item\":\"https:\\\/\\\/www.bluehouse.fr\\\/JB6\\\/carnet-de-vol\\\/\"},{\"@type\":\"ListItem\",\"position\":2,\"name\":\"Bisanne 10\\\/08\\\/2025\"}]},{\"@type\":\"WebSite\",\"@id\":\"https:\\\/\\\/www.bluehouse.fr\\\/JB6\\\/carnet-de-vol\\\/#website\",\"url\":\"https:\\\/\\\/www.bluehouse.fr\\\/JB6\\\/carnet-de-vol\\\/\",\"name\":\"Carnet de Vol\",\"description\":\"Carnet de Vol Parapente\",\"publisher\":{\"@id\":\"https:\\\/\\\/www.bluehouse.fr\\\/JB6\\\/carnet-de-vol\\\/#organization\"},\"potentialAction\":[{\"@type\":\"SearchAction\",\"target\":{\"@type\":\"EntryPoint\",\"urlTemplate\":\"https:\\\/\\\/www.bluehouse.fr\\\/JB6\\\/carnet-de-vol\\\/?s={search_term_string}\"},\"query-input\":{\"@type\":\"PropertyValueSpecification\",\"valueRequired\":true,\"valueName\":\"search_term_string\"}}],\"inLanguage\":\"fr-FR\"},{\"@type\":\"Organization\",\"@id\":\"https:\\\/\\\/www.bluehouse.fr\\\/JB6\\\/carnet-de-vol\\\/#organization\",\"name\":\"Carnet de Vol\",\"url\":\"https:\\\/\\\/www.bluehouse.fr\\\/JB6\\\/carnet-de-vol\\\/\",\"logo\":{\"@type\":\"ImageObject\",\"inLanguage\":\"fr-FR\",\"@id\":\"https:\\\/\\\/www.bluehouse.fr\\\/JB6\\\/carnet-de-vol\\\/#\\\/schema\\\/logo\\\/image\\\/\",\"url\":\"https:\\\/\\\/www.bluehouse.fr\\\/JB6\\\/carnet-de-vol\\\/wp-content\\\/uploads\\\/2023\\\/11\\\/logo.png\",\"contentUrl\":\"https:\\\/\\\/www.bluehouse.fr\\\/JB6\\\/carnet-de-vol\\\/wp-content\\\/uploads\\\/2023\\\/11\\\/logo.png\",\"width\":400,\"height\":400,\"caption\":\"Carnet de Vol\"},\"image\":{\"@id\":\"https:\\\/\\\/www.bluehouse.fr\\\/JB6\\\/carnet-de-vol\\\/#\\\/schema\\\/logo\\\/image\\\/\"}},{\"@type\":\"Person\",\"@id\":\"https:\\\/\\\/www.bluehouse.fr\\\/JB6\\\/carnet-de-vol\\\/#\\\/schema\\\/person\\\/5d86adbd628adb05f7f8b7b24afe7187\",\"name\":\"Jacques Bayol\",\"image\":{\"@type\":\"ImageObject\",\"inLanguage\":\"fr-FR\",\"@id\":\"https:\\\/\\\/secure.gravatar.com\\\/avatar\\\/15bcc0a70bbdf1d887a3eba73fa1a16a018cf14529c2d51827403d81e6a05255?s=96&d=mm&r=g\",\"url\":\"https:\\\/\\\/secure.gravatar.com\\\/avatar\\\/15bcc0a70bbdf1d887a3eba73fa1a16a018cf14529c2d51827403d81e6a05255?s=96&d=mm&r=g\",\"contentUrl\":\"https:\\\/\\\/secure.gravatar.com\\\/avatar\\\/15bcc0a70bbdf1d887a3eba73fa1a16a018cf14529c2d51827403d81e6a05255?s=96&d=mm&r=g\",\"caption\":\"Jacques Bayol\"},\"description\":\"Pilote de vol libre depuis 1974, modeste webmaster de ce site.\",\"url\":\"https:\\\/\\\/www.bluehouse.fr\\\/JB6\\\/carnet-de-vol\\\/author\\\/jack\\\/\"}]}<\/script>\n<!-- \/ Yoast SEO plugin. -->","yoast_head_json":{"title":"Bisanne 10\/08\/2025 - Carnet de Vol","robots":{"index":"index","follow":"follow","max-snippet":"max-snippet:-1","max-image-preview":"max-image-preview:large","max-video-preview":"max-video-preview:-1"},"canonical":"https:\/\/www.bluehouse.fr\/JB6\/carnet-de-vol\/2025\/08\/11\/bisanne-10-08-2025\/","og_locale":"fr_FR","og_type":"article","og_title":"Bisanne 10\/08\/2025 - Carnet de Vol","og_description":"Nous sommes trois pilotes du CHVD : Paul C., JJ A. et moi-m\u00eame, pr\u00eats \u00e0 d\u00e9coller de Bisanne, aux Saisies, ce dimanche 10 ao\u00fbt 2025.Il est 11 h : les biroutes sont dans le mauvais sens !\u00c0 11 h 45, profitant d\u2019une accalmie, je d\u00e9colle. Mont\u00e9e express jusqu\u2019au plafond : C\u2019est le thermique, aid\u00e9 par [&hellip;]","og_url":"https:\/\/www.bluehouse.fr\/JB6\/carnet-de-vol\/2025\/08\/11\/bisanne-10-08-2025\/","og_site_name":"Carnet de Vol","article_published_time":"2025-08-11T11:54:37+00:00","article_modified_time":"2025-08-11T12:13:20+00:00","og_image":[{"width":2437,"height":1828,"url":"https:\/\/www.bluehouse.fr\/JB6\/carnet-de-vol\/wp-content\/uploads\/2025\/08\/GOPR5795.jpg","type":"image\/jpeg"}],"author":"Jacques Bayol","twitter_card":"summary_large_image","twitter_misc":{"\u00c9crit par":"Jacques Bayol","Dur\u00e9e de lecture estim\u00e9e":"4 minutes"},"schema":{"@context":"https:\/\/schema.org","@graph":[{"@type":"Article","@id":"https:\/\/www.bluehouse.fr\/JB6\/carnet-de-vol\/2025\/08\/11\/bisanne-10-08-2025\/#article","isPartOf":{"@id":"https:\/\/www.bluehouse.fr\/JB6\/carnet-de-vol\/2025\/08\/11\/bisanne-10-08-2025\/"},"author":{"name":"Jacques Bayol","@id":"https:\/\/www.bluehouse.fr\/JB6\/carnet-de-vol\/#\/schema\/person\/5d86adbd628adb05f7f8b7b24afe7187"},"headline":"Bisanne 10\/08\/2025","datePublished":"2025-08-11T11:54:37+00:00","dateModified":"2025-08-11T12:13:20+00:00","mainEntityOfPage":{"@id":"https:\/\/www.bluehouse.fr\/JB6\/carnet-de-vol\/2025\/08\/11\/bisanne-10-08-2025\/"},"wordCount":965,"commentCount":0,"publisher":{"@id":"https:\/\/www.bluehouse.fr\/JB6\/carnet-de-vol\/#organization"},"image":{"@id":"https:\/\/www.bluehouse.fr\/JB6\/carnet-de-vol\/2025\/08\/11\/bisanne-10-08-2025\/#primaryimage"},"thumbnailUrl":"https:\/\/www.bluehouse.fr\/JB6\/carnet-de-vol\/wp-content\/uploads\/2025\/08\/GOPR5795.jpg","articleSection":["r\u00e9cit"],"inLanguage":"fr-FR","potentialAction":[{"@type":"CommentAction","name":"Comment","target":["https:\/\/www.bluehouse.fr\/JB6\/carnet-de-vol\/2025\/08\/11\/bisanne-10-08-2025\/#respond"]}]},{"@type":"WebPage","@id":"https:\/\/www.bluehouse.fr\/JB6\/carnet-de-vol\/2025\/08\/11\/bisanne-10-08-2025\/","url":"https:\/\/www.bluehouse.fr\/JB6\/carnet-de-vol\/2025\/08\/11\/bisanne-10-08-2025\/","name":"Bisanne 10\/08\/2025 - Carnet de Vol","isPartOf":{"@id":"https:\/\/www.bluehouse.fr\/JB6\/carnet-de-vol\/#website"},"primaryImageOfPage":{"@id":"https:\/\/www.bluehouse.fr\/JB6\/carnet-de-vol\/2025\/08\/11\/bisanne-10-08-2025\/#primaryimage"},"image":{"@id":"https:\/\/www.bluehouse.fr\/JB6\/carnet-de-vol\/2025\/08\/11\/bisanne-10-08-2025\/#primaryimage"},"thumbnailUrl":"https:\/\/www.bluehouse.fr\/JB6\/carnet-de-vol\/wp-content\/uploads\/2025\/08\/GOPR5795.jpg","datePublished":"2025-08-11T11:54:37+00:00","dateModified":"2025-08-11T12:13:20+00:00","breadcrumb":{"@id":"https:\/\/www.bluehouse.fr\/JB6\/carnet-de-vol\/2025\/08\/11\/bisanne-10-08-2025\/#breadcrumb"},"inLanguage":"fr-FR","potentialAction":[{"@type":"ReadAction","target":["https:\/\/www.bluehouse.fr\/JB6\/carnet-de-vol\/2025\/08\/11\/bisanne-10-08-2025\/"]}]},{"@type":"ImageObject","inLanguage":"fr-FR","@id":"https:\/\/www.bluehouse.fr\/JB6\/carnet-de-vol\/2025\/08\/11\/bisanne-10-08-2025\/#primaryimage","url":"https:\/\/www.bluehouse.fr\/JB6\/carnet-de-vol\/wp-content\/uploads\/2025\/08\/GOPR5795.jpg","contentUrl":"https:\/\/www.bluehouse.fr\/JB6\/carnet-de-vol\/wp-content\/uploads\/2025\/08\/GOPR5795.jpg","width":2437,"height":1828},{"@type":"BreadcrumbList","@id":"https:\/\/www.bluehouse.fr\/JB6\/carnet-de-vol\/2025\/08\/11\/bisanne-10-08-2025\/#breadcrumb","itemListElement":[{"@type":"ListItem","position":1,"name":"Accueil","item":"https:\/\/www.bluehouse.fr\/JB6\/carnet-de-vol\/"},{"@type":"ListItem","position":2,"name":"Bisanne 10\/08\/2025"}]},{"@type":"WebSite","@id":"https:\/\/www.bluehouse.fr\/JB6\/carnet-de-vol\/#website","url":"https:\/\/www.bluehouse.fr\/JB6\/carnet-de-vol\/","name":"Carnet de Vol","description":"Carnet de Vol Parapente","publisher":{"@id":"https:\/\/www.bluehouse.fr\/JB6\/carnet-de-vol\/#organization"},"potentialAction":[{"@type":"SearchAction","target":{"@type":"EntryPoint","urlTemplate":"https:\/\/www.bluehouse.fr\/JB6\/carnet-de-vol\/?s={search_term_string}"},"query-input":{"@type":"PropertyValueSpecification","valueRequired":true,"valueName":"search_term_string"}}],"inLanguage":"fr-FR"},{"@type":"Organization","@id":"https:\/\/www.bluehouse.fr\/JB6\/carnet-de-vol\/#organization","name":"Carnet de Vol","url":"https:\/\/www.bluehouse.fr\/JB6\/carnet-de-vol\/","logo":{"@type":"ImageObject","inLanguage":"fr-FR","@id":"https:\/\/www.bluehouse.fr\/JB6\/carnet-de-vol\/#\/schema\/logo\/image\/","url":"https:\/\/www.bluehouse.fr\/JB6\/carnet-de-vol\/wp-content\/uploads\/2023\/11\/logo.png","contentUrl":"https:\/\/www.bluehouse.fr\/JB6\/carnet-de-vol\/wp-content\/uploads\/2023\/11\/logo.png","width":400,"height":400,"caption":"Carnet de Vol"},"image":{"@id":"https:\/\/www.bluehouse.fr\/JB6\/carnet-de-vol\/#\/schema\/logo\/image\/"}},{"@type":"Person","@id":"https:\/\/www.bluehouse.fr\/JB6\/carnet-de-vol\/#\/schema\/person\/5d86adbd628adb05f7f8b7b24afe7187","name":"Jacques Bayol","image":{"@type":"ImageObject","inLanguage":"fr-FR","@id":"https:\/\/secure.gravatar.com\/avatar\/15bcc0a70bbdf1d887a3eba73fa1a16a018cf14529c2d51827403d81e6a05255?s=96&d=mm&r=g","url":"https:\/\/secure.gravatar.com\/avatar\/15bcc0a70bbdf1d887a3eba73fa1a16a018cf14529c2d51827403d81e6a05255?s=96&d=mm&r=g","contentUrl":"https:\/\/secure.gravatar.com\/avatar\/15bcc0a70bbdf1d887a3eba73fa1a16a018cf14529c2d51827403d81e6a05255?s=96&d=mm&r=g","caption":"Jacques Bayol"},"description":"Pilote de vol libre depuis 1974, modeste webmaster de ce site.","url":"https:\/\/www.bluehouse.fr\/JB6\/carnet-de-vol\/author\/jack\/"}]}},"jetpack_featured_media_url":"https:\/\/www.bluehouse.fr\/JB6\/carnet-de-vol\/wp-content\/uploads\/2025\/08\/GOPR5795.jpg","jetpack_sharing_enabled":true,"_links":{"self":[{"href":"https:\/\/www.bluehouse.fr\/JB6\/carnet-de-vol\/wp-json\/wp\/v2\/posts\/246522","targetHints":{"allow":["GET"]}}],"collection":[{"href":"https:\/\/www.bluehouse.fr\/JB6\/carnet-de-vol\/wp-json\/wp\/v2\/posts"}],"about":[{"href":"https:\/\/www.bluehouse.fr\/JB6\/carnet-de-vol\/wp-json\/wp\/v2\/types\/post"}],"author":[{"embeddable":true,"href":"https:\/\/www.bluehouse.fr\/JB6\/carnet-de-vol\/wp-json\/wp\/v2\/users\/57"}],"replies":[{"embeddable":true,"href":"https:\/\/www.bluehouse.fr\/JB6\/carnet-de-vol\/wp-json\/wp\/v2\/comments?post=246522"}],"version-history":[{"count":9,"href":"https:\/\/www.bluehouse.fr\/JB6\/carnet-de-vol\/wp-json\/wp\/v2\/posts\/246522\/revisions"}],"predecessor-version":[{"id":246533,"href":"https:\/\/www.bluehouse.fr\/JB6\/carnet-de-vol\/wp-json\/wp\/v2\/posts\/246522\/revisions\/246533"}],"wp:featuredmedia":[{"embeddable":true,"href":"https:\/\/www.bluehouse.fr\/JB6\/carnet-de-vol\/wp-json\/wp\/v2\/media\/246513"}],"wp:attachment":[{"href":"https:\/\/www.bluehouse.fr\/JB6\/carnet-de-vol\/wp-json\/wp\/v2\/media?parent=246522"}],"wp:term":[{"taxonomy":"category","embeddable":true,"href":"https:\/\/www.bluehouse.fr\/JB6\/carnet-de-vol\/wp-json\/wp\/v2\/categories?post=246522"},{"taxonomy":"post_tag","embeddable":true,"href":"https:\/\/www.bluehouse.fr\/JB6\/carnet-de-vol\/wp-json\/wp\/v2\/tags?post=246522"}],"curies":[{"name":"wp","href":"https:\/\/api.w.org\/{rel}","templated":true}]}}