{"id":245379,"date":"2025-04-14T09:16:28","date_gmt":"2025-04-14T07:16:28","guid":{"rendered":"https:\/\/www.bluehouse.fr\/JB6\/carnet-de-vol\/?p=245379"},"modified":"2025-04-22T09:31:09","modified_gmt":"2025-04-22T07:31:09","slug":"2-lignes-ou-3-lignes","status":"publish","type":"post","link":"https:\/\/www.bluehouse.fr\/JB6\/carnet-de-vol\/2025\/04\/14\/2-lignes-ou-3-lignes\/","title":{"rendered":"2 lignes ou 3 lignes"},"content":{"rendered":"<p>[et_pb_section fb_built=&#8221;1&#8243; _builder_version=&#8221;4.27.4&#8243; _module_preset=&#8221;default&#8221; custom_padding=&#8221;11px|||||&#8221; da_disable_devices=&#8221;off|off|off&#8221; global_colors_info=&#8221;{}&#8221; theme_builder_area=&#8221;post_content&#8221; da_is_popup=&#8221;off&#8221; da_exit_intent=&#8221;off&#8221; da_has_close=&#8221;on&#8221; da_alt_close=&#8221;off&#8221; da_dark_close=&#8221;off&#8221; da_not_modal=&#8221;on&#8221; da_is_singular=&#8221;off&#8221; da_with_loader=&#8221;off&#8221; da_has_shadow=&#8221;on&#8221;][et_pb_row _builder_version=&#8221;4.27.4&#8243; _module_preset=&#8221;default&#8221; global_colors_info=&#8221;{}&#8221; theme_builder_area=&#8221;post_content&#8221;][et_pb_column type=&#8221;4_4&#8243; _builder_version=&#8221;4.27.4&#8243; _module_preset=&#8221;default&#8221; global_colors_info=&#8221;{}&#8221; theme_builder_area=&#8221;post_content&#8221;][et_pb_text _builder_version=&#8221;4.27.4&#8243; _module_preset=&#8221;default&#8221; global_colors_info=&#8221;{}&#8221; theme_builder_area=&#8221;post_content&#8221;]<\/p>\n<p>Lu dans le courrier des lecteurs de Parapente Mag N\u00b0 219<\/p>\n<p><em>2 OU 3 LIGNES ?<\/em><\/p>\n<p><em>Le test de Marc Boyer sur la Sigma DLS dans votre dernier num\u00e9ro m&#8217;a confirm\u00e9 dans mon ressenti. En effet, l&#8217;an dernier j&#8217;ai troqu\u00e9 ma 3 lignes contre une 2 lignes, me laissant tenter par cette tendance. Et j&#8217;avoue que je n&#8217;ai pas \u00e9t\u00e9 emball\u00e9 plus que \u00e7\u00e0 \u00e0 l&#8217;usage, que ce soit en vol, ou au sol, dans la manipulation, la maniabilit\u00e9 etc. Je n&#8217;ai tout simplement pas retrouv\u00e9 les sensations que j&#8217;avais sous ma 3 lignes.<\/em><\/p>\n<p><em>Certes, les 2 lignes repoussent un peu plus loin le seuil de fermeture, ce qui est une bonne chose, mais je ne me sentais pas \u00e0 l&#8217;aise en vol, \u00e0 cause de cette rigidit\u00e9 sous la 2 lignes, qui ne transmettait pas autant que ma pr\u00e9c\u00e9dente 3 lignes. Bien s\u00fbr, moins il y a de suspente, moins il y a de train\u00e9e, mais est-ce vraiment si important que \u00e7\u00e0 ? Perturb\u00e9, j&#8217;ai m\u00eame song\u00e9 \u00e0 arr\u00eater le parapente. Mais finalement j&#8217;ai revendu ma 2 lignes pour reprendre ma 3 lignes, n&#8217;ayant plus rien \u00e0 prouver, si ce n&#8217;est de me faire plaisir en vol d\u00e8s que les conditions le permettent, sans pression, sans repousser le curseur un peu plus loin. Car il ne faut pas se mentir, bien qu\u2019elles soient d&#8217;une \u00e9tonnante facilit\u00e9, les 2 lignes ont une exigence tout de m\u00eame bien diff\u00e9rente.<\/em><br \/><em>Daniel Bauer<\/em><\/p>\n<p>[\/et_pb_text][et_pb_divider _builder_version=&#8221;4.27.4&#8243; _module_preset=&#8221;default&#8221; custom_margin=&#8221;||8px|||&#8221; global_colors_info=&#8221;{}&#8221; theme_builder_area=&#8221;post_content&#8221;][\/et_pb_divider][et_pb_text _builder_version=&#8221;4.27.4&#8243; _module_preset=&#8221;default&#8221; hover_enabled=&#8221;0&#8243; global_colors_info=&#8221;{}&#8221; theme_builder_area=&#8221;post_content&#8221; sticky_enabled=&#8221;0&#8243;]<\/p>\n<p>Je vole depuis 2 saisons sous une 2 lignes EN C, une Photon ML Ozone. J&#8217;ai 50 ans d&#8217;exp\u00e9rience de Vol Libre et je suis 11\u00e8me au classement national Sport en 2024.<br \/>Voil\u00e0 ce que j&#8217;en pense :<\/p>\n<p><strong>2 ou 3 lignes ? Une question de niveau et d\u2019adaptation<\/strong><\/p>\n<p>Le t\u00e9moignage de Daniel Bauer refl\u00e8te clairement l\u2019exp\u00e9rience d\u2019un pilote qui n\u2019a pas trouv\u00e9 ses marques sous une aile en 2 lignes. Cela peut se comprendre, mais il est important de remettre les choses en contexte.<\/p>\n<p>Tout d\u2019abord, l\u2019auteur ne pr\u00e9cise ni la marque ni le mod\u00e8le de sa nouvelle aile en 2 lignes, ni ceux de son ancienne aile en 3 lignes. \u00c9tait-ce un passage d\u2019une EN B \u00e0 une EN C ? Difficile de juger sans ces \u00e9l\u00e9ments, mais cette information est essentielle pour comprendre l\u2019\u00e9cart de niveau de pilotage exig\u00e9.<\/p>\n<p>Les ailes 2 lignes, sont avant tout destin\u00e9es \u00e0 des pilotes exp\u00e9riment\u00e9s, souvent engag\u00e9s en comp\u00e9tition ou en cross de haut niveau. Leur pilotage est tr\u00e8s sp\u00e9cifique : il est imp\u00e9ratif de voler acc\u00e9l\u00e9r\u00e9 au premier barreau (environ 1\/3 de la course), m\u00eame en conditions turbulentes. Dans cette configuration, l\u2019aile gagne en solidit\u00e9 et en stabilit\u00e9. Le pilotage ne se fait alors plus aux freins, mais uniquement par les \u00e9l\u00e9vateurs B et la modulation de l\u2019acc\u00e9l\u00e9rateur. C\u2019est un changement complet de philosophie par rapport \u00e0 une 3 lignes, et il faut un certain temps d\u2019adaptation.<\/p>\n<p>Essayer de piloter une 2 lignes comme une 3 lignes, c\u2019est aller au-devant d\u2019une mauvaise exp\u00e9rience. Si ce fut le cas ici, la d\u00e9cision de revendre cette aile \u00e9tait sans doute la bonne.<\/p>\n<p>Cela ne remet pas en cause les qualit\u00e9s des ailes en 2 lignes, mais souligne qu\u2019elles ne sont pas con\u00e7ues pour tout le monde. \u00c0 chaque pilote son niveau, ses pr\u00e9f\u00e9rences, ses sensations. L\u2019important, en vol, reste de se sentir bien\u2026 et en s\u00e9curit\u00e9.<\/p>\n<p>Jacques<\/p>\n<p>[\/et_pb_text][\/et_pb_column][\/et_pb_row][\/et_pb_section]<\/p>\n","protected":false},"excerpt":{"rendered":"<p>Lu dans le courrier des lecteurs de Parapente Mag N\u00b0 219 2 OU 3 LIGNES ? Le test de Marc Boyer sur la Sigma DLS dans votre dernier num\u00e9ro m&#8217;a confirm\u00e9 dans mon ressenti. En effet, l&#8217;an dernier j&#8217;ai troqu\u00e9 ma 3 lignes contre une 2 lignes, me laissant tenter par cette tendance. Et j&#8217;avoue [&hellip;]<\/p>\n","protected":false},"author":57,"featured_media":245394,"comment_status":"open","ping_status":"open","sticky":false,"template":"","format":"standard","meta":{"_et_pb_use_builder":"on","_et_pb_old_content":"","_et_gb_content_width":"","_jetpack_memberships_contains_paid_content":false,"_joinchat":[],"footnotes":""},"categories":[139],"tags":[],"class_list":["post-245379","post","type-post","status-publish","format-standard","has-post-thumbnail","hentry","category-news"],"yoast_head":"<!-- This site is optimized with the Yoast SEO plugin v27.5 - https:\/\/yoast.com\/product\/yoast-seo-wordpress\/ -->\n<title>2 lignes ou 3 lignes - Carnet de Vol<\/title>\n<meta name=\"robots\" content=\"index, follow, max-snippet:-1, max-image-preview:large, max-video-preview:-1\" \/>\n<link rel=\"canonical\" href=\"https:\/\/www.bluehouse.fr\/JB6\/carnet-de-vol\/2025\/04\/14\/2-lignes-ou-3-lignes\/\" \/>\n<meta property=\"og:locale\" content=\"fr_FR\" \/>\n<meta property=\"og:type\" content=\"article\" \/>\n<meta property=\"og:title\" content=\"2 lignes ou 3 lignes - Carnet de Vol\" \/>\n<meta property=\"og:description\" content=\"Lu dans le courrier des lecteurs de Parapente Mag N\u00b0 219 2 OU 3 LIGNES ? Le test de Marc Boyer sur la Sigma DLS dans votre dernier num\u00e9ro m&#039;a confirm\u00e9 dans mon ressenti. En effet, l&#039;an dernier j&#039;ai troqu\u00e9 ma 3 lignes contre une 2 lignes, me laissant tenter par cette tendance. Et j&#039;avoue [&hellip;]\" \/>\n<meta property=\"og:url\" content=\"https:\/\/www.bluehouse.fr\/JB6\/carnet-de-vol\/2025\/04\/14\/2-lignes-ou-3-lignes\/\" \/>\n<meta property=\"og:site_name\" content=\"Carnet de Vol\" \/>\n<meta property=\"article:published_time\" content=\"2025-04-14T07:16:28+00:00\" \/>\n<meta property=\"article:modified_time\" content=\"2025-04-22T07:31:09+00:00\" \/>\n<meta property=\"og:image\" content=\"https:\/\/www.bluehouse.fr\/JB6\/carnet-de-vol\/wp-content\/uploads\/2025\/04\/ozone.jpg\" \/>\n\t<meta property=\"og:image:width\" content=\"1080\" \/>\n\t<meta property=\"og:image:height\" content=\"720\" \/>\n\t<meta property=\"og:image:type\" content=\"image\/jpeg\" \/>\n<meta name=\"author\" content=\"Jacques Bayol\" \/>\n<meta name=\"twitter:card\" content=\"summary_large_image\" \/>\n<meta name=\"twitter:label1\" content=\"\u00c9crit par\" \/>\n\t<meta name=\"twitter:data1\" content=\"Jacques Bayol\" \/>\n\t<meta name=\"twitter:label2\" content=\"Dur\u00e9e de lecture estim\u00e9e\" \/>\n\t<meta name=\"twitter:data2\" content=\"4 minutes\" \/>\n<script type=\"application\/ld+json\" class=\"yoast-schema-graph\">{\"@context\":\"https:\\\/\\\/schema.org\",\"@graph\":[{\"@type\":\"Article\",\"@id\":\"https:\\\/\\\/www.bluehouse.fr\\\/JB6\\\/carnet-de-vol\\\/2025\\\/04\\\/14\\\/2-lignes-ou-3-lignes\\\/#article\",\"isPartOf\":{\"@id\":\"https:\\\/\\\/www.bluehouse.fr\\\/JB6\\\/carnet-de-vol\\\/2025\\\/04\\\/14\\\/2-lignes-ou-3-lignes\\\/\"},\"author\":{\"name\":\"Jacques Bayol\",\"@id\":\"https:\\\/\\\/www.bluehouse.fr\\\/JB6\\\/carnet-de-vol\\\/#\\\/schema\\\/person\\\/5d86adbd628adb05f7f8b7b24afe7187\"},\"headline\":\"2 lignes ou 3 lignes\",\"datePublished\":\"2025-04-14T07:16:28+00:00\",\"dateModified\":\"2025-04-22T07:31:09+00:00\",\"mainEntityOfPage\":{\"@id\":\"https:\\\/\\\/www.bluehouse.fr\\\/JB6\\\/carnet-de-vol\\\/2025\\\/04\\\/14\\\/2-lignes-ou-3-lignes\\\/\"},\"wordCount\":738,\"commentCount\":0,\"publisher\":{\"@id\":\"https:\\\/\\\/www.bluehouse.fr\\\/JB6\\\/carnet-de-vol\\\/#organization\"},\"image\":{\"@id\":\"https:\\\/\\\/www.bluehouse.fr\\\/JB6\\\/carnet-de-vol\\\/2025\\\/04\\\/14\\\/2-lignes-ou-3-lignes\\\/#primaryimage\"},\"thumbnailUrl\":\"https:\\\/\\\/www.bluehouse.fr\\\/JB6\\\/carnet-de-vol\\\/wp-content\\\/uploads\\\/2025\\\/04\\\/ozone.jpg\",\"articleSection\":[\"news\"],\"inLanguage\":\"fr-FR\",\"potentialAction\":[{\"@type\":\"CommentAction\",\"name\":\"Comment\",\"target\":[\"https:\\\/\\\/www.bluehouse.fr\\\/JB6\\\/carnet-de-vol\\\/2025\\\/04\\\/14\\\/2-lignes-ou-3-lignes\\\/#respond\"]}]},{\"@type\":\"WebPage\",\"@id\":\"https:\\\/\\\/www.bluehouse.fr\\\/JB6\\\/carnet-de-vol\\\/2025\\\/04\\\/14\\\/2-lignes-ou-3-lignes\\\/\",\"url\":\"https:\\\/\\\/www.bluehouse.fr\\\/JB6\\\/carnet-de-vol\\\/2025\\\/04\\\/14\\\/2-lignes-ou-3-lignes\\\/\",\"name\":\"2 lignes ou 3 lignes - Carnet de Vol\",\"isPartOf\":{\"@id\":\"https:\\\/\\\/www.bluehouse.fr\\\/JB6\\\/carnet-de-vol\\\/#website\"},\"primaryImageOfPage\":{\"@id\":\"https:\\\/\\\/www.bluehouse.fr\\\/JB6\\\/carnet-de-vol\\\/2025\\\/04\\\/14\\\/2-lignes-ou-3-lignes\\\/#primaryimage\"},\"image\":{\"@id\":\"https:\\\/\\\/www.bluehouse.fr\\\/JB6\\\/carnet-de-vol\\\/2025\\\/04\\\/14\\\/2-lignes-ou-3-lignes\\\/#primaryimage\"},\"thumbnailUrl\":\"https:\\\/\\\/www.bluehouse.fr\\\/JB6\\\/carnet-de-vol\\\/wp-content\\\/uploads\\\/2025\\\/04\\\/ozone.jpg\",\"datePublished\":\"2025-04-14T07:16:28+00:00\",\"dateModified\":\"2025-04-22T07:31:09+00:00\",\"breadcrumb\":{\"@id\":\"https:\\\/\\\/www.bluehouse.fr\\\/JB6\\\/carnet-de-vol\\\/2025\\\/04\\\/14\\\/2-lignes-ou-3-lignes\\\/#breadcrumb\"},\"inLanguage\":\"fr-FR\",\"potentialAction\":[{\"@type\":\"ReadAction\",\"target\":[\"https:\\\/\\\/www.bluehouse.fr\\\/JB6\\\/carnet-de-vol\\\/2025\\\/04\\\/14\\\/2-lignes-ou-3-lignes\\\/\"]}]},{\"@type\":\"ImageObject\",\"inLanguage\":\"fr-FR\",\"@id\":\"https:\\\/\\\/www.bluehouse.fr\\\/JB6\\\/carnet-de-vol\\\/2025\\\/04\\\/14\\\/2-lignes-ou-3-lignes\\\/#primaryimage\",\"url\":\"https:\\\/\\\/www.bluehouse.fr\\\/JB6\\\/carnet-de-vol\\\/wp-content\\\/uploads\\\/2025\\\/04\\\/ozone.jpg\",\"contentUrl\":\"https:\\\/\\\/www.bluehouse.fr\\\/JB6\\\/carnet-de-vol\\\/wp-content\\\/uploads\\\/2025\\\/04\\\/ozone.jpg\",\"width\":1080,\"height\":720},{\"@type\":\"BreadcrumbList\",\"@id\":\"https:\\\/\\\/www.bluehouse.fr\\\/JB6\\\/carnet-de-vol\\\/2025\\\/04\\\/14\\\/2-lignes-ou-3-lignes\\\/#breadcrumb\",\"itemListElement\":[{\"@type\":\"ListItem\",\"position\":1,\"name\":\"Accueil\",\"item\":\"https:\\\/\\\/www.bluehouse.fr\\\/JB6\\\/carnet-de-vol\\\/\"},{\"@type\":\"ListItem\",\"position\":2,\"name\":\"2 lignes ou 3 lignes\"}]},{\"@type\":\"WebSite\",\"@id\":\"https:\\\/\\\/www.bluehouse.fr\\\/JB6\\\/carnet-de-vol\\\/#website\",\"url\":\"https:\\\/\\\/www.bluehouse.fr\\\/JB6\\\/carnet-de-vol\\\/\",\"name\":\"Carnet de Vol\",\"description\":\"Carnet de Vol Parapente\",\"publisher\":{\"@id\":\"https:\\\/\\\/www.bluehouse.fr\\\/JB6\\\/carnet-de-vol\\\/#organization\"},\"potentialAction\":[{\"@type\":\"SearchAction\",\"target\":{\"@type\":\"EntryPoint\",\"urlTemplate\":\"https:\\\/\\\/www.bluehouse.fr\\\/JB6\\\/carnet-de-vol\\\/?s={search_term_string}\"},\"query-input\":{\"@type\":\"PropertyValueSpecification\",\"valueRequired\":true,\"valueName\":\"search_term_string\"}}],\"inLanguage\":\"fr-FR\"},{\"@type\":\"Organization\",\"@id\":\"https:\\\/\\\/www.bluehouse.fr\\\/JB6\\\/carnet-de-vol\\\/#organization\",\"name\":\"Carnet de Vol\",\"url\":\"https:\\\/\\\/www.bluehouse.fr\\\/JB6\\\/carnet-de-vol\\\/\",\"logo\":{\"@type\":\"ImageObject\",\"inLanguage\":\"fr-FR\",\"@id\":\"https:\\\/\\\/www.bluehouse.fr\\\/JB6\\\/carnet-de-vol\\\/#\\\/schema\\\/logo\\\/image\\\/\",\"url\":\"https:\\\/\\\/www.bluehouse.fr\\\/JB6\\\/carnet-de-vol\\\/wp-content\\\/uploads\\\/2023\\\/11\\\/logo.png\",\"contentUrl\":\"https:\\\/\\\/www.bluehouse.fr\\\/JB6\\\/carnet-de-vol\\\/wp-content\\\/uploads\\\/2023\\\/11\\\/logo.png\",\"width\":400,\"height\":400,\"caption\":\"Carnet de Vol\"},\"image\":{\"@id\":\"https:\\\/\\\/www.bluehouse.fr\\\/JB6\\\/carnet-de-vol\\\/#\\\/schema\\\/logo\\\/image\\\/\"}},{\"@type\":\"Person\",\"@id\":\"https:\\\/\\\/www.bluehouse.fr\\\/JB6\\\/carnet-de-vol\\\/#\\\/schema\\\/person\\\/5d86adbd628adb05f7f8b7b24afe7187\",\"name\":\"Jacques Bayol\",\"image\":{\"@type\":\"ImageObject\",\"inLanguage\":\"fr-FR\",\"@id\":\"https:\\\/\\\/secure.gravatar.com\\\/avatar\\\/15bcc0a70bbdf1d887a3eba73fa1a16a018cf14529c2d51827403d81e6a05255?s=96&d=mm&r=g\",\"url\":\"https:\\\/\\\/secure.gravatar.com\\\/avatar\\\/15bcc0a70bbdf1d887a3eba73fa1a16a018cf14529c2d51827403d81e6a05255?s=96&d=mm&r=g\",\"contentUrl\":\"https:\\\/\\\/secure.gravatar.com\\\/avatar\\\/15bcc0a70bbdf1d887a3eba73fa1a16a018cf14529c2d51827403d81e6a05255?s=96&d=mm&r=g\",\"caption\":\"Jacques Bayol\"},\"description\":\"Pilote de vol libre depuis 1974, modeste webmaster de ce site.\",\"url\":\"https:\\\/\\\/www.bluehouse.fr\\\/JB6\\\/carnet-de-vol\\\/author\\\/jack\\\/\"}]}<\/script>\n<!-- \/ Yoast SEO plugin. -->","yoast_head_json":{"title":"2 lignes ou 3 lignes - Carnet de Vol","robots":{"index":"index","follow":"follow","max-snippet":"max-snippet:-1","max-image-preview":"max-image-preview:large","max-video-preview":"max-video-preview:-1"},"canonical":"https:\/\/www.bluehouse.fr\/JB6\/carnet-de-vol\/2025\/04\/14\/2-lignes-ou-3-lignes\/","og_locale":"fr_FR","og_type":"article","og_title":"2 lignes ou 3 lignes - Carnet de Vol","og_description":"Lu dans le courrier des lecteurs de Parapente Mag N\u00b0 219 2 OU 3 LIGNES ? Le test de Marc Boyer sur la Sigma DLS dans votre dernier num\u00e9ro m'a confirm\u00e9 dans mon ressenti. En effet, l'an dernier j'ai troqu\u00e9 ma 3 lignes contre une 2 lignes, me laissant tenter par cette tendance. Et j'avoue [&hellip;]","og_url":"https:\/\/www.bluehouse.fr\/JB6\/carnet-de-vol\/2025\/04\/14\/2-lignes-ou-3-lignes\/","og_site_name":"Carnet de Vol","article_published_time":"2025-04-14T07:16:28+00:00","article_modified_time":"2025-04-22T07:31:09+00:00","og_image":[{"width":1080,"height":720,"url":"https:\/\/www.bluehouse.fr\/JB6\/carnet-de-vol\/wp-content\/uploads\/2025\/04\/ozone.jpg","type":"image\/jpeg"}],"author":"Jacques Bayol","twitter_card":"summary_large_image","twitter_misc":{"\u00c9crit par":"Jacques Bayol","Dur\u00e9e de lecture estim\u00e9e":"4 minutes"},"schema":{"@context":"https:\/\/schema.org","@graph":[{"@type":"Article","@id":"https:\/\/www.bluehouse.fr\/JB6\/carnet-de-vol\/2025\/04\/14\/2-lignes-ou-3-lignes\/#article","isPartOf":{"@id":"https:\/\/www.bluehouse.fr\/JB6\/carnet-de-vol\/2025\/04\/14\/2-lignes-ou-3-lignes\/"},"author":{"name":"Jacques Bayol","@id":"https:\/\/www.bluehouse.fr\/JB6\/carnet-de-vol\/#\/schema\/person\/5d86adbd628adb05f7f8b7b24afe7187"},"headline":"2 lignes ou 3 lignes","datePublished":"2025-04-14T07:16:28+00:00","dateModified":"2025-04-22T07:31:09+00:00","mainEntityOfPage":{"@id":"https:\/\/www.bluehouse.fr\/JB6\/carnet-de-vol\/2025\/04\/14\/2-lignes-ou-3-lignes\/"},"wordCount":738,"commentCount":0,"publisher":{"@id":"https:\/\/www.bluehouse.fr\/JB6\/carnet-de-vol\/#organization"},"image":{"@id":"https:\/\/www.bluehouse.fr\/JB6\/carnet-de-vol\/2025\/04\/14\/2-lignes-ou-3-lignes\/#primaryimage"},"thumbnailUrl":"https:\/\/www.bluehouse.fr\/JB6\/carnet-de-vol\/wp-content\/uploads\/2025\/04\/ozone.jpg","articleSection":["news"],"inLanguage":"fr-FR","potentialAction":[{"@type":"CommentAction","name":"Comment","target":["https:\/\/www.bluehouse.fr\/JB6\/carnet-de-vol\/2025\/04\/14\/2-lignes-ou-3-lignes\/#respond"]}]},{"@type":"WebPage","@id":"https:\/\/www.bluehouse.fr\/JB6\/carnet-de-vol\/2025\/04\/14\/2-lignes-ou-3-lignes\/","url":"https:\/\/www.bluehouse.fr\/JB6\/carnet-de-vol\/2025\/04\/14\/2-lignes-ou-3-lignes\/","name":"2 lignes ou 3 lignes - Carnet de Vol","isPartOf":{"@id":"https:\/\/www.bluehouse.fr\/JB6\/carnet-de-vol\/#website"},"primaryImageOfPage":{"@id":"https:\/\/www.bluehouse.fr\/JB6\/carnet-de-vol\/2025\/04\/14\/2-lignes-ou-3-lignes\/#primaryimage"},"image":{"@id":"https:\/\/www.bluehouse.fr\/JB6\/carnet-de-vol\/2025\/04\/14\/2-lignes-ou-3-lignes\/#primaryimage"},"thumbnailUrl":"https:\/\/www.bluehouse.fr\/JB6\/carnet-de-vol\/wp-content\/uploads\/2025\/04\/ozone.jpg","datePublished":"2025-04-14T07:16:28+00:00","dateModified":"2025-04-22T07:31:09+00:00","breadcrumb":{"@id":"https:\/\/www.bluehouse.fr\/JB6\/carnet-de-vol\/2025\/04\/14\/2-lignes-ou-3-lignes\/#breadcrumb"},"inLanguage":"fr-FR","potentialAction":[{"@type":"ReadAction","target":["https:\/\/www.bluehouse.fr\/JB6\/carnet-de-vol\/2025\/04\/14\/2-lignes-ou-3-lignes\/"]}]},{"@type":"ImageObject","inLanguage":"fr-FR","@id":"https:\/\/www.bluehouse.fr\/JB6\/carnet-de-vol\/2025\/04\/14\/2-lignes-ou-3-lignes\/#primaryimage","url":"https:\/\/www.bluehouse.fr\/JB6\/carnet-de-vol\/wp-content\/uploads\/2025\/04\/ozone.jpg","contentUrl":"https:\/\/www.bluehouse.fr\/JB6\/carnet-de-vol\/wp-content\/uploads\/2025\/04\/ozone.jpg","width":1080,"height":720},{"@type":"BreadcrumbList","@id":"https:\/\/www.bluehouse.fr\/JB6\/carnet-de-vol\/2025\/04\/14\/2-lignes-ou-3-lignes\/#breadcrumb","itemListElement":[{"@type":"ListItem","position":1,"name":"Accueil","item":"https:\/\/www.bluehouse.fr\/JB6\/carnet-de-vol\/"},{"@type":"ListItem","position":2,"name":"2 lignes ou 3 lignes"}]},{"@type":"WebSite","@id":"https:\/\/www.bluehouse.fr\/JB6\/carnet-de-vol\/#website","url":"https:\/\/www.bluehouse.fr\/JB6\/carnet-de-vol\/","name":"Carnet de Vol","description":"Carnet de Vol Parapente","publisher":{"@id":"https:\/\/www.bluehouse.fr\/JB6\/carnet-de-vol\/#organization"},"potentialAction":[{"@type":"SearchAction","target":{"@type":"EntryPoint","urlTemplate":"https:\/\/www.bluehouse.fr\/JB6\/carnet-de-vol\/?s={search_term_string}"},"query-input":{"@type":"PropertyValueSpecification","valueRequired":true,"valueName":"search_term_string"}}],"inLanguage":"fr-FR"},{"@type":"Organization","@id":"https:\/\/www.bluehouse.fr\/JB6\/carnet-de-vol\/#organization","name":"Carnet de Vol","url":"https:\/\/www.bluehouse.fr\/JB6\/carnet-de-vol\/","logo":{"@type":"ImageObject","inLanguage":"fr-FR","@id":"https:\/\/www.bluehouse.fr\/JB6\/carnet-de-vol\/#\/schema\/logo\/image\/","url":"https:\/\/www.bluehouse.fr\/JB6\/carnet-de-vol\/wp-content\/uploads\/2023\/11\/logo.png","contentUrl":"https:\/\/www.bluehouse.fr\/JB6\/carnet-de-vol\/wp-content\/uploads\/2023\/11\/logo.png","width":400,"height":400,"caption":"Carnet de Vol"},"image":{"@id":"https:\/\/www.bluehouse.fr\/JB6\/carnet-de-vol\/#\/schema\/logo\/image\/"}},{"@type":"Person","@id":"https:\/\/www.bluehouse.fr\/JB6\/carnet-de-vol\/#\/schema\/person\/5d86adbd628adb05f7f8b7b24afe7187","name":"Jacques Bayol","image":{"@type":"ImageObject","inLanguage":"fr-FR","@id":"https:\/\/secure.gravatar.com\/avatar\/15bcc0a70bbdf1d887a3eba73fa1a16a018cf14529c2d51827403d81e6a05255?s=96&d=mm&r=g","url":"https:\/\/secure.gravatar.com\/avatar\/15bcc0a70bbdf1d887a3eba73fa1a16a018cf14529c2d51827403d81e6a05255?s=96&d=mm&r=g","contentUrl":"https:\/\/secure.gravatar.com\/avatar\/15bcc0a70bbdf1d887a3eba73fa1a16a018cf14529c2d51827403d81e6a05255?s=96&d=mm&r=g","caption":"Jacques Bayol"},"description":"Pilote de vol libre depuis 1974, modeste webmaster de ce site.","url":"https:\/\/www.bluehouse.fr\/JB6\/carnet-de-vol\/author\/jack\/"}]}},"jetpack_featured_media_url":"https:\/\/www.bluehouse.fr\/JB6\/carnet-de-vol\/wp-content\/uploads\/2025\/04\/ozone.jpg","jetpack_sharing_enabled":true,"_links":{"self":[{"href":"https:\/\/www.bluehouse.fr\/JB6\/carnet-de-vol\/wp-json\/wp\/v2\/posts\/245379","targetHints":{"allow":["GET"]}}],"collection":[{"href":"https:\/\/www.bluehouse.fr\/JB6\/carnet-de-vol\/wp-json\/wp\/v2\/posts"}],"about":[{"href":"https:\/\/www.bluehouse.fr\/JB6\/carnet-de-vol\/wp-json\/wp\/v2\/types\/post"}],"author":[{"embeddable":true,"href":"https:\/\/www.bluehouse.fr\/JB6\/carnet-de-vol\/wp-json\/wp\/v2\/users\/57"}],"replies":[{"embeddable":true,"href":"https:\/\/www.bluehouse.fr\/JB6\/carnet-de-vol\/wp-json\/wp\/v2\/comments?post=245379"}],"version-history":[{"count":11,"href":"https:\/\/www.bluehouse.fr\/JB6\/carnet-de-vol\/wp-json\/wp\/v2\/posts\/245379\/revisions"}],"predecessor-version":[{"id":245402,"href":"https:\/\/www.bluehouse.fr\/JB6\/carnet-de-vol\/wp-json\/wp\/v2\/posts\/245379\/revisions\/245402"}],"wp:featuredmedia":[{"embeddable":true,"href":"https:\/\/www.bluehouse.fr\/JB6\/carnet-de-vol\/wp-json\/wp\/v2\/media\/245394"}],"wp:attachment":[{"href":"https:\/\/www.bluehouse.fr\/JB6\/carnet-de-vol\/wp-json\/wp\/v2\/media?parent=245379"}],"wp:term":[{"taxonomy":"category","embeddable":true,"href":"https:\/\/www.bluehouse.fr\/JB6\/carnet-de-vol\/wp-json\/wp\/v2\/categories?post=245379"},{"taxonomy":"post_tag","embeddable":true,"href":"https:\/\/www.bluehouse.fr\/JB6\/carnet-de-vol\/wp-json\/wp\/v2\/tags?post=245379"}],"curies":[{"name":"wp","href":"https:\/\/api.w.org\/{rel}","templated":true}]}}