{"id":245311,"date":"2025-04-06T09:15:46","date_gmt":"2025-04-06T07:15:46","guid":{"rendered":"https:\/\/www.bluehouse.fr\/JB6\/carnet-de-vol\/?p=245311"},"modified":"2025-04-06T09:36:11","modified_gmt":"2025-04-06T07:36:11","slug":"damien-de-baenst-343-km-depuis-tete-de-la-sallaz-03-08-2022","status":"publish","type":"post","link":"https:\/\/www.bluehouse.fr\/JB6\/carnet-de-vol\/2025\/04\/06\/damien-de-baenst-343-km-depuis-tete-de-la-sallaz-03-08-2022\/","title":{"rendered":"Damien De-Baenst \u2013 343 km depuis T\u00eate de la Sallaz \u2013 03\/08\/2022"},"content":{"rendered":"\n[et_pb_section fb_built=&#8221;1&#8243; _builder_version=&#8221;4.24.2&#8243; _module_preset=&#8221;default&#8221; da_disable_devices=&#8221;off|off|off&#8221; locked=&#8221;off&#8221; global_colors_info=&#8221;{}&#8221; theme_builder_area=&#8221;et_body_layout&#8221; da_is_popup=&#8221;off&#8221; da_exit_intent=&#8221;off&#8221; da_has_close=&#8221;on&#8221; da_alt_close=&#8221;off&#8221; da_dark_close=&#8221;off&#8221; da_not_modal=&#8221;on&#8221; da_is_singular=&#8221;off&#8221; da_with_loader=&#8221;off&#8221; da_has_shadow=&#8221;on&#8221;][et_pb_row column_structure=&#8221;3_5,2_5&#8243; use_custom_gutter=&#8221;on&#8221; gutter_width=&#8221;2&#8243; make_equal=&#8221;on&#8221; _builder_version=&#8221;4.24.2&#8243; _module_preset=&#8221;default&#8221; width=&#8221;100%&#8221; custom_margin=&#8221;-23px||||false|false&#8221; global_colors_info=&#8221;{}&#8221; theme_builder_area=&#8221;et_body_layout&#8221;][et_pb_column type=&#8221;3_5&#8243; _builder_version=&#8221;4.16&#8243; _module_preset=&#8221;default&#8221; global_colors_info=&#8221;{}&#8221; theme_builder_area=&#8221;et_body_layout&#8221;][et_pb_image src=&#8221;https:\/\/www.bluehouse.fr\/JB6\/carnet-de-vol\/wp-content\/uploads\/2024\/03\/capture-2024-03-07-a-19.49.05.jpg&#8221; title_text=&#8221;capture 2024-03-07 a\u0300 19.49.05&#8243; show_in_lightbox=&#8221;on&#8221; _builder_version=&#8221;4.24.2&#8243; _module_preset=&#8221;default&#8221; global_colors_info=&#8221;{}&#8221; theme_builder_area=&#8221;et_body_layout&#8221;][\/et_pb_image][\/et_pb_column][et_pb_column type=&#8221;2_5&#8243; _builder_version=&#8221;4.16&#8243; _module_preset=&#8221;default&#8221; global_colors_info=&#8221;{}&#8221; theme_builder_area=&#8221;et_body_layout&#8221;][et_pb_text _builder_version=&#8221;4.24.2&#8243; _module_preset=&#8221;default&#8221; global_colors_info=&#8221;{}&#8221; theme_builder_area=&#8221;et_body_layout&#8221;]<p>D\u00e9co T\u00eate de la Sallaz\u00a0 9h 36<br \/>Pos\u00e9 Cluses 20h 57<\/p>\n<p>Ozone Enzo 3<\/p>[\/et_pb_text][et_pb_button button_url=&#8221;https:\/\/flyxc.app\/?id=5161684996980736&#8243; url_new_window=&#8221;on&#8221; button_text=&#8221;Voir la trace sur FlyXc&#8221; _builder_version=&#8221;4.24.2&#8243; _module_preset=&#8221;default&#8221; custom_button=&#8221;on&#8221; button_text_size=&#8221;14px&#8221; global_colors_info=&#8221;{}&#8221; theme_builder_area=&#8221;et_body_layout&#8221;][\/et_pb_button][et_pb_button button_url=&#8221;https:\/\/seeyou.cloud\/flight\/dgGeV6ZnjQr65J9n&#8221; url_new_window=&#8221;on&#8221; button_text=&#8221;Voir la trace sur Seeyou&#8221; _builder_version=&#8221;4.24.2&#8243; _module_preset=&#8221;default&#8221; custom_button=&#8221;on&#8221; button_text_size=&#8221;14px&#8221; global_colors_info=&#8221;{}&#8221; theme_builder_area=&#8221;et_body_layout&#8221;][\/et_pb_button][et_pb_button button_url=&#8221;https:\/\/www.sportstracklive.com\/fr\/scene\/a825117f-794d-47ad-87e7-2cf857366158\/&#8221; url_new_window=&#8221;on&#8221; button_text=&#8221;Voir la trace sur SportsTrackLive&#8221; _builder_version=&#8221;4.24.2&#8243; _module_preset=&#8221;default&#8221; custom_button=&#8221;on&#8221; button_text_size=&#8221;14px&#8221; global_colors_info=&#8221;{}&#8221; theme_builder_area=&#8221;et_body_layout&#8221;][\/et_pb_button][\/et_pb_column][\/et_pb_row][\/et_pb_section]\n","protected":false},"excerpt":{"rendered":"<p>D\u00e9co T\u00eate de la Sallaz\u00a0 9h 36Pos\u00e9 Cluses 20h 57 Ozone Enzo 3<\/p>\n","protected":false},"author":57,"featured_media":245315,"comment_status":"open","ping_status":"open","sticky":false,"template":"","format":"standard","meta":{"_et_pb_use_builder":"on","_et_pb_old_content":"","_et_gb_content_width":"","_jetpack_memberships_contains_paid_content":false,"_joinchat":[],"footnotes":""},"categories":[141],"tags":[],"class_list":["post-245311","post","type-post","status-publish","format-standard","has-post-thumbnail","hentry","category-anthologie"],"yoast_head":"<!-- This site is optimized with the Yoast SEO plugin v27.5 - https:\/\/yoast.com\/product\/yoast-seo-wordpress\/ -->\n<title>Damien De-Baenst \u2013 343 km depuis T\u00eate de la Sallaz \u2013 03\/08\/2022 - Carnet de Vol<\/title>\n<meta name=\"robots\" content=\"index, follow, max-snippet:-1, max-image-preview:large, max-video-preview:-1\" \/>\n<link rel=\"canonical\" href=\"https:\/\/www.bluehouse.fr\/JB6\/carnet-de-vol\/2025\/04\/06\/damien-de-baenst-343-km-depuis-tete-de-la-sallaz-03-08-2022\/\" \/>\n<meta property=\"og:locale\" content=\"fr_FR\" \/>\n<meta property=\"og:type\" content=\"article\" \/>\n<meta property=\"og:title\" content=\"Damien De-Baenst \u2013 343 km depuis T\u00eate de la Sallaz \u2013 03\/08\/2022 - Carnet de Vol\" \/>\n<meta property=\"og:description\" content=\"D\u00e9co T\u00eate de la Sallaz\u00a0 9h 36Pos\u00e9 Cluses 20h 57 Ozone Enzo 3\" \/>\n<meta property=\"og:url\" content=\"https:\/\/www.bluehouse.fr\/JB6\/carnet-de-vol\/2025\/04\/06\/damien-de-baenst-343-km-depuis-tete-de-la-sallaz-03-08-2022\/\" \/>\n<meta property=\"og:site_name\" content=\"Carnet de Vol\" \/>\n<meta property=\"article:published_time\" content=\"2025-04-06T07:15:46+00:00\" \/>\n<meta property=\"article:modified_time\" content=\"2025-04-06T07:36:11+00:00\" \/>\n<meta property=\"og:image\" content=\"https:\/\/www.bluehouse.fr\/JB6\/carnet-de-vol\/wp-content\/uploads\/2025\/04\/damien.jpg\" \/>\n\t<meta property=\"og:image:width\" content=\"1276\" \/>\n\t<meta property=\"og:image:height\" content=\"1140\" \/>\n\t<meta property=\"og:image:type\" content=\"image\/jpeg\" \/>\n<meta name=\"author\" content=\"Jacques Bayol\" \/>\n<meta name=\"twitter:card\" content=\"summary_large_image\" \/>\n<meta name=\"twitter:label1\" content=\"\u00c9crit par\" \/>\n\t<meta name=\"twitter:data1\" content=\"Jacques Bayol\" \/>\n\t<meta name=\"twitter:label2\" content=\"Dur\u00e9e de lecture estim\u00e9e\" \/>\n\t<meta name=\"twitter:data2\" content=\"1 minute\" \/>\n<script type=\"application\/ld+json\" class=\"yoast-schema-graph\">{\"@context\":\"https:\\\/\\\/schema.org\",\"@graph\":[{\"@type\":\"Article\",\"@id\":\"https:\\\/\\\/www.bluehouse.fr\\\/JB6\\\/carnet-de-vol\\\/2025\\\/04\\\/06\\\/damien-de-baenst-343-km-depuis-tete-de-la-sallaz-03-08-2022\\\/#article\",\"isPartOf\":{\"@id\":\"https:\\\/\\\/www.bluehouse.fr\\\/JB6\\\/carnet-de-vol\\\/2025\\\/04\\\/06\\\/damien-de-baenst-343-km-depuis-tete-de-la-sallaz-03-08-2022\\\/\"},\"author\":{\"name\":\"Jacques Bayol\",\"@id\":\"https:\\\/\\\/www.bluehouse.fr\\\/JB6\\\/carnet-de-vol\\\/#\\\/schema\\\/person\\\/5d86adbd628adb05f7f8b7b24afe7187\"},\"headline\":\"Damien De-Baenst \u2013 343 km depuis T\u00eate de la Sallaz \u2013 03\\\/08\\\/2022\",\"datePublished\":\"2025-04-06T07:15:46+00:00\",\"dateModified\":\"2025-04-06T07:36:11+00:00\",\"mainEntityOfPage\":{\"@id\":\"https:\\\/\\\/www.bluehouse.fr\\\/JB6\\\/carnet-de-vol\\\/2025\\\/04\\\/06\\\/damien-de-baenst-343-km-depuis-tete-de-la-sallaz-03-08-2022\\\/\"},\"wordCount\":377,\"commentCount\":0,\"publisher\":{\"@id\":\"https:\\\/\\\/www.bluehouse.fr\\\/JB6\\\/carnet-de-vol\\\/#organization\"},\"image\":{\"@id\":\"https:\\\/\\\/www.bluehouse.fr\\\/JB6\\\/carnet-de-vol\\\/2025\\\/04\\\/06\\\/damien-de-baenst-343-km-depuis-tete-de-la-sallaz-03-08-2022\\\/#primaryimage\"},\"thumbnailUrl\":\"https:\\\/\\\/www.bluehouse.fr\\\/JB6\\\/carnet-de-vol\\\/wp-content\\\/uploads\\\/2025\\\/04\\\/damien.jpg\",\"articleSection\":[\"anthologie\"],\"inLanguage\":\"fr-FR\",\"potentialAction\":[{\"@type\":\"CommentAction\",\"name\":\"Comment\",\"target\":[\"https:\\\/\\\/www.bluehouse.fr\\\/JB6\\\/carnet-de-vol\\\/2025\\\/04\\\/06\\\/damien-de-baenst-343-km-depuis-tete-de-la-sallaz-03-08-2022\\\/#respond\"]}]},{\"@type\":\"WebPage\",\"@id\":\"https:\\\/\\\/www.bluehouse.fr\\\/JB6\\\/carnet-de-vol\\\/2025\\\/04\\\/06\\\/damien-de-baenst-343-km-depuis-tete-de-la-sallaz-03-08-2022\\\/\",\"url\":\"https:\\\/\\\/www.bluehouse.fr\\\/JB6\\\/carnet-de-vol\\\/2025\\\/04\\\/06\\\/damien-de-baenst-343-km-depuis-tete-de-la-sallaz-03-08-2022\\\/\",\"name\":\"Damien De-Baenst \u2013 343 km depuis T\u00eate de la Sallaz \u2013 03\\\/08\\\/2022 - Carnet de Vol\",\"isPartOf\":{\"@id\":\"https:\\\/\\\/www.bluehouse.fr\\\/JB6\\\/carnet-de-vol\\\/#website\"},\"primaryImageOfPage\":{\"@id\":\"https:\\\/\\\/www.bluehouse.fr\\\/JB6\\\/carnet-de-vol\\\/2025\\\/04\\\/06\\\/damien-de-baenst-343-km-depuis-tete-de-la-sallaz-03-08-2022\\\/#primaryimage\"},\"image\":{\"@id\":\"https:\\\/\\\/www.bluehouse.fr\\\/JB6\\\/carnet-de-vol\\\/2025\\\/04\\\/06\\\/damien-de-baenst-343-km-depuis-tete-de-la-sallaz-03-08-2022\\\/#primaryimage\"},\"thumbnailUrl\":\"https:\\\/\\\/www.bluehouse.fr\\\/JB6\\\/carnet-de-vol\\\/wp-content\\\/uploads\\\/2025\\\/04\\\/damien.jpg\",\"datePublished\":\"2025-04-06T07:15:46+00:00\",\"dateModified\":\"2025-04-06T07:36:11+00:00\",\"breadcrumb\":{\"@id\":\"https:\\\/\\\/www.bluehouse.fr\\\/JB6\\\/carnet-de-vol\\\/2025\\\/04\\\/06\\\/damien-de-baenst-343-km-depuis-tete-de-la-sallaz-03-08-2022\\\/#breadcrumb\"},\"inLanguage\":\"fr-FR\",\"potentialAction\":[{\"@type\":\"ReadAction\",\"target\":[\"https:\\\/\\\/www.bluehouse.fr\\\/JB6\\\/carnet-de-vol\\\/2025\\\/04\\\/06\\\/damien-de-baenst-343-km-depuis-tete-de-la-sallaz-03-08-2022\\\/\"]}]},{\"@type\":\"ImageObject\",\"inLanguage\":\"fr-FR\",\"@id\":\"https:\\\/\\\/www.bluehouse.fr\\\/JB6\\\/carnet-de-vol\\\/2025\\\/04\\\/06\\\/damien-de-baenst-343-km-depuis-tete-de-la-sallaz-03-08-2022\\\/#primaryimage\",\"url\":\"https:\\\/\\\/www.bluehouse.fr\\\/JB6\\\/carnet-de-vol\\\/wp-content\\\/uploads\\\/2025\\\/04\\\/damien.jpg\",\"contentUrl\":\"https:\\\/\\\/www.bluehouse.fr\\\/JB6\\\/carnet-de-vol\\\/wp-content\\\/uploads\\\/2025\\\/04\\\/damien.jpg\",\"width\":1276,\"height\":1140,\"caption\":\"Screenshot\"},{\"@type\":\"BreadcrumbList\",\"@id\":\"https:\\\/\\\/www.bluehouse.fr\\\/JB6\\\/carnet-de-vol\\\/2025\\\/04\\\/06\\\/damien-de-baenst-343-km-depuis-tete-de-la-sallaz-03-08-2022\\\/#breadcrumb\",\"itemListElement\":[{\"@type\":\"ListItem\",\"position\":1,\"name\":\"Accueil\",\"item\":\"https:\\\/\\\/www.bluehouse.fr\\\/JB6\\\/carnet-de-vol\\\/\"},{\"@type\":\"ListItem\",\"position\":2,\"name\":\"Damien De-Baenst \u2013 343 km depuis T\u00eate de la Sallaz \u2013 03\\\/08\\\/2022\"}]},{\"@type\":\"WebSite\",\"@id\":\"https:\\\/\\\/www.bluehouse.fr\\\/JB6\\\/carnet-de-vol\\\/#website\",\"url\":\"https:\\\/\\\/www.bluehouse.fr\\\/JB6\\\/carnet-de-vol\\\/\",\"name\":\"Carnet de Vol\",\"description\":\"Carnet de Vol Parapente\",\"publisher\":{\"@id\":\"https:\\\/\\\/www.bluehouse.fr\\\/JB6\\\/carnet-de-vol\\\/#organization\"},\"potentialAction\":[{\"@type\":\"SearchAction\",\"target\":{\"@type\":\"EntryPoint\",\"urlTemplate\":\"https:\\\/\\\/www.bluehouse.fr\\\/JB6\\\/carnet-de-vol\\\/?s={search_term_string}\"},\"query-input\":{\"@type\":\"PropertyValueSpecification\",\"valueRequired\":true,\"valueName\":\"search_term_string\"}}],\"inLanguage\":\"fr-FR\"},{\"@type\":\"Organization\",\"@id\":\"https:\\\/\\\/www.bluehouse.fr\\\/JB6\\\/carnet-de-vol\\\/#organization\",\"name\":\"Carnet de Vol\",\"url\":\"https:\\\/\\\/www.bluehouse.fr\\\/JB6\\\/carnet-de-vol\\\/\",\"logo\":{\"@type\":\"ImageObject\",\"inLanguage\":\"fr-FR\",\"@id\":\"https:\\\/\\\/www.bluehouse.fr\\\/JB6\\\/carnet-de-vol\\\/#\\\/schema\\\/logo\\\/image\\\/\",\"url\":\"https:\\\/\\\/www.bluehouse.fr\\\/JB6\\\/carnet-de-vol\\\/wp-content\\\/uploads\\\/2023\\\/11\\\/logo.png\",\"contentUrl\":\"https:\\\/\\\/www.bluehouse.fr\\\/JB6\\\/carnet-de-vol\\\/wp-content\\\/uploads\\\/2023\\\/11\\\/logo.png\",\"width\":400,\"height\":400,\"caption\":\"Carnet de Vol\"},\"image\":{\"@id\":\"https:\\\/\\\/www.bluehouse.fr\\\/JB6\\\/carnet-de-vol\\\/#\\\/schema\\\/logo\\\/image\\\/\"}},{\"@type\":\"Person\",\"@id\":\"https:\\\/\\\/www.bluehouse.fr\\\/JB6\\\/carnet-de-vol\\\/#\\\/schema\\\/person\\\/5d86adbd628adb05f7f8b7b24afe7187\",\"name\":\"Jacques Bayol\",\"image\":{\"@type\":\"ImageObject\",\"inLanguage\":\"fr-FR\",\"@id\":\"https:\\\/\\\/secure.gravatar.com\\\/avatar\\\/15bcc0a70bbdf1d887a3eba73fa1a16a018cf14529c2d51827403d81e6a05255?s=96&d=mm&r=g\",\"url\":\"https:\\\/\\\/secure.gravatar.com\\\/avatar\\\/15bcc0a70bbdf1d887a3eba73fa1a16a018cf14529c2d51827403d81e6a05255?s=96&d=mm&r=g\",\"contentUrl\":\"https:\\\/\\\/secure.gravatar.com\\\/avatar\\\/15bcc0a70bbdf1d887a3eba73fa1a16a018cf14529c2d51827403d81e6a05255?s=96&d=mm&r=g\",\"caption\":\"Jacques Bayol\"},\"description\":\"Pilote de vol libre depuis 1974, modeste webmaster de ce site.\",\"url\":\"https:\\\/\\\/www.bluehouse.fr\\\/JB6\\\/carnet-de-vol\\\/author\\\/jack\\\/\"}]}<\/script>\n<!-- \/ Yoast SEO plugin. -->","yoast_head_json":{"title":"Damien De-Baenst \u2013 343 km depuis T\u00eate de la Sallaz \u2013 03\/08\/2022 - Carnet de Vol","robots":{"index":"index","follow":"follow","max-snippet":"max-snippet:-1","max-image-preview":"max-image-preview:large","max-video-preview":"max-video-preview:-1"},"canonical":"https:\/\/www.bluehouse.fr\/JB6\/carnet-de-vol\/2025\/04\/06\/damien-de-baenst-343-km-depuis-tete-de-la-sallaz-03-08-2022\/","og_locale":"fr_FR","og_type":"article","og_title":"Damien De-Baenst \u2013 343 km depuis T\u00eate de la Sallaz \u2013 03\/08\/2022 - Carnet de Vol","og_description":"D\u00e9co T\u00eate de la Sallaz\u00a0 9h 36Pos\u00e9 Cluses 20h 57 Ozone Enzo 3","og_url":"https:\/\/www.bluehouse.fr\/JB6\/carnet-de-vol\/2025\/04\/06\/damien-de-baenst-343-km-depuis-tete-de-la-sallaz-03-08-2022\/","og_site_name":"Carnet de Vol","article_published_time":"2025-04-06T07:15:46+00:00","article_modified_time":"2025-04-06T07:36:11+00:00","og_image":[{"width":1276,"height":1140,"url":"https:\/\/www.bluehouse.fr\/JB6\/carnet-de-vol\/wp-content\/uploads\/2025\/04\/damien.jpg","type":"image\/jpeg"}],"author":"Jacques Bayol","twitter_card":"summary_large_image","twitter_misc":{"\u00c9crit par":"Jacques Bayol","Dur\u00e9e de lecture estim\u00e9e":"1 minute"},"schema":{"@context":"https:\/\/schema.org","@graph":[{"@type":"Article","@id":"https:\/\/www.bluehouse.fr\/JB6\/carnet-de-vol\/2025\/04\/06\/damien-de-baenst-343-km-depuis-tete-de-la-sallaz-03-08-2022\/#article","isPartOf":{"@id":"https:\/\/www.bluehouse.fr\/JB6\/carnet-de-vol\/2025\/04\/06\/damien-de-baenst-343-km-depuis-tete-de-la-sallaz-03-08-2022\/"},"author":{"name":"Jacques Bayol","@id":"https:\/\/www.bluehouse.fr\/JB6\/carnet-de-vol\/#\/schema\/person\/5d86adbd628adb05f7f8b7b24afe7187"},"headline":"Damien De-Baenst \u2013 343 km depuis T\u00eate de la Sallaz \u2013 03\/08\/2022","datePublished":"2025-04-06T07:15:46+00:00","dateModified":"2025-04-06T07:36:11+00:00","mainEntityOfPage":{"@id":"https:\/\/www.bluehouse.fr\/JB6\/carnet-de-vol\/2025\/04\/06\/damien-de-baenst-343-km-depuis-tete-de-la-sallaz-03-08-2022\/"},"wordCount":377,"commentCount":0,"publisher":{"@id":"https:\/\/www.bluehouse.fr\/JB6\/carnet-de-vol\/#organization"},"image":{"@id":"https:\/\/www.bluehouse.fr\/JB6\/carnet-de-vol\/2025\/04\/06\/damien-de-baenst-343-km-depuis-tete-de-la-sallaz-03-08-2022\/#primaryimage"},"thumbnailUrl":"https:\/\/www.bluehouse.fr\/JB6\/carnet-de-vol\/wp-content\/uploads\/2025\/04\/damien.jpg","articleSection":["anthologie"],"inLanguage":"fr-FR","potentialAction":[{"@type":"CommentAction","name":"Comment","target":["https:\/\/www.bluehouse.fr\/JB6\/carnet-de-vol\/2025\/04\/06\/damien-de-baenst-343-km-depuis-tete-de-la-sallaz-03-08-2022\/#respond"]}]},{"@type":"WebPage","@id":"https:\/\/www.bluehouse.fr\/JB6\/carnet-de-vol\/2025\/04\/06\/damien-de-baenst-343-km-depuis-tete-de-la-sallaz-03-08-2022\/","url":"https:\/\/www.bluehouse.fr\/JB6\/carnet-de-vol\/2025\/04\/06\/damien-de-baenst-343-km-depuis-tete-de-la-sallaz-03-08-2022\/","name":"Damien De-Baenst \u2013 343 km depuis T\u00eate de la Sallaz \u2013 03\/08\/2022 - Carnet de Vol","isPartOf":{"@id":"https:\/\/www.bluehouse.fr\/JB6\/carnet-de-vol\/#website"},"primaryImageOfPage":{"@id":"https:\/\/www.bluehouse.fr\/JB6\/carnet-de-vol\/2025\/04\/06\/damien-de-baenst-343-km-depuis-tete-de-la-sallaz-03-08-2022\/#primaryimage"},"image":{"@id":"https:\/\/www.bluehouse.fr\/JB6\/carnet-de-vol\/2025\/04\/06\/damien-de-baenst-343-km-depuis-tete-de-la-sallaz-03-08-2022\/#primaryimage"},"thumbnailUrl":"https:\/\/www.bluehouse.fr\/JB6\/carnet-de-vol\/wp-content\/uploads\/2025\/04\/damien.jpg","datePublished":"2025-04-06T07:15:46+00:00","dateModified":"2025-04-06T07:36:11+00:00","breadcrumb":{"@id":"https:\/\/www.bluehouse.fr\/JB6\/carnet-de-vol\/2025\/04\/06\/damien-de-baenst-343-km-depuis-tete-de-la-sallaz-03-08-2022\/#breadcrumb"},"inLanguage":"fr-FR","potentialAction":[{"@type":"ReadAction","target":["https:\/\/www.bluehouse.fr\/JB6\/carnet-de-vol\/2025\/04\/06\/damien-de-baenst-343-km-depuis-tete-de-la-sallaz-03-08-2022\/"]}]},{"@type":"ImageObject","inLanguage":"fr-FR","@id":"https:\/\/www.bluehouse.fr\/JB6\/carnet-de-vol\/2025\/04\/06\/damien-de-baenst-343-km-depuis-tete-de-la-sallaz-03-08-2022\/#primaryimage","url":"https:\/\/www.bluehouse.fr\/JB6\/carnet-de-vol\/wp-content\/uploads\/2025\/04\/damien.jpg","contentUrl":"https:\/\/www.bluehouse.fr\/JB6\/carnet-de-vol\/wp-content\/uploads\/2025\/04\/damien.jpg","width":1276,"height":1140,"caption":"Screenshot"},{"@type":"BreadcrumbList","@id":"https:\/\/www.bluehouse.fr\/JB6\/carnet-de-vol\/2025\/04\/06\/damien-de-baenst-343-km-depuis-tete-de-la-sallaz-03-08-2022\/#breadcrumb","itemListElement":[{"@type":"ListItem","position":1,"name":"Accueil","item":"https:\/\/www.bluehouse.fr\/JB6\/carnet-de-vol\/"},{"@type":"ListItem","position":2,"name":"Damien De-Baenst \u2013 343 km depuis T\u00eate de la Sallaz \u2013 03\/08\/2022"}]},{"@type":"WebSite","@id":"https:\/\/www.bluehouse.fr\/JB6\/carnet-de-vol\/#website","url":"https:\/\/www.bluehouse.fr\/JB6\/carnet-de-vol\/","name":"Carnet de Vol","description":"Carnet de Vol Parapente","publisher":{"@id":"https:\/\/www.bluehouse.fr\/JB6\/carnet-de-vol\/#organization"},"potentialAction":[{"@type":"SearchAction","target":{"@type":"EntryPoint","urlTemplate":"https:\/\/www.bluehouse.fr\/JB6\/carnet-de-vol\/?s={search_term_string}"},"query-input":{"@type":"PropertyValueSpecification","valueRequired":true,"valueName":"search_term_string"}}],"inLanguage":"fr-FR"},{"@type":"Organization","@id":"https:\/\/www.bluehouse.fr\/JB6\/carnet-de-vol\/#organization","name":"Carnet de Vol","url":"https:\/\/www.bluehouse.fr\/JB6\/carnet-de-vol\/","logo":{"@type":"ImageObject","inLanguage":"fr-FR","@id":"https:\/\/www.bluehouse.fr\/JB6\/carnet-de-vol\/#\/schema\/logo\/image\/","url":"https:\/\/www.bluehouse.fr\/JB6\/carnet-de-vol\/wp-content\/uploads\/2023\/11\/logo.png","contentUrl":"https:\/\/www.bluehouse.fr\/JB6\/carnet-de-vol\/wp-content\/uploads\/2023\/11\/logo.png","width":400,"height":400,"caption":"Carnet de Vol"},"image":{"@id":"https:\/\/www.bluehouse.fr\/JB6\/carnet-de-vol\/#\/schema\/logo\/image\/"}},{"@type":"Person","@id":"https:\/\/www.bluehouse.fr\/JB6\/carnet-de-vol\/#\/schema\/person\/5d86adbd628adb05f7f8b7b24afe7187","name":"Jacques Bayol","image":{"@type":"ImageObject","inLanguage":"fr-FR","@id":"https:\/\/secure.gravatar.com\/avatar\/15bcc0a70bbdf1d887a3eba73fa1a16a018cf14529c2d51827403d81e6a05255?s=96&d=mm&r=g","url":"https:\/\/secure.gravatar.com\/avatar\/15bcc0a70bbdf1d887a3eba73fa1a16a018cf14529c2d51827403d81e6a05255?s=96&d=mm&r=g","contentUrl":"https:\/\/secure.gravatar.com\/avatar\/15bcc0a70bbdf1d887a3eba73fa1a16a018cf14529c2d51827403d81e6a05255?s=96&d=mm&r=g","caption":"Jacques Bayol"},"description":"Pilote de vol libre depuis 1974, modeste webmaster de ce site.","url":"https:\/\/www.bluehouse.fr\/JB6\/carnet-de-vol\/author\/jack\/"}]}},"jetpack_featured_media_url":"https:\/\/www.bluehouse.fr\/JB6\/carnet-de-vol\/wp-content\/uploads\/2025\/04\/damien.jpg","jetpack_sharing_enabled":true,"_links":{"self":[{"href":"https:\/\/www.bluehouse.fr\/JB6\/carnet-de-vol\/wp-json\/wp\/v2\/posts\/245311","targetHints":{"allow":["GET"]}}],"collection":[{"href":"https:\/\/www.bluehouse.fr\/JB6\/carnet-de-vol\/wp-json\/wp\/v2\/posts"}],"about":[{"href":"https:\/\/www.bluehouse.fr\/JB6\/carnet-de-vol\/wp-json\/wp\/v2\/types\/post"}],"author":[{"embeddable":true,"href":"https:\/\/www.bluehouse.fr\/JB6\/carnet-de-vol\/wp-json\/wp\/v2\/users\/57"}],"replies":[{"embeddable":true,"href":"https:\/\/www.bluehouse.fr\/JB6\/carnet-de-vol\/wp-json\/wp\/v2\/comments?post=245311"}],"version-history":[{"count":3,"href":"https:\/\/www.bluehouse.fr\/JB6\/carnet-de-vol\/wp-json\/wp\/v2\/posts\/245311\/revisions"}],"predecessor-version":[{"id":245316,"href":"https:\/\/www.bluehouse.fr\/JB6\/carnet-de-vol\/wp-json\/wp\/v2\/posts\/245311\/revisions\/245316"}],"wp:featuredmedia":[{"embeddable":true,"href":"https:\/\/www.bluehouse.fr\/JB6\/carnet-de-vol\/wp-json\/wp\/v2\/media\/245315"}],"wp:attachment":[{"href":"https:\/\/www.bluehouse.fr\/JB6\/carnet-de-vol\/wp-json\/wp\/v2\/media?parent=245311"}],"wp:term":[{"taxonomy":"category","embeddable":true,"href":"https:\/\/www.bluehouse.fr\/JB6\/carnet-de-vol\/wp-json\/wp\/v2\/categories?post=245311"},{"taxonomy":"post_tag","embeddable":true,"href":"https:\/\/www.bluehouse.fr\/JB6\/carnet-de-vol\/wp-json\/wp\/v2\/tags?post=245311"}],"curies":[{"name":"wp","href":"https:\/\/api.w.org\/{rel}","templated":true}]}}