{"id":243937,"date":"2024-07-21T13:47:56","date_gmt":"2024-07-21T11:47:56","guid":{"rendered":"https:\/\/www.bluehouse.fr\/JB6\/carnet-de-vol\/?p=243937"},"modified":"2025-03-16T16:57:15","modified_gmt":"2025-03-16T15:57:15","slug":"cross-du-20-juillet-2024-signal-de-bisanne","status":"publish","type":"post","link":"https:\/\/www.bluehouse.fr\/JB6\/carnet-de-vol\/2024\/07\/21\/cross-du-20-juillet-2024-signal-de-bisanne\/","title":{"rendered":"Cross du 20 juillet 2024 &#8211; Signal de Bisanne"},"content":{"rendered":"[et_pb_section fb_built=&#8221;1&#8243; admin_label=&#8221;section&#8221; _builder_version=&#8221;4.16&#8243; global_colors_info=&#8221;{}&#8221; theme_builder_area=&#8221;post_content&#8221; da_is_popup=&#8221;off&#8221; da_exit_intent=&#8221;off&#8221; da_has_close=&#8221;on&#8221; da_alt_close=&#8221;off&#8221; da_dark_close=&#8221;off&#8221; da_not_modal=&#8221;on&#8221; da_is_singular=&#8221;off&#8221; da_with_loader=&#8221;off&#8221; da_has_shadow=&#8221;on&#8221; da_disable_devices=&#8221;off|off|off&#8221;][et_pb_row admin_label=&#8221;row&#8221; _builder_version=&#8221;4.16&#8243; background_size=&#8221;initial&#8221; background_position=&#8221;top_left&#8221; background_repeat=&#8221;repeat&#8221; global_colors_info=&#8221;{}&#8221; theme_builder_area=&#8221;post_content&#8221;][et_pb_column type=&#8221;4_4&#8243; _builder_version=&#8221;4.16&#8243; custom_padding=&#8221;|||&#8221; global_colors_info=&#8221;{}&#8221; custom_padding__hover=&#8221;|||&#8221; theme_builder_area=&#8221;post_content&#8221;][et_pb_text admin_label=&#8221;Text&#8221; _builder_version=&#8221;4.27.4&#8243; background_size=&#8221;initial&#8221; background_position=&#8221;top_left&#8221; background_repeat=&#8221;repeat&#8221; hover_enabled=&#8221;0&#8243; global_colors_info=&#8221;{}&#8221; theme_builder_area=&#8221;post_content&#8221; sticky_enabled=&#8221;0&#8243;]<p><\/p>\n<p>Samedi 20 juillet 2024, 6 pilotes du club (Jean-Marc Supair Savage, Jean-Jacques Ozone Photon, Guilhem Ozone Zeolite GT2, Laurent Ozone Zeolite GT, Adrien Ozone Zeolite GT et moi Ozone Photon) avons choisi de d\u00e9coller depuis le Signal de Bisanne. Laurent et moi avions d\u00e9j\u00e0 fait un vol d\u2019entrainement la veille qui s\u2019est termin\u00e9 trop t\u00f4t \u00e0 cause d\u2019un m\u00e9chant voile. Aujourd\u2019hui nous sommes bien d\u00e9cid\u00e9s \u00e0 laver l\u2019affront. J\u2019en suis encore au petit d\u00e8j quand Guilhem et Adrien (mont\u00e9s \u00e0 pied) \u00a0sont d\u00e9j\u00e0 en l\u2019air. Jean-Marc d\u00e9colle quand je pose mon sac sur le tarmac du Signal. Le projet est ambitieux, un triangle FAI de 150 km avec comme balises\u00a0: les Aiguilles rouges \u00e0 Cham, le Parmelan dans les Bornes, le Grand Arc et goal \u00e0 Beaufort. Seul Guilhem remplira le contrat. Jean-marc (que j\u2019ai doubl\u00e9 au Tr\u00e9lod prend une meilleure ligne depuis la Dent d\u2019Arcluz et me coiffe au poteau \u00e0 Albertville). Adrien a pos\u00e9 au pieds du Grand Arc et Laurent qui a pris du retard \u00e0 la raccroche de la Pointe Perc\u00e9e (mais \u00e0 sa d\u00e9charge il est aussi mont\u00e9 \u00e0 pied au d\u00e9co) pose dans les Bauges vers Tami\u00e9. Jean-Jacques qui a eu un souci avec sa sellette a d\u00fb avorter son vol. La m\u00e9t\u00e9o est excellente, pas de vent, des plafs \u00e0 3300 m et des cums qui balisent bien le parcours. L\u2019inversion est tr\u00e8s marqu\u00e9e il ne faut surtout pas descendre en dessous de 1700 m au risque de ne pas pouvoir ressortir.<\/p>\n<p><\/p>\n<p><\/p>\n<figure class=\"wp-block-image\"><img decoding=\"async\" src=\"https:\/\/www.chvd.org\/wp-content\/uploads\/2024\/07\/DSC00045-1024x683.jpeg\" alt=\"\" class=\"wp-image-30402\" \/><\/figure>\n<p><\/p>\n<p>Le spectacle est grandiose, surtout l\u2019arriv\u00e9e \u00e0 Cham, perch\u00e9 \u00e0 plus de 3000 m au-dessus du Br\u00e9vent face au d\u00e9cor \u00e9poustouflant du massif du Mont-Blanc\u2026 De longues transitions entre les diff\u00e9rents massifs survol\u00e9s permettent de rel\u00e2cher la pression et de manger un peu\u2026 R\u00e9ussir un tel vol consomme beaucoup d\u2019\u00e9nergie, physique et mentale (on a vol\u00e9 un peu plus de 7h).<br \/>Quelque traces qui permettent de mieux visualiser le contexte. (la mienne n\u2019est pas \u00e0 suivre, je ne conseille \u00e0 personne de remonter au Br\u00e9vent par l\u00e0 o\u00f9 je suis pass\u00e9\u2026)<\/p>\n<p><\/p>\n<p><a href=\"https:\/\/www.xcontest.org\/world\/en\/flights\/detail:Gui_M\/20.07.2024\/08:22\" target=\"_blank\" rel=\"noreferrer noopener\">La Trace de Guilhem<\/a><\/p>\n<p><\/p>\n<p><a href=\"https:\/\/www.xcontest.org\/world\/en\/flights\/detail:JMEnvol\/20.07.2024\/08:48\" target=\"_blank\" rel=\"noreferrer noopener\">La Trace de Jean-Marc<\/a><\/p>\n<p><\/p>\n<p><a href=\"https:\/\/www.xcontest.org\/world\/en\/flights\/detail:JacquesBayol\/20.07.2024\/09:16\" target=\"_blank\" rel=\"noreferrer noopener\">La Trace de Jacques<\/a><\/p>\n<p><\/p>\n<p><a href=\"https:\/\/www.xcontest.org\/world\/fr\/vols\/details:AdCou\/20.07.2024\/10:17\" target=\"_blank\" rel=\"noreferrer noopener\">La Trace d\u2019Adrien<\/a><\/p>\n<p><\/p>\n<p><a href=\"https:\/\/www.xcontest.org\/world\/en\/flights\/detail:Elpajot\/20.07.2024\/09:26\" target=\"_blank\" rel=\"noreferrer noopener\">La Trace de Laurent<\/a><\/p>\n<p><\/p>[\/et_pb_text][\/et_pb_column][\/et_pb_row][\/et_pb_section]","protected":false},"excerpt":{"rendered":"<p>Samedi 20 juillet 2024, 6 pilotes du club (Jean-Marc Supair Savage, Jean-Jacques Ozone Photon, Guilhem Ozone Zeolite GT2, Laurent Ozone Zeolite GT, Adrien Ozone Zeolite GT et moi Ozone Photon) avons choisi de d\u00e9coller depuis le Signal de Bisanne. Laurent et moi avions d\u00e9j\u00e0 fait un vol d\u2019entrainement la veille qui s\u2019est termin\u00e9 trop t\u00f4t [&hellip;]<\/p>\n","protected":false},"author":57,"featured_media":243939,"comment_status":"open","ping_status":"open","sticky":false,"template":"","format":"standard","meta":{"_et_pb_use_builder":"on","_et_pb_old_content":"<!-- wp:image {\"id\":30401} -->\n<figure class=\"wp-block-image\"><img src=\"https:\/\/www.chvd.org\/wp-content\/uploads\/2024\/07\/DSC00030-1024x683.jpeg\" alt=\"\" class=\"wp-image-30401\"\/><figcaption class=\"wp-element-caption\">Les Saisies, le Mont-Blanc<\/figcaption><\/figure>\n<!-- \/wp:image -->\n\n<!-- wp:paragraph -->\n<p>Samedi 20 juillet 2024, 6 pilotes du club (Jean-Marc Supair Savage, Jean-Jacques Ozone Photon, Guilhem Ozone Zeolite GT2, Laurent Ozone Zeolite GT, Adrien Ozone Zeolite GT et moi Ozone Photon) avons choisi de d\u00e9coller depuis le Signal de Bisanne. Laurent et moi avions d\u00e9j\u00e0 fait un vol d\u2019entrainement la veille qui s\u2019est termin\u00e9 trop t\u00f4t \u00e0 cause d\u2019un m\u00e9chant voile. Aujourd\u2019hui nous sommes bien d\u00e9cid\u00e9s \u00e0 laver l\u2019affront. J\u2019en suis encore au petit d\u00e8j quand Guilhem et Adrien (mont\u00e9s \u00e0 pied) &nbsp;sont d\u00e9j\u00e0 en l\u2019air. Jean-Marc d\u00e9colle quand je pose mon sac sur le tarmac du Signal. Le projet est ambitieux, un triangle FAI de 150 km avec comme balises&nbsp;: les Aiguilles rouges \u00e0 Cham, le Parmelan dans les Bornes, le Grand Arc et goal \u00e0 Beaufort. Seul Guilhem remplira le contrat. Jean-marc (que j\u2019ai doubl\u00e9 au Tr\u00e9lod prend une meilleure ligne depuis la Dent d\u2019Arcluz et me coiffe au poteau \u00e0 Albertville). Adrien a pos\u00e9 au pieds du Grand Arc et Laurent qui a pris du retard \u00e0 la raccroche de la Pointe Perc\u00e9e (mais \u00e0 sa d\u00e9charge il est aussi mont\u00e9 \u00e0 pied au d\u00e9co) pose dans les Bauges vers Tami\u00e9. Jean-Jacques qui a eu un souci avec sa sellette a d\u00fb avorter son vol. La m\u00e9t\u00e9o est excellente, pas de vent, des plafs \u00e0 3300 m et des cums qui balisent bien le parcours. L\u2019inversion est tr\u00e8s marqu\u00e9e il ne faut surtout pas descendre en dessous de 1700 m au risque de ne pas pouvoir ressortir.<\/p>\n<!-- \/wp:paragraph -->\n\n<!-- wp:image {\"id\":30402} -->\n<figure class=\"wp-block-image\"><img src=\"https:\/\/www.chvd.org\/wp-content\/uploads\/2024\/07\/DSC00045-1024x683.jpeg\" alt=\"\" class=\"wp-image-30402\"\/><\/figure>\n<!-- \/wp:image -->\n\n<!-- wp:paragraph -->\n<p>Le spectacle est grandiose, surtout l\u2019arriv\u00e9e \u00e0 Cham, perch\u00e9 \u00e0 plus de 3000 m au-dessus du Br\u00e9vent face au d\u00e9cor \u00e9poustouflant du massif du Mont-Blanc\u2026 De longues transitions entre les diff\u00e9rents massifs survol\u00e9s permettent de rel\u00e2cher la pression et de manger un peu\u2026 R\u00e9ussir un tel vol consomme beaucoup d\u2019\u00e9nergie, physique et mentale (on a vol\u00e9 un peu plus de 7h).<br>Quelque traces qui permettent de mieux visualiser le contexte. (la mienne n\u2019est pas \u00e0 suivre, je ne conseille \u00e0 personne de remonter au Br\u00e9vent par l\u00e0 o\u00f9 je suis pass\u00e9\u2026)<\/p>\n<!-- \/wp:paragraph -->\n\n<!-- wp:paragraph -->\n<p><a href=\"https:\/\/www.xcontest.org\/world\/en\/flights\/detail:Gui_M\/20.07.2024\/08:22\" target=\"_blank\" rel=\"noreferrer noopener\">La Trace de Guilhem<\/a><\/p>\n<!-- \/wp:paragraph -->\n\n<!-- wp:paragraph -->\n<p><a href=\"https:\/\/www.xcontest.org\/world\/en\/flights\/detail:JMEnvol\/20.07.2024\/08:48\" target=\"_blank\" rel=\"noreferrer noopener\">La Trace de Jean-Marc<\/a><\/p>\n<!-- \/wp:paragraph -->\n\n<!-- wp:paragraph -->\n<p><a href=\"https:\/\/www.xcontest.org\/world\/en\/flights\/detail:JacquesBayol\/20.07.2024\/09:16\" target=\"_blank\" rel=\"noreferrer noopener\">La Trace de Jacques<\/a><\/p>\n<!-- \/wp:paragraph -->\n\n<!-- wp:paragraph -->\n<p><a href=\"https:\/\/www.xcontest.org\/world\/fr\/vols\/details:AdCou\/20.07.2024\/10:17\" target=\"_blank\" rel=\"noreferrer noopener\">La Trace d\u2019Adrien<\/a><\/p>\n<!-- \/wp:paragraph -->\n\n<!-- wp:paragraph -->\n<p><a href=\"https:\/\/www.xcontest.org\/world\/en\/flights\/detail:Elpajot\/20.07.2024\/09:26\" target=\"_blank\" rel=\"noreferrer noopener\">La Trace de Laurent<\/a><\/p>\n<!-- \/wp:paragraph -->","_et_gb_content_width":"","_jetpack_memberships_contains_paid_content":false,"_joinchat":[],"footnotes":""},"categories":[61],"tags":[],"class_list":["post-243937","post","type-post","status-publish","format-standard","has-post-thumbnail","hentry","category-recit"],"yoast_head":"<!-- This site is optimized with the Yoast SEO plugin v27.5 - https:\/\/yoast.com\/product\/yoast-seo-wordpress\/ -->\n<title>Cross du 20 juillet 2024 - Signal de Bisanne - Carnet de Vol<\/title>\n<meta name=\"robots\" content=\"index, follow, max-snippet:-1, max-image-preview:large, max-video-preview:-1\" \/>\n<link rel=\"canonical\" href=\"https:\/\/www.bluehouse.fr\/JB6\/carnet-de-vol\/2024\/07\/21\/cross-du-20-juillet-2024-signal-de-bisanne\/\" \/>\n<meta property=\"og:locale\" content=\"fr_FR\" \/>\n<meta property=\"og:type\" content=\"article\" \/>\n<meta property=\"og:title\" content=\"Cross du 20 juillet 2024 - Signal de Bisanne - Carnet de Vol\" \/>\n<meta property=\"og:description\" content=\"Samedi 20 juillet 2024, 6 pilotes du club (Jean-Marc Supair Savage, Jean-Jacques Ozone Photon, Guilhem Ozone Zeolite GT2, Laurent Ozone Zeolite GT, Adrien Ozone Zeolite GT et moi Ozone Photon) avons choisi de d\u00e9coller depuis le Signal de Bisanne. Laurent et moi avions d\u00e9j\u00e0 fait un vol d\u2019entrainement la veille qui s\u2019est termin\u00e9 trop t\u00f4t [&hellip;]\" \/>\n<meta property=\"og:url\" content=\"https:\/\/www.bluehouse.fr\/JB6\/carnet-de-vol\/2024\/07\/21\/cross-du-20-juillet-2024-signal-de-bisanne\/\" \/>\n<meta property=\"og:site_name\" content=\"Carnet de Vol\" \/>\n<meta property=\"article:published_time\" content=\"2024-07-21T11:47:56+00:00\" \/>\n<meta property=\"article:modified_time\" content=\"2025-03-16T15:57:15+00:00\" \/>\n<meta property=\"og:image\" content=\"https:\/\/www.bluehouse.fr\/JB6\/carnet-de-vol\/wp-content\/uploads\/2024\/07\/DSC00030.jpeg\" \/>\n\t<meta property=\"og:image:width\" content=\"1200\" \/>\n\t<meta property=\"og:image:height\" content=\"800\" \/>\n\t<meta property=\"og:image:type\" content=\"image\/jpeg\" \/>\n<meta name=\"author\" content=\"Jacques Bayol\" \/>\n<meta name=\"twitter:card\" content=\"summary_large_image\" \/>\n<meta name=\"twitter:label1\" content=\"\u00c9crit par\" \/>\n\t<meta name=\"twitter:data1\" content=\"Jacques Bayol\" \/>\n\t<meta name=\"twitter:label2\" content=\"Dur\u00e9e de lecture estim\u00e9e\" \/>\n\t<meta name=\"twitter:data2\" content=\"3 minutes\" \/>\n<script type=\"application\/ld+json\" class=\"yoast-schema-graph\">{\"@context\":\"https:\\\/\\\/schema.org\",\"@graph\":[{\"@type\":\"Article\",\"@id\":\"https:\\\/\\\/www.bluehouse.fr\\\/JB6\\\/carnet-de-vol\\\/2024\\\/07\\\/21\\\/cross-du-20-juillet-2024-signal-de-bisanne\\\/#article\",\"isPartOf\":{\"@id\":\"https:\\\/\\\/www.bluehouse.fr\\\/JB6\\\/carnet-de-vol\\\/2024\\\/07\\\/21\\\/cross-du-20-juillet-2024-signal-de-bisanne\\\/\"},\"author\":{\"name\":\"Jacques Bayol\",\"@id\":\"https:\\\/\\\/www.bluehouse.fr\\\/JB6\\\/carnet-de-vol\\\/#\\\/schema\\\/person\\\/5d86adbd628adb05f7f8b7b24afe7187\"},\"headline\":\"Cross du 20 juillet 2024 &#8211; Signal de Bisanne\",\"datePublished\":\"2024-07-21T11:47:56+00:00\",\"dateModified\":\"2025-03-16T15:57:15+00:00\",\"mainEntityOfPage\":{\"@id\":\"https:\\\/\\\/www.bluehouse.fr\\\/JB6\\\/carnet-de-vol\\\/2024\\\/07\\\/21\\\/cross-du-20-juillet-2024-signal-de-bisanne\\\/\"},\"wordCount\":532,\"commentCount\":0,\"publisher\":{\"@id\":\"https:\\\/\\\/www.bluehouse.fr\\\/JB6\\\/carnet-de-vol\\\/#organization\"},\"image\":{\"@id\":\"https:\\\/\\\/www.bluehouse.fr\\\/JB6\\\/carnet-de-vol\\\/2024\\\/07\\\/21\\\/cross-du-20-juillet-2024-signal-de-bisanne\\\/#primaryimage\"},\"thumbnailUrl\":\"https:\\\/\\\/www.bluehouse.fr\\\/JB6\\\/carnet-de-vol\\\/wp-content\\\/uploads\\\/2024\\\/07\\\/DSC00030.jpeg\",\"articleSection\":[\"r\u00e9cit\"],\"inLanguage\":\"fr-FR\",\"potentialAction\":[{\"@type\":\"CommentAction\",\"name\":\"Comment\",\"target\":[\"https:\\\/\\\/www.bluehouse.fr\\\/JB6\\\/carnet-de-vol\\\/2024\\\/07\\\/21\\\/cross-du-20-juillet-2024-signal-de-bisanne\\\/#respond\"]}]},{\"@type\":\"WebPage\",\"@id\":\"https:\\\/\\\/www.bluehouse.fr\\\/JB6\\\/carnet-de-vol\\\/2024\\\/07\\\/21\\\/cross-du-20-juillet-2024-signal-de-bisanne\\\/\",\"url\":\"https:\\\/\\\/www.bluehouse.fr\\\/JB6\\\/carnet-de-vol\\\/2024\\\/07\\\/21\\\/cross-du-20-juillet-2024-signal-de-bisanne\\\/\",\"name\":\"Cross du 20 juillet 2024 - Signal de Bisanne - Carnet de Vol\",\"isPartOf\":{\"@id\":\"https:\\\/\\\/www.bluehouse.fr\\\/JB6\\\/carnet-de-vol\\\/#website\"},\"primaryImageOfPage\":{\"@id\":\"https:\\\/\\\/www.bluehouse.fr\\\/JB6\\\/carnet-de-vol\\\/2024\\\/07\\\/21\\\/cross-du-20-juillet-2024-signal-de-bisanne\\\/#primaryimage\"},\"image\":{\"@id\":\"https:\\\/\\\/www.bluehouse.fr\\\/JB6\\\/carnet-de-vol\\\/2024\\\/07\\\/21\\\/cross-du-20-juillet-2024-signal-de-bisanne\\\/#primaryimage\"},\"thumbnailUrl\":\"https:\\\/\\\/www.bluehouse.fr\\\/JB6\\\/carnet-de-vol\\\/wp-content\\\/uploads\\\/2024\\\/07\\\/DSC00030.jpeg\",\"datePublished\":\"2024-07-21T11:47:56+00:00\",\"dateModified\":\"2025-03-16T15:57:15+00:00\",\"breadcrumb\":{\"@id\":\"https:\\\/\\\/www.bluehouse.fr\\\/JB6\\\/carnet-de-vol\\\/2024\\\/07\\\/21\\\/cross-du-20-juillet-2024-signal-de-bisanne\\\/#breadcrumb\"},\"inLanguage\":\"fr-FR\",\"potentialAction\":[{\"@type\":\"ReadAction\",\"target\":[\"https:\\\/\\\/www.bluehouse.fr\\\/JB6\\\/carnet-de-vol\\\/2024\\\/07\\\/21\\\/cross-du-20-juillet-2024-signal-de-bisanne\\\/\"]}]},{\"@type\":\"ImageObject\",\"inLanguage\":\"fr-FR\",\"@id\":\"https:\\\/\\\/www.bluehouse.fr\\\/JB6\\\/carnet-de-vol\\\/2024\\\/07\\\/21\\\/cross-du-20-juillet-2024-signal-de-bisanne\\\/#primaryimage\",\"url\":\"https:\\\/\\\/www.bluehouse.fr\\\/JB6\\\/carnet-de-vol\\\/wp-content\\\/uploads\\\/2024\\\/07\\\/DSC00030.jpeg\",\"contentUrl\":\"https:\\\/\\\/www.bluehouse.fr\\\/JB6\\\/carnet-de-vol\\\/wp-content\\\/uploads\\\/2024\\\/07\\\/DSC00030.jpeg\",\"width\":1200,\"height\":800},{\"@type\":\"BreadcrumbList\",\"@id\":\"https:\\\/\\\/www.bluehouse.fr\\\/JB6\\\/carnet-de-vol\\\/2024\\\/07\\\/21\\\/cross-du-20-juillet-2024-signal-de-bisanne\\\/#breadcrumb\",\"itemListElement\":[{\"@type\":\"ListItem\",\"position\":1,\"name\":\"Accueil\",\"item\":\"https:\\\/\\\/www.bluehouse.fr\\\/JB6\\\/carnet-de-vol\\\/\"},{\"@type\":\"ListItem\",\"position\":2,\"name\":\"Cross du 20 juillet 2024 &#8211; Signal de Bisanne\"}]},{\"@type\":\"WebSite\",\"@id\":\"https:\\\/\\\/www.bluehouse.fr\\\/JB6\\\/carnet-de-vol\\\/#website\",\"url\":\"https:\\\/\\\/www.bluehouse.fr\\\/JB6\\\/carnet-de-vol\\\/\",\"name\":\"Carnet de Vol\",\"description\":\"Carnet de Vol Parapente\",\"publisher\":{\"@id\":\"https:\\\/\\\/www.bluehouse.fr\\\/JB6\\\/carnet-de-vol\\\/#organization\"},\"potentialAction\":[{\"@type\":\"SearchAction\",\"target\":{\"@type\":\"EntryPoint\",\"urlTemplate\":\"https:\\\/\\\/www.bluehouse.fr\\\/JB6\\\/carnet-de-vol\\\/?s={search_term_string}\"},\"query-input\":{\"@type\":\"PropertyValueSpecification\",\"valueRequired\":true,\"valueName\":\"search_term_string\"}}],\"inLanguage\":\"fr-FR\"},{\"@type\":\"Organization\",\"@id\":\"https:\\\/\\\/www.bluehouse.fr\\\/JB6\\\/carnet-de-vol\\\/#organization\",\"name\":\"Carnet de Vol\",\"url\":\"https:\\\/\\\/www.bluehouse.fr\\\/JB6\\\/carnet-de-vol\\\/\",\"logo\":{\"@type\":\"ImageObject\",\"inLanguage\":\"fr-FR\",\"@id\":\"https:\\\/\\\/www.bluehouse.fr\\\/JB6\\\/carnet-de-vol\\\/#\\\/schema\\\/logo\\\/image\\\/\",\"url\":\"https:\\\/\\\/www.bluehouse.fr\\\/JB6\\\/carnet-de-vol\\\/wp-content\\\/uploads\\\/2023\\\/11\\\/logo.png\",\"contentUrl\":\"https:\\\/\\\/www.bluehouse.fr\\\/JB6\\\/carnet-de-vol\\\/wp-content\\\/uploads\\\/2023\\\/11\\\/logo.png\",\"width\":400,\"height\":400,\"caption\":\"Carnet de Vol\"},\"image\":{\"@id\":\"https:\\\/\\\/www.bluehouse.fr\\\/JB6\\\/carnet-de-vol\\\/#\\\/schema\\\/logo\\\/image\\\/\"}},{\"@type\":\"Person\",\"@id\":\"https:\\\/\\\/www.bluehouse.fr\\\/JB6\\\/carnet-de-vol\\\/#\\\/schema\\\/person\\\/5d86adbd628adb05f7f8b7b24afe7187\",\"name\":\"Jacques Bayol\",\"image\":{\"@type\":\"ImageObject\",\"inLanguage\":\"fr-FR\",\"@id\":\"https:\\\/\\\/secure.gravatar.com\\\/avatar\\\/15bcc0a70bbdf1d887a3eba73fa1a16a018cf14529c2d51827403d81e6a05255?s=96&d=mm&r=g\",\"url\":\"https:\\\/\\\/secure.gravatar.com\\\/avatar\\\/15bcc0a70bbdf1d887a3eba73fa1a16a018cf14529c2d51827403d81e6a05255?s=96&d=mm&r=g\",\"contentUrl\":\"https:\\\/\\\/secure.gravatar.com\\\/avatar\\\/15bcc0a70bbdf1d887a3eba73fa1a16a018cf14529c2d51827403d81e6a05255?s=96&d=mm&r=g\",\"caption\":\"Jacques Bayol\"},\"description\":\"Pilote de vol libre depuis 1974, modeste webmaster de ce site.\",\"url\":\"https:\\\/\\\/www.bluehouse.fr\\\/JB6\\\/carnet-de-vol\\\/author\\\/jack\\\/\"}]}<\/script>\n<!-- \/ Yoast SEO plugin. -->","yoast_head_json":{"title":"Cross du 20 juillet 2024 - Signal de Bisanne - Carnet de Vol","robots":{"index":"index","follow":"follow","max-snippet":"max-snippet:-1","max-image-preview":"max-image-preview:large","max-video-preview":"max-video-preview:-1"},"canonical":"https:\/\/www.bluehouse.fr\/JB6\/carnet-de-vol\/2024\/07\/21\/cross-du-20-juillet-2024-signal-de-bisanne\/","og_locale":"fr_FR","og_type":"article","og_title":"Cross du 20 juillet 2024 - Signal de Bisanne - Carnet de Vol","og_description":"Samedi 20 juillet 2024, 6 pilotes du club (Jean-Marc Supair Savage, Jean-Jacques Ozone Photon, Guilhem Ozone Zeolite GT2, Laurent Ozone Zeolite GT, Adrien Ozone Zeolite GT et moi Ozone Photon) avons choisi de d\u00e9coller depuis le Signal de Bisanne. Laurent et moi avions d\u00e9j\u00e0 fait un vol d\u2019entrainement la veille qui s\u2019est termin\u00e9 trop t\u00f4t [&hellip;]","og_url":"https:\/\/www.bluehouse.fr\/JB6\/carnet-de-vol\/2024\/07\/21\/cross-du-20-juillet-2024-signal-de-bisanne\/","og_site_name":"Carnet de Vol","article_published_time":"2024-07-21T11:47:56+00:00","article_modified_time":"2025-03-16T15:57:15+00:00","og_image":[{"width":1200,"height":800,"url":"https:\/\/www.bluehouse.fr\/JB6\/carnet-de-vol\/wp-content\/uploads\/2024\/07\/DSC00030.jpeg","type":"image\/jpeg"}],"author":"Jacques Bayol","twitter_card":"summary_large_image","twitter_misc":{"\u00c9crit par":"Jacques Bayol","Dur\u00e9e de lecture estim\u00e9e":"3 minutes"},"schema":{"@context":"https:\/\/schema.org","@graph":[{"@type":"Article","@id":"https:\/\/www.bluehouse.fr\/JB6\/carnet-de-vol\/2024\/07\/21\/cross-du-20-juillet-2024-signal-de-bisanne\/#article","isPartOf":{"@id":"https:\/\/www.bluehouse.fr\/JB6\/carnet-de-vol\/2024\/07\/21\/cross-du-20-juillet-2024-signal-de-bisanne\/"},"author":{"name":"Jacques Bayol","@id":"https:\/\/www.bluehouse.fr\/JB6\/carnet-de-vol\/#\/schema\/person\/5d86adbd628adb05f7f8b7b24afe7187"},"headline":"Cross du 20 juillet 2024 &#8211; Signal de Bisanne","datePublished":"2024-07-21T11:47:56+00:00","dateModified":"2025-03-16T15:57:15+00:00","mainEntityOfPage":{"@id":"https:\/\/www.bluehouse.fr\/JB6\/carnet-de-vol\/2024\/07\/21\/cross-du-20-juillet-2024-signal-de-bisanne\/"},"wordCount":532,"commentCount":0,"publisher":{"@id":"https:\/\/www.bluehouse.fr\/JB6\/carnet-de-vol\/#organization"},"image":{"@id":"https:\/\/www.bluehouse.fr\/JB6\/carnet-de-vol\/2024\/07\/21\/cross-du-20-juillet-2024-signal-de-bisanne\/#primaryimage"},"thumbnailUrl":"https:\/\/www.bluehouse.fr\/JB6\/carnet-de-vol\/wp-content\/uploads\/2024\/07\/DSC00030.jpeg","articleSection":["r\u00e9cit"],"inLanguage":"fr-FR","potentialAction":[{"@type":"CommentAction","name":"Comment","target":["https:\/\/www.bluehouse.fr\/JB6\/carnet-de-vol\/2024\/07\/21\/cross-du-20-juillet-2024-signal-de-bisanne\/#respond"]}]},{"@type":"WebPage","@id":"https:\/\/www.bluehouse.fr\/JB6\/carnet-de-vol\/2024\/07\/21\/cross-du-20-juillet-2024-signal-de-bisanne\/","url":"https:\/\/www.bluehouse.fr\/JB6\/carnet-de-vol\/2024\/07\/21\/cross-du-20-juillet-2024-signal-de-bisanne\/","name":"Cross du 20 juillet 2024 - Signal de Bisanne - Carnet de Vol","isPartOf":{"@id":"https:\/\/www.bluehouse.fr\/JB6\/carnet-de-vol\/#website"},"primaryImageOfPage":{"@id":"https:\/\/www.bluehouse.fr\/JB6\/carnet-de-vol\/2024\/07\/21\/cross-du-20-juillet-2024-signal-de-bisanne\/#primaryimage"},"image":{"@id":"https:\/\/www.bluehouse.fr\/JB6\/carnet-de-vol\/2024\/07\/21\/cross-du-20-juillet-2024-signal-de-bisanne\/#primaryimage"},"thumbnailUrl":"https:\/\/www.bluehouse.fr\/JB6\/carnet-de-vol\/wp-content\/uploads\/2024\/07\/DSC00030.jpeg","datePublished":"2024-07-21T11:47:56+00:00","dateModified":"2025-03-16T15:57:15+00:00","breadcrumb":{"@id":"https:\/\/www.bluehouse.fr\/JB6\/carnet-de-vol\/2024\/07\/21\/cross-du-20-juillet-2024-signal-de-bisanne\/#breadcrumb"},"inLanguage":"fr-FR","potentialAction":[{"@type":"ReadAction","target":["https:\/\/www.bluehouse.fr\/JB6\/carnet-de-vol\/2024\/07\/21\/cross-du-20-juillet-2024-signal-de-bisanne\/"]}]},{"@type":"ImageObject","inLanguage":"fr-FR","@id":"https:\/\/www.bluehouse.fr\/JB6\/carnet-de-vol\/2024\/07\/21\/cross-du-20-juillet-2024-signal-de-bisanne\/#primaryimage","url":"https:\/\/www.bluehouse.fr\/JB6\/carnet-de-vol\/wp-content\/uploads\/2024\/07\/DSC00030.jpeg","contentUrl":"https:\/\/www.bluehouse.fr\/JB6\/carnet-de-vol\/wp-content\/uploads\/2024\/07\/DSC00030.jpeg","width":1200,"height":800},{"@type":"BreadcrumbList","@id":"https:\/\/www.bluehouse.fr\/JB6\/carnet-de-vol\/2024\/07\/21\/cross-du-20-juillet-2024-signal-de-bisanne\/#breadcrumb","itemListElement":[{"@type":"ListItem","position":1,"name":"Accueil","item":"https:\/\/www.bluehouse.fr\/JB6\/carnet-de-vol\/"},{"@type":"ListItem","position":2,"name":"Cross du 20 juillet 2024 &#8211; Signal de Bisanne"}]},{"@type":"WebSite","@id":"https:\/\/www.bluehouse.fr\/JB6\/carnet-de-vol\/#website","url":"https:\/\/www.bluehouse.fr\/JB6\/carnet-de-vol\/","name":"Carnet de Vol","description":"Carnet de Vol Parapente","publisher":{"@id":"https:\/\/www.bluehouse.fr\/JB6\/carnet-de-vol\/#organization"},"potentialAction":[{"@type":"SearchAction","target":{"@type":"EntryPoint","urlTemplate":"https:\/\/www.bluehouse.fr\/JB6\/carnet-de-vol\/?s={search_term_string}"},"query-input":{"@type":"PropertyValueSpecification","valueRequired":true,"valueName":"search_term_string"}}],"inLanguage":"fr-FR"},{"@type":"Organization","@id":"https:\/\/www.bluehouse.fr\/JB6\/carnet-de-vol\/#organization","name":"Carnet de Vol","url":"https:\/\/www.bluehouse.fr\/JB6\/carnet-de-vol\/","logo":{"@type":"ImageObject","inLanguage":"fr-FR","@id":"https:\/\/www.bluehouse.fr\/JB6\/carnet-de-vol\/#\/schema\/logo\/image\/","url":"https:\/\/www.bluehouse.fr\/JB6\/carnet-de-vol\/wp-content\/uploads\/2023\/11\/logo.png","contentUrl":"https:\/\/www.bluehouse.fr\/JB6\/carnet-de-vol\/wp-content\/uploads\/2023\/11\/logo.png","width":400,"height":400,"caption":"Carnet de Vol"},"image":{"@id":"https:\/\/www.bluehouse.fr\/JB6\/carnet-de-vol\/#\/schema\/logo\/image\/"}},{"@type":"Person","@id":"https:\/\/www.bluehouse.fr\/JB6\/carnet-de-vol\/#\/schema\/person\/5d86adbd628adb05f7f8b7b24afe7187","name":"Jacques Bayol","image":{"@type":"ImageObject","inLanguage":"fr-FR","@id":"https:\/\/secure.gravatar.com\/avatar\/15bcc0a70bbdf1d887a3eba73fa1a16a018cf14529c2d51827403d81e6a05255?s=96&d=mm&r=g","url":"https:\/\/secure.gravatar.com\/avatar\/15bcc0a70bbdf1d887a3eba73fa1a16a018cf14529c2d51827403d81e6a05255?s=96&d=mm&r=g","contentUrl":"https:\/\/secure.gravatar.com\/avatar\/15bcc0a70bbdf1d887a3eba73fa1a16a018cf14529c2d51827403d81e6a05255?s=96&d=mm&r=g","caption":"Jacques Bayol"},"description":"Pilote de vol libre depuis 1974, modeste webmaster de ce site.","url":"https:\/\/www.bluehouse.fr\/JB6\/carnet-de-vol\/author\/jack\/"}]}},"jetpack_featured_media_url":"https:\/\/www.bluehouse.fr\/JB6\/carnet-de-vol\/wp-content\/uploads\/2024\/07\/DSC00030.jpeg","jetpack_sharing_enabled":true,"_links":{"self":[{"href":"https:\/\/www.bluehouse.fr\/JB6\/carnet-de-vol\/wp-json\/wp\/v2\/posts\/243937","targetHints":{"allow":["GET"]}}],"collection":[{"href":"https:\/\/www.bluehouse.fr\/JB6\/carnet-de-vol\/wp-json\/wp\/v2\/posts"}],"about":[{"href":"https:\/\/www.bluehouse.fr\/JB6\/carnet-de-vol\/wp-json\/wp\/v2\/types\/post"}],"author":[{"embeddable":true,"href":"https:\/\/www.bluehouse.fr\/JB6\/carnet-de-vol\/wp-json\/wp\/v2\/users\/57"}],"replies":[{"embeddable":true,"href":"https:\/\/www.bluehouse.fr\/JB6\/carnet-de-vol\/wp-json\/wp\/v2\/comments?post=243937"}],"version-history":[{"count":3,"href":"https:\/\/www.bluehouse.fr\/JB6\/carnet-de-vol\/wp-json\/wp\/v2\/posts\/243937\/revisions"}],"predecessor-version":[{"id":244881,"href":"https:\/\/www.bluehouse.fr\/JB6\/carnet-de-vol\/wp-json\/wp\/v2\/posts\/243937\/revisions\/244881"}],"wp:featuredmedia":[{"embeddable":true,"href":"https:\/\/www.bluehouse.fr\/JB6\/carnet-de-vol\/wp-json\/wp\/v2\/media\/243939"}],"wp:attachment":[{"href":"https:\/\/www.bluehouse.fr\/JB6\/carnet-de-vol\/wp-json\/wp\/v2\/media?parent=243937"}],"wp:term":[{"taxonomy":"category","embeddable":true,"href":"https:\/\/www.bluehouse.fr\/JB6\/carnet-de-vol\/wp-json\/wp\/v2\/categories?post=243937"},{"taxonomy":"post_tag","embeddable":true,"href":"https:\/\/www.bluehouse.fr\/JB6\/carnet-de-vol\/wp-json\/wp\/v2\/tags?post=243937"}],"curies":[{"name":"wp","href":"https:\/\/api.w.org\/{rel}","templated":true}]}}