{"id":242715,"date":"2024-05-13T12:33:11","date_gmt":"2024-05-13T10:33:11","guid":{"rendered":"https:\/\/www.bluehouse.fr\/JB6\/carnet-de-vol\/?p=242715"},"modified":"2025-03-16T17:00:06","modified_gmt":"2025-03-16T16:00:06","slug":"open-de-st-hil-2024","status":"publish","type":"post","link":"https:\/\/www.bluehouse.fr\/JB6\/carnet-de-vol\/2024\/05\/13\/open-de-st-hil-2024\/","title":{"rendered":"Open de Chartreuse 2024"},"content":{"rendered":"<p>[et_pb_section fb_built=&#8221;1&#8243; _builder_version=&#8221;4.25.1&#8243; _module_preset=&#8221;default&#8221; custom_padding=&#8221;8px|||||&#8221; da_disable_devices=&#8221;off|off|off&#8221; global_colors_info=&#8221;{}&#8221; theme_builder_area=&#8221;post_content&#8221; da_is_popup=&#8221;off&#8221; da_exit_intent=&#8221;off&#8221; da_has_close=&#8221;on&#8221; da_alt_close=&#8221;off&#8221; da_dark_close=&#8221;off&#8221; da_not_modal=&#8221;on&#8221; da_is_singular=&#8221;off&#8221; da_with_loader=&#8221;off&#8221; da_has_shadow=&#8221;on&#8221;][et_pb_row _builder_version=&#8221;4.25.1&#8243; _module_preset=&#8221;default&#8221; global_colors_info=&#8221;{}&#8221; theme_builder_area=&#8221;post_content&#8221;][et_pb_column type=&#8221;4_4&#8243; _builder_version=&#8221;4.25.1&#8243; _module_preset=&#8221;default&#8221; global_colors_info=&#8221;{}&#8221; theme_builder_area=&#8221;post_content&#8221;][et_pb_text _builder_version=&#8221;4.25.1&#8243; _module_preset=&#8221;default&#8221; custom_margin=&#8221;-17px|||||&#8221; global_colors_info=&#8221;{}&#8221; theme_builder_area=&#8221;post_content&#8221;]<\/p>\n<h2>Comp\u00e9tition Sport \u00e0 St-Hilaire du Touvet<\/h2>\n<p>[\/et_pb_text][et_pb_text _builder_version=&#8221;4.25.1&#8243; _module_preset=&#8221;default&#8221; global_colors_info=&#8221;{}&#8221; theme_builder_area=&#8221;post_content&#8221;]<\/p>\n<p>L\u2019Open de Chartreuse devait se d\u00e9rouler sur 2 jours les 11 et 12 mai 2024 mais la m\u00e9t\u00e9o en a d\u00e9cid\u00e9 autrement et c\u2019est finalement une seule manche qui s\u2019est courue le samedi.<br \/>Nous sommes 2 pilotes du CHVD, Maxime Berthoud (Cumeo 2 Skywalk B+) et votre r\u00e9dacteur (Photon Ozone C 2l) inscrits \u00e0 cette comp\u00e9tition Sport. Pour Maxime c\u2019est une premi\u00e8re et pour moi c\u2019est la troisi\u00e8me de la saison apr\u00e8s Gourdon et les Saisies. La m\u00e9t\u00e9o est en fin digne d\u2019un temps de printemps avec peu de vent et des plafs qui devraient d\u00e9passer 2300 m si les cumulus ne se mat\u00e9rialisent pas trop vite (il y a encore beaucoup d\u2019humidit\u00e9 dans l\u2019air). Le parcours est des plus classique : Start \u00e0 l\u2019Emeindras, B1 R\u00e9servoirs du St Eynard, B2 Rachais, B3 Granier, B4 Prapoutel, ESS (fin de la section temps) Lumbin et Goal \u00e0 l\u2019atterro.<\/p>\n<p>[\/et_pb_text][\/et_pb_column][\/et_pb_row][et_pb_row column_structure=&#8221;1_2,1_2&#8243; _builder_version=&#8221;4.25.1&#8243; _module_preset=&#8221;default&#8221; global_colors_info=&#8221;{}&#8221; theme_builder_area=&#8221;post_content&#8221;][et_pb_column type=&#8221;1_2&#8243; _builder_version=&#8221;4.25.1&#8243; _module_preset=&#8221;default&#8221; global_colors_info=&#8221;{}&#8221; theme_builder_area=&#8221;post_content&#8221;][et_pb_image src=&#8221;https:\/\/www.bluehouse.fr\/JB6\/carnet-de-vol\/wp-content\/uploads\/2024\/05\/DSC09859.jpeg&#8221; title_text=&#8221;DSC09859&#8243; show_in_lightbox=&#8221;on&#8221; _builder_version=&#8221;4.25.1&#8243; _module_preset=&#8221;default&#8221; global_colors_info=&#8221;{}&#8221; theme_builder_area=&#8221;post_content&#8221;][\/et_pb_image][et_pb_text admin_label=&#8221;l\u00e9gende&#8221; _builder_version=&#8221;4.25.1&#8243; _module_preset=&#8221;default&#8221; locked=&#8221;off&#8221; global_colors_info=&#8221;{}&#8221; theme_builder_area=&#8221;post_content&#8221;]<\/p>\n<p><em>Briefing<\/em><\/p>\n<p>[\/et_pb_text][\/et_pb_column][et_pb_column type=&#8221;1_2&#8243; _builder_version=&#8221;4.25.1&#8243; _module_preset=&#8221;default&#8221; global_colors_info=&#8221;{}&#8221; theme_builder_area=&#8221;post_content&#8221;][et_pb_image src=&#8221;https:\/\/www.bluehouse.fr\/JB6\/carnet-de-vol\/wp-content\/uploads\/2024\/05\/DSC09864.jpeg&#8221; title_text=&#8221;DSC09864&#8243; show_in_lightbox=&#8221;on&#8221; _builder_version=&#8221;4.25.1&#8243; _module_preset=&#8221;default&#8221; global_colors_info=&#8221;{}&#8221; theme_builder_area=&#8221;post_content&#8221;][\/et_pb_image][et_pb_text admin_label=&#8221;l\u00e9gende&#8221; _builder_version=&#8221;4.25.1&#8243; _module_preset=&#8221;default&#8221; locked=&#8221;off&#8221; global_colors_info=&#8221;{}&#8221; theme_builder_area=&#8221;post_content&#8221;]<\/p>\n<p><em>Travers\u00e9e du Manival<\/em><\/p>\n<p>[\/et_pb_text][\/et_pb_column][\/et_pb_row][et_pb_row column_structure=&#8221;1_2,1_2&#8243; _builder_version=&#8221;4.25.1&#8243; _module_preset=&#8221;default&#8221; global_colors_info=&#8221;{}&#8221; theme_builder_area=&#8221;post_content&#8221;][et_pb_column type=&#8221;1_2&#8243; _builder_version=&#8221;4.25.1&#8243; _module_preset=&#8221;default&#8221; global_colors_info=&#8221;{}&#8221; theme_builder_area=&#8221;post_content&#8221;][et_pb_image src=&#8221;https:\/\/www.bluehouse.fr\/JB6\/carnet-de-vol\/wp-content\/uploads\/2024\/05\/DSC09865.jpeg&#8221; title_text=&#8221;DSC09865&#8243; show_in_lightbox=&#8221;on&#8221; _builder_version=&#8221;4.25.1&#8243; _module_preset=&#8221;default&#8221; global_colors_info=&#8221;{}&#8221; theme_builder_area=&#8221;post_content&#8221;][\/et_pb_image][et_pb_text admin_label=&#8221;l\u00e9gende&#8221; _builder_version=&#8221;4.25.1&#8243; _module_preset=&#8221;default&#8221; locked=&#8221;off&#8221; global_colors_info=&#8221;{}&#8221; theme_builder_area=&#8221;post_content&#8221;]<\/p>\n<p><em>La Chartreuse en attendant le Sart<\/em><\/p>\n<p>[\/et_pb_text][\/et_pb_column][et_pb_column type=&#8221;1_2&#8243; _builder_version=&#8221;4.25.1&#8243; _module_preset=&#8221;default&#8221; global_colors_info=&#8221;{}&#8221; theme_builder_area=&#8221;post_content&#8221;][et_pb_image src=&#8221;https:\/\/www.bluehouse.fr\/JB6\/carnet-de-vol\/wp-content\/uploads\/2024\/05\/DSC09874.jpeg&#8221; title_text=&#8221;DSC09874&#8243; show_in_lightbox=&#8221;on&#8221; _builder_version=&#8221;4.25.1&#8243; _module_preset=&#8221;default&#8221; global_colors_info=&#8221;{}&#8221; theme_builder_area=&#8221;post_content&#8221;][\/et_pb_image][et_pb_text admin_label=&#8221;l\u00e9gende&#8221; _builder_version=&#8221;4.25.1&#8243; _module_preset=&#8221;default&#8221; locked=&#8221;off&#8221; global_colors_info=&#8221;{}&#8221; theme_builder_area=&#8221;post_content&#8221;]<\/p>\n<p><em>La grappe avant le Start<\/em><\/p>\n<p>[\/et_pb_text][\/et_pb_column][\/et_pb_row][et_pb_row _builder_version=&#8221;4.25.1&#8243; _module_preset=&#8221;default&#8221; global_colors_info=&#8221;{}&#8221; theme_builder_area=&#8221;post_content&#8221;][et_pb_column type=&#8221;4_4&#8243; _builder_version=&#8221;4.25.1&#8243; _module_preset=&#8221;default&#8221; global_colors_info=&#8221;{}&#8221; theme_builder_area=&#8221;post_content&#8221;][et_pb_text _builder_version=&#8221;4.25.1&#8243; _module_preset=&#8221;default&#8221; global_colors_info=&#8221;{}&#8221; theme_builder_area=&#8221;post_content&#8221;]<\/p>\n<p>\u00c0 13H 30, la grappe de 110 pilotes qui tourne au-dessus de l\u2019Emeindras (de l\u2019autre c\u00f4t\u00e9 du Manival) depuis un bon moment part en direction du St-Eynard. Je suis bien plac\u00e9 et j\u2019entame un circuit que je connais par c\u0153ur (j\u2019ai d\u00fb le boucler pour la premi\u00e8re fois il y a plus de 25 ans\u2026). Alors en arrivant \u00e0 B1 je suis en train de prendre des photos pour illustrer cet article et je passe \u00e0 c\u00f4t\u00e9 du cylindre sans m\u2019en rendre compte. Je m\u2019aper\u00e7ois de ma bourde quand je jette un \u0153il \u00e0 l\u2019ordinateur de bord et que la fl\u00e8che m\u2019indique que je dois faire demi-tour\u00a0! J\u2019\u00e9tais dans les premiers et je me retrouve bien 50 places derri\u00e8re le groupe de t\u00eate. Il va falloir voler bas et au 2<sup>\u00e8me<\/sup> barreau si je veux esp\u00e9rer remonter dans le classement.<\/p>\n<p>[\/et_pb_text][\/et_pb_column][\/et_pb_row][et_pb_row column_structure=&#8221;1_2,1_2&#8243; _builder_version=&#8221;4.25.1&#8243; _module_preset=&#8221;default&#8221; global_colors_info=&#8221;{}&#8221; theme_builder_area=&#8221;post_content&#8221;][et_pb_column type=&#8221;1_2&#8243; _builder_version=&#8221;4.25.1&#8243; _module_preset=&#8221;default&#8221; global_colors_info=&#8221;{}&#8221; theme_builder_area=&#8221;post_content&#8221;][et_pb_image src=&#8221;https:\/\/www.bluehouse.fr\/JB6\/carnet-de-vol\/wp-content\/uploads\/2024\/05\/DSC09878.jpeg&#8221; title_text=&#8221;DSC09878&#8243; show_in_lightbox=&#8221;on&#8221; _builder_version=&#8221;4.25.1&#8243; _module_preset=&#8221;default&#8221; global_colors_info=&#8221;{}&#8221; theme_builder_area=&#8221;post_content&#8221;][\/et_pb_image][et_pb_text admin_label=&#8221;l\u00e9gende&#8221; _builder_version=&#8221;4.25.1&#8243; _module_preset=&#8221;default&#8221; locked=&#8221;off&#8221; global_colors_info=&#8221;{}&#8221; theme_builder_area=&#8221;post_content&#8221;]<\/p>\n<p><em>En arrivant \u00e0 B1, le St-Eynard<\/em><\/p>\n<p>[\/et_pb_text][\/et_pb_column][et_pb_column type=&#8221;1_2&#8243; _builder_version=&#8221;4.25.1&#8243; _module_preset=&#8221;default&#8221; global_colors_info=&#8221;{}&#8221; theme_builder_area=&#8221;post_content&#8221;][et_pb_image src=&#8221;https:\/\/www.bluehouse.fr\/JB6\/carnet-de-vol\/wp-content\/uploads\/2024\/05\/DSC09881.jpeg&#8221; title_text=&#8221;DSC09881&#8243; show_in_lightbox=&#8221;on&#8221; _builder_version=&#8221;4.25.1&#8243; _module_preset=&#8221;default&#8221; global_colors_info=&#8221;{}&#8221; theme_builder_area=&#8221;post_content&#8221;][\/et_pb_image][et_pb_text admin_label=&#8221;l\u00e9gende&#8221; _builder_version=&#8221;4.25.1&#8243; _module_preset=&#8221;default&#8221; locked=&#8221;off&#8221; global_colors_info=&#8221;{}&#8221; theme_builder_area=&#8221;post_content&#8221;]<\/p>\n<p><em>En allant sur B2, le Rachais<\/em><\/p>\n<p>[\/et_pb_text][\/et_pb_column][\/et_pb_row][et_pb_row _builder_version=&#8221;4.25.1&#8243; _module_preset=&#8221;default&#8221; global_colors_info=&#8221;{}&#8221; theme_builder_area=&#8221;post_content&#8221;][et_pb_column type=&#8221;4_4&#8243; _builder_version=&#8221;4.25.1&#8243; _module_preset=&#8221;default&#8221; global_colors_info=&#8221;{}&#8221; theme_builder_area=&#8221;post_content&#8221;][et_pb_text _builder_version=&#8221;4.25.1&#8243; _module_preset=&#8221;default&#8221; global_colors_info=&#8221;{}&#8221; theme_builder_area=&#8221;post_content&#8221;]<\/p>\n<p>Depuis B2 (Le Rachais) je vole pratiquement tout droit jusqu\u2019\u00e0 St-M\u00eame o\u00f9 je dois absolument monter pour passer en face ouest du Granier et l\u00e0 \u00e9videment \u00e7a ne monte pas. Tous ceux que j\u2019ai rattrap\u00e9 par le bas me repassent sur la t\u00eate. Alors d\u00e8s que j\u2019ai assez de hauteur (vers 2200 m) je traverse le plateau. Apr\u00e8s B3 je reviens \u00e0 St-M\u00eame pour faire le plein avant de transiter sur St-Genix mais \u00e7a passe tout \u00e0 l\u2019ombre et je zone un bon moment avant d\u2019arriver \u00e0 faire 2100 m (la hauteur que je m\u2019\u00e9tais fix\u00e9e pour traverser la vall\u00e9e) et Maxime n\u2019est pas loin derri\u00e8re. J\u2019aurais pu partir bien plus bas car \u00e0 St-Genix j\u2019arrive largement au-dessus du sommet. Il y a bien une dizaine d\u2019aile en-dessous. J\u2019ai en fin combl\u00e9 un peu de mon retard.<\/p>\n<p>[\/et_pb_text][\/et_pb_column][\/et_pb_row][et_pb_row column_structure=&#8221;1_2,1_2&#8243; _builder_version=&#8221;4.25.1&#8243; _module_preset=&#8221;default&#8221; global_colors_info=&#8221;{}&#8221; theme_builder_area=&#8221;post_content&#8221;][et_pb_column type=&#8221;1_2&#8243; _builder_version=&#8221;4.25.1&#8243; _module_preset=&#8221;default&#8221; global_colors_info=&#8221;{}&#8221; theme_builder_area=&#8221;post_content&#8221;][et_pb_image src=&#8221;https:\/\/www.bluehouse.fr\/JB6\/carnet-de-vol\/wp-content\/uploads\/2024\/05\/DSC09883.jpeg&#8221; title_text=&#8221;DSC09883&#8243; show_in_lightbox=&#8221;on&#8221; _builder_version=&#8221;4.25.1&#8243; _module_preset=&#8221;default&#8221; global_colors_info=&#8221;{}&#8221; theme_builder_area=&#8221;post_content&#8221;][\/et_pb_image][et_pb_text admin_label=&#8221;l\u00e9gende&#8221; _builder_version=&#8221;4.25.1&#8243; _module_preset=&#8221;default&#8221; locked=&#8221;off&#8221; global_colors_info=&#8221;{}&#8221; theme_builder_area=&#8221;post_content&#8221;]<\/p>\n<p><em>Retour sur le St-Eynard<\/em><\/p>\n<p>[\/et_pb_text][\/et_pb_column][et_pb_column type=&#8221;1_2&#8243; _builder_version=&#8221;4.25.1&#8243; _module_preset=&#8221;default&#8221; global_colors_info=&#8221;{}&#8221; theme_builder_area=&#8221;post_content&#8221;][et_pb_image src=&#8221;https:\/\/www.bluehouse.fr\/JB6\/carnet-de-vol\/wp-content\/uploads\/2024\/05\/DSC09869.jpeg&#8221; title_text=&#8221;DSC09869&#8243; show_in_lightbox=&#8221;on&#8221; _builder_version=&#8221;4.25.1&#8243; _module_preset=&#8221;default&#8221; global_colors_info=&#8221;{}&#8221; theme_builder_area=&#8221;post_content&#8221;][\/et_pb_image][et_pb_text admin_label=&#8221;l\u00e9gende&#8221; _builder_version=&#8221;4.25.1&#8243; _module_preset=&#8221;default&#8221; locked=&#8221;off&#8221; global_colors_info=&#8221;{}&#8221; theme_builder_area=&#8221;post_content&#8221;]<\/p>\n<p><em>Devant Chamechaude<\/em><\/p>\n<p>[\/et_pb_text][\/et_pb_column][\/et_pb_row][et_pb_row column_structure=&#8221;1_2,1_2&#8243; _builder_version=&#8221;4.25.1&#8243; _module_preset=&#8221;default&#8221; global_colors_info=&#8221;{}&#8221; theme_builder_area=&#8221;post_content&#8221;][et_pb_column type=&#8221;1_2&#8243; _builder_version=&#8221;4.25.1&#8243; _module_preset=&#8221;default&#8221; global_colors_info=&#8221;{}&#8221; theme_builder_area=&#8221;post_content&#8221;][et_pb_image src=&#8221;https:\/\/www.bluehouse.fr\/JB6\/carnet-de-vol\/wp-content\/uploads\/2024\/05\/DSC09890.jpeg&#8221; title_text=&#8221;DSC09890&#8243; show_in_lightbox=&#8221;on&#8221; _builder_version=&#8221;4.25.1&#8243; _module_preset=&#8221;default&#8221; global_colors_info=&#8221;{}&#8221; theme_builder_area=&#8221;post_content&#8221;][\/et_pb_image][et_pb_text admin_label=&#8221;l\u00e9gende&#8221; _builder_version=&#8221;4.25.1&#8243; _module_preset=&#8221;default&#8221; locked=&#8221;off&#8221; global_colors_info=&#8221;{}&#8221; theme_builder_area=&#8221;post_content&#8221;]<\/p>\n<p><em>Arriv\u00e9e \u00e0 B3, le Granier<\/em><\/p>\n<p>[\/et_pb_text][\/et_pb_column][et_pb_column type=&#8221;1_2&#8243; _builder_version=&#8221;4.25.1&#8243; _module_preset=&#8221;default&#8221; global_colors_info=&#8221;{}&#8221; theme_builder_area=&#8221;post_content&#8221;][et_pb_image src=&#8221;https:\/\/www.bluehouse.fr\/JB6\/carnet-de-vol\/wp-content\/uploads\/2024\/05\/DSC09894.jpeg&#8221; title_text=&#8221;DSC09894&#8243; show_in_lightbox=&#8221;on&#8221; _builder_version=&#8221;4.25.1&#8243; _module_preset=&#8221;default&#8221; global_colors_info=&#8221;{}&#8221; theme_builder_area=&#8221;post_content&#8221;][\/et_pb_image][et_pb_text admin_label=&#8221;l\u00e9gende&#8221; _builder_version=&#8221;4.25.1&#8243; _module_preset=&#8221;default&#8221; locked=&#8221;off&#8221; global_colors_info=&#8221;{}&#8221; theme_builder_area=&#8221;post_content&#8221;]<\/p>\n<p><em>Transition sur St-Genix<\/em><\/p>\n<p>[\/et_pb_text][\/et_pb_column][\/et_pb_row][et_pb_row _builder_version=&#8221;4.25.1&#8243; _module_preset=&#8221;default&#8221; global_colors_info=&#8221;{}&#8221; theme_builder_area=&#8221;post_content&#8221;][et_pb_column type=&#8221;4_4&#8243; _builder_version=&#8221;4.25.1&#8243; _module_preset=&#8221;default&#8221; global_colors_info=&#8221;{}&#8221; theme_builder_area=&#8221;post_content&#8221;][et_pb_text _builder_version=&#8221;4.25.1&#8243; _module_preset=&#8221;default&#8221; global_colors_info=&#8221;{}&#8221; theme_builder_area=&#8221;post_content&#8221;]<\/p>\n<p>J\u2019arrive \u00e0 B4 assez haut, il ne me reste plus que l\u2019ESS \u00e0 claquer et le Goal. L\u2019ordi me dit que je n\u2019ai pas besoin de monter plus haut, que j\u2019ai le \u00ab\u00a0Final Glide\u00a0\u00bb pour rentrer mais il n\u2019est que 16h, et je n\u2019ai pas envie d\u2019aller me poser. Alors je d\u00e9cide de continuer vers Chamrousse, tant pis pour le classement. Mais \u00e9videmment, le ciel ne l\u2019entend pas de cette oreille et je ne trouve rien \u00e0 B\u00e9dina, je descends et fini par me retrouver sous Prapout\u00a0! Bon ben \u00e7a c\u2019est fait, maintenant il va falloir essayer de rentrer. Je reprends donc la comp\u00e8te mais je tombe du ciel en me dirigeant vers les avants reliefs. Je m\u2019engage dans la combe de Laval qui est barr\u00e9e par une belle ligne \u00e0 \u00ab\u00a0Haute Tension\u00a0\u00bb en sortie. Il y a une aile qui monte de l\u2019autre c\u00f4t\u00e9, je comprends pourquoi \u00e7a d\u00e9gueule comme \u00e7a\u00a0! Je colle aux arbres dont le feuillage s\u2019agite dans tous les sens \u00a0et je sors au vent \u00e0 la hauteur de la Tour de Montfallet et l\u00e0 bingo \u00e7a remonte dans du +3. Je me dis que \u00e7a pourrait aller jusqu\u2019au nuage, mais non, \u00e7a s\u2019arr\u00eate, je suis \u00e0 7 de finesse du goal alors je vais boire une bonne bi\u00e8re chez Xavier. En volant comme un sac je fini au goal 58<sup>\u00e8me<\/sup>\u2026<\/p>\n<p>Et Maxime dans tout \u00e7a\u00a0? Ce que je sais, c\u2019est qu\u2019il s\u2019est pos\u00e9 \u00e0 Brignoud, qu\u2019il a fait le start <em>apr\u00e8s<\/em> B1 et B2 mais il nous racontera sans doute en commentaire de cet article ce qui s\u2019est vraiment pass\u00e9. On fera mieux \u00e0 la prochaine qui devrait avoir lieu \u00e0 Mieussy le WE du 18-19 mai 2024.<\/p>\n<p>[\/et_pb_text][\/et_pb_column][\/et_pb_row][et_pb_row column_structure=&#8221;1_2,1_2&#8243; _builder_version=&#8221;4.25.1&#8243; _module_preset=&#8221;default&#8221; global_colors_info=&#8221;{}&#8221; theme_builder_area=&#8221;post_content&#8221;][et_pb_column type=&#8221;1_2&#8243; _builder_version=&#8221;4.25.1&#8243; _module_preset=&#8221;default&#8221; global_colors_info=&#8221;{}&#8221; theme_builder_area=&#8221;post_content&#8221;][et_pb_image src=&#8221;https:\/\/www.bluehouse.fr\/JB6\/carnet-de-vol\/wp-content\/uploads\/2024\/05\/DSC09899.jpeg&#8221; title_text=&#8221;DSC09899&#8243; show_in_lightbox=&#8221;on&#8221; _builder_version=&#8221;4.25.1&#8243; _module_preset=&#8221;default&#8221; global_colors_info=&#8221;{}&#8221; theme_builder_area=&#8221;post_content&#8221;][\/et_pb_image][et_pb_text admin_label=&#8221;l\u00e9gende&#8221; _builder_version=&#8221;4.25.1&#8243; _module_preset=&#8221;default&#8221; locked=&#8221;off&#8221; global_colors_info=&#8221;{}&#8221; theme_builder_area=&#8221;post_content&#8221;]<\/p>\n<p><em>Goal Atterro de Lumbin<\/em><\/p>\n<p>[\/et_pb_text][\/et_pb_column][et_pb_column type=&#8221;1_2&#8243; _builder_version=&#8221;4.25.1&#8243; _module_preset=&#8221;default&#8221; global_colors_info=&#8221;{}&#8221; theme_builder_area=&#8221;post_content&#8221;][et_pb_image src=&#8221;https:\/\/www.bluehouse.fr\/JB6\/carnet-de-vol\/wp-content\/uploads\/2024\/05\/IMG_5313.jpeg&#8221; title_text=&#8221;IMG_5313&#8243; show_in_lightbox=&#8221;on&#8221; _builder_version=&#8221;4.25.1&#8243; _module_preset=&#8221;default&#8221; global_colors_info=&#8221;{}&#8221; theme_builder_area=&#8221;post_content&#8221;][\/et_pb_image][et_pb_text admin_label=&#8221;l\u00e9gende&#8221; _builder_version=&#8221;4.25.1&#8243; _module_preset=&#8221;default&#8221; locked=&#8221;off&#8221; global_colors_info=&#8221;{}&#8221; theme_builder_area=&#8221;post_content&#8221;]<\/p>\n<p><em>Podium Sport<\/p>\n<p><\/em><em><\/em><\/p>\n<p><em><\/em><\/p>\n<p>[\/et_pb_text][\/et_pb_column][\/et_pb_row][et_pb_row column_structure=&#8221;1_2,1_2&#8243; _builder_version=&#8221;4.25.1&#8243; _module_preset=&#8221;default&#8221; global_colors_info=&#8221;{}&#8221; theme_builder_area=&#8221;post_content&#8221;][et_pb_column type=&#8221;1_2&#8243; _builder_version=&#8221;4.25.1&#8243; _module_preset=&#8221;default&#8221; global_colors_info=&#8221;{}&#8221; theme_builder_area=&#8221;post_content&#8221;][et_pb_button button_url=&#8221;https:\/\/www.bluehouse.fr\/JB6\/carnet-de-vol\/competition-sport-2024\/&#8221; button_text=&#8221;Traces et classement&#8221; _builder_version=&#8221;4.25.1&#8243; _module_preset=&#8221;default&#8221; custom_button=&#8221;on&#8221; button_border_width=&#8221;0px&#8221; button_border_radius=&#8221;0px&#8221; button_icon=&#8221;&#xe01c;||divi||400&#8243; box_shadow_style=&#8221;preset4&#8243; global_colors_info=&#8221;{}&#8221; theme_builder_area=&#8221;post_content&#8221;][\/et_pb_button][\/et_pb_column][et_pb_column type=&#8221;1_2&#8243; _builder_version=&#8221;4.25.1&#8243; _module_preset=&#8221;default&#8221; global_colors_info=&#8221;{}&#8221; theme_builder_area=&#8221;post_content&#8221;][\/et_pb_column][\/et_pb_row][\/et_pb_section]<\/p>\n","protected":false},"excerpt":{"rendered":"<p>Comp\u00e9tition Sport \u00e0 St-Hilaire du TouvetL\u2019Open de Chartreuse devait se d\u00e9rouler sur 2 jours les 11 et 12 mai 2024 mais la m\u00e9t\u00e9o en a d\u00e9cid\u00e9 autrement et c\u2019est finalement une seule manche qui s\u2019est courue le samedi.Nous sommes 2 pilotes du CHVD, Maxime Berthoud (Cumeo 2 Skywalk B+) et votre r\u00e9dacteur (Photon Ozone C [&hellip;]<\/p>\n","protected":false},"author":57,"featured_media":242642,"comment_status":"open","ping_status":"open","sticky":false,"template":"","format":"standard","meta":{"_et_pb_use_builder":"on","_et_pb_old_content":"","_et_gb_content_width":"","_jetpack_memberships_contains_paid_content":false,"_joinchat":[],"footnotes":""},"categories":[61],"tags":[],"class_list":["post-242715","post","type-post","status-publish","format-standard","has-post-thumbnail","hentry","category-recit"],"yoast_head":"<!-- This site is optimized with the Yoast SEO plugin v27.5 - https:\/\/yoast.com\/product\/yoast-seo-wordpress\/ -->\n<title>Open de Chartreuse 2024 - Carnet de Vol<\/title>\n<meta name=\"robots\" content=\"index, follow, max-snippet:-1, max-image-preview:large, max-video-preview:-1\" \/>\n<link rel=\"canonical\" href=\"https:\/\/www.bluehouse.fr\/JB6\/carnet-de-vol\/2024\/05\/13\/open-de-st-hil-2024\/\" \/>\n<meta property=\"og:locale\" content=\"fr_FR\" \/>\n<meta property=\"og:type\" content=\"article\" \/>\n<meta property=\"og:title\" content=\"Open de Chartreuse 2024 - Carnet de Vol\" \/>\n<meta property=\"og:description\" content=\"Comp\u00e9tition Sport \u00e0 St-Hilaire du TouvetL\u2019Open de Chartreuse devait se d\u00e9rouler sur 2 jours les 11 et 12 mai 2024 mais la m\u00e9t\u00e9o en a d\u00e9cid\u00e9 autrement et c\u2019est finalement une seule manche qui s\u2019est courue le samedi.Nous sommes 2 pilotes du CHVD, Maxime Berthoud (Cumeo 2 Skywalk B+) et votre r\u00e9dacteur (Photon Ozone C [&hellip;]\" \/>\n<meta property=\"og:url\" content=\"https:\/\/www.bluehouse.fr\/JB6\/carnet-de-vol\/2024\/05\/13\/open-de-st-hil-2024\/\" \/>\n<meta property=\"og:site_name\" content=\"Carnet de Vol\" \/>\n<meta property=\"article:published_time\" content=\"2024-05-13T10:33:11+00:00\" \/>\n<meta property=\"article:modified_time\" content=\"2025-03-16T16:00:06+00:00\" \/>\n<meta property=\"og:image\" content=\"https:\/\/www.bluehouse.fr\/JB6\/carnet-de-vol\/wp-content\/uploads\/2024\/05\/DSC09874.jpeg\" \/>\n\t<meta property=\"og:image:width\" content=\"1200\" \/>\n\t<meta property=\"og:image:height\" content=\"800\" \/>\n\t<meta property=\"og:image:type\" content=\"image\/jpeg\" \/>\n<meta name=\"author\" content=\"Jacques Bayol\" \/>\n<meta name=\"twitter:card\" content=\"summary_large_image\" \/>\n<meta name=\"twitter:label1\" content=\"\u00c9crit par\" \/>\n\t<meta name=\"twitter:data1\" content=\"Jacques Bayol\" \/>\n\t<meta name=\"twitter:label2\" content=\"Dur\u00e9e de lecture estim\u00e9e\" \/>\n\t<meta name=\"twitter:data2\" content=\"7 minutes\" \/>\n<script type=\"application\/ld+json\" class=\"yoast-schema-graph\">{\"@context\":\"https:\\\/\\\/schema.org\",\"@graph\":[{\"@type\":\"Article\",\"@id\":\"https:\\\/\\\/www.bluehouse.fr\\\/JB6\\\/carnet-de-vol\\\/2024\\\/05\\\/13\\\/open-de-st-hil-2024\\\/#article\",\"isPartOf\":{\"@id\":\"https:\\\/\\\/www.bluehouse.fr\\\/JB6\\\/carnet-de-vol\\\/2024\\\/05\\\/13\\\/open-de-st-hil-2024\\\/\"},\"author\":{\"name\":\"Jacques Bayol\",\"@id\":\"https:\\\/\\\/www.bluehouse.fr\\\/JB6\\\/carnet-de-vol\\\/#\\\/schema\\\/person\\\/5d86adbd628adb05f7f8b7b24afe7187\"},\"headline\":\"Open de Chartreuse 2024\",\"datePublished\":\"2024-05-13T10:33:11+00:00\",\"dateModified\":\"2025-03-16T16:00:06+00:00\",\"mainEntityOfPage\":{\"@id\":\"https:\\\/\\\/www.bluehouse.fr\\\/JB6\\\/carnet-de-vol\\\/2024\\\/05\\\/13\\\/open-de-st-hil-2024\\\/\"},\"wordCount\":2360,\"commentCount\":0,\"publisher\":{\"@id\":\"https:\\\/\\\/www.bluehouse.fr\\\/JB6\\\/carnet-de-vol\\\/#organization\"},\"image\":{\"@id\":\"https:\\\/\\\/www.bluehouse.fr\\\/JB6\\\/carnet-de-vol\\\/2024\\\/05\\\/13\\\/open-de-st-hil-2024\\\/#primaryimage\"},\"thumbnailUrl\":\"https:\\\/\\\/www.bluehouse.fr\\\/JB6\\\/carnet-de-vol\\\/wp-content\\\/uploads\\\/2024\\\/05\\\/DSC09874.jpeg\",\"articleSection\":[\"r\u00e9cit\"],\"inLanguage\":\"fr-FR\",\"potentialAction\":[{\"@type\":\"CommentAction\",\"name\":\"Comment\",\"target\":[\"https:\\\/\\\/www.bluehouse.fr\\\/JB6\\\/carnet-de-vol\\\/2024\\\/05\\\/13\\\/open-de-st-hil-2024\\\/#respond\"]}]},{\"@type\":\"WebPage\",\"@id\":\"https:\\\/\\\/www.bluehouse.fr\\\/JB6\\\/carnet-de-vol\\\/2024\\\/05\\\/13\\\/open-de-st-hil-2024\\\/\",\"url\":\"https:\\\/\\\/www.bluehouse.fr\\\/JB6\\\/carnet-de-vol\\\/2024\\\/05\\\/13\\\/open-de-st-hil-2024\\\/\",\"name\":\"Open de Chartreuse 2024 - Carnet de Vol\",\"isPartOf\":{\"@id\":\"https:\\\/\\\/www.bluehouse.fr\\\/JB6\\\/carnet-de-vol\\\/#website\"},\"primaryImageOfPage\":{\"@id\":\"https:\\\/\\\/www.bluehouse.fr\\\/JB6\\\/carnet-de-vol\\\/2024\\\/05\\\/13\\\/open-de-st-hil-2024\\\/#primaryimage\"},\"image\":{\"@id\":\"https:\\\/\\\/www.bluehouse.fr\\\/JB6\\\/carnet-de-vol\\\/2024\\\/05\\\/13\\\/open-de-st-hil-2024\\\/#primaryimage\"},\"thumbnailUrl\":\"https:\\\/\\\/www.bluehouse.fr\\\/JB6\\\/carnet-de-vol\\\/wp-content\\\/uploads\\\/2024\\\/05\\\/DSC09874.jpeg\",\"datePublished\":\"2024-05-13T10:33:11+00:00\",\"dateModified\":\"2025-03-16T16:00:06+00:00\",\"breadcrumb\":{\"@id\":\"https:\\\/\\\/www.bluehouse.fr\\\/JB6\\\/carnet-de-vol\\\/2024\\\/05\\\/13\\\/open-de-st-hil-2024\\\/#breadcrumb\"},\"inLanguage\":\"fr-FR\",\"potentialAction\":[{\"@type\":\"ReadAction\",\"target\":[\"https:\\\/\\\/www.bluehouse.fr\\\/JB6\\\/carnet-de-vol\\\/2024\\\/05\\\/13\\\/open-de-st-hil-2024\\\/\"]}]},{\"@type\":\"ImageObject\",\"inLanguage\":\"fr-FR\",\"@id\":\"https:\\\/\\\/www.bluehouse.fr\\\/JB6\\\/carnet-de-vol\\\/2024\\\/05\\\/13\\\/open-de-st-hil-2024\\\/#primaryimage\",\"url\":\"https:\\\/\\\/www.bluehouse.fr\\\/JB6\\\/carnet-de-vol\\\/wp-content\\\/uploads\\\/2024\\\/05\\\/DSC09874.jpeg\",\"contentUrl\":\"https:\\\/\\\/www.bluehouse.fr\\\/JB6\\\/carnet-de-vol\\\/wp-content\\\/uploads\\\/2024\\\/05\\\/DSC09874.jpeg\",\"width\":1200,\"height\":800},{\"@type\":\"BreadcrumbList\",\"@id\":\"https:\\\/\\\/www.bluehouse.fr\\\/JB6\\\/carnet-de-vol\\\/2024\\\/05\\\/13\\\/open-de-st-hil-2024\\\/#breadcrumb\",\"itemListElement\":[{\"@type\":\"ListItem\",\"position\":1,\"name\":\"Accueil\",\"item\":\"https:\\\/\\\/www.bluehouse.fr\\\/JB6\\\/carnet-de-vol\\\/\"},{\"@type\":\"ListItem\",\"position\":2,\"name\":\"Open de Chartreuse 2024\"}]},{\"@type\":\"WebSite\",\"@id\":\"https:\\\/\\\/www.bluehouse.fr\\\/JB6\\\/carnet-de-vol\\\/#website\",\"url\":\"https:\\\/\\\/www.bluehouse.fr\\\/JB6\\\/carnet-de-vol\\\/\",\"name\":\"Carnet de Vol\",\"description\":\"Carnet de Vol Parapente\",\"publisher\":{\"@id\":\"https:\\\/\\\/www.bluehouse.fr\\\/JB6\\\/carnet-de-vol\\\/#organization\"},\"potentialAction\":[{\"@type\":\"SearchAction\",\"target\":{\"@type\":\"EntryPoint\",\"urlTemplate\":\"https:\\\/\\\/www.bluehouse.fr\\\/JB6\\\/carnet-de-vol\\\/?s={search_term_string}\"},\"query-input\":{\"@type\":\"PropertyValueSpecification\",\"valueRequired\":true,\"valueName\":\"search_term_string\"}}],\"inLanguage\":\"fr-FR\"},{\"@type\":\"Organization\",\"@id\":\"https:\\\/\\\/www.bluehouse.fr\\\/JB6\\\/carnet-de-vol\\\/#organization\",\"name\":\"Carnet de Vol\",\"url\":\"https:\\\/\\\/www.bluehouse.fr\\\/JB6\\\/carnet-de-vol\\\/\",\"logo\":{\"@type\":\"ImageObject\",\"inLanguage\":\"fr-FR\",\"@id\":\"https:\\\/\\\/www.bluehouse.fr\\\/JB6\\\/carnet-de-vol\\\/#\\\/schema\\\/logo\\\/image\\\/\",\"url\":\"https:\\\/\\\/www.bluehouse.fr\\\/JB6\\\/carnet-de-vol\\\/wp-content\\\/uploads\\\/2023\\\/11\\\/logo.png\",\"contentUrl\":\"https:\\\/\\\/www.bluehouse.fr\\\/JB6\\\/carnet-de-vol\\\/wp-content\\\/uploads\\\/2023\\\/11\\\/logo.png\",\"width\":400,\"height\":400,\"caption\":\"Carnet de Vol\"},\"image\":{\"@id\":\"https:\\\/\\\/www.bluehouse.fr\\\/JB6\\\/carnet-de-vol\\\/#\\\/schema\\\/logo\\\/image\\\/\"}},{\"@type\":\"Person\",\"@id\":\"https:\\\/\\\/www.bluehouse.fr\\\/JB6\\\/carnet-de-vol\\\/#\\\/schema\\\/person\\\/5d86adbd628adb05f7f8b7b24afe7187\",\"name\":\"Jacques Bayol\",\"image\":{\"@type\":\"ImageObject\",\"inLanguage\":\"fr-FR\",\"@id\":\"https:\\\/\\\/secure.gravatar.com\\\/avatar\\\/15bcc0a70bbdf1d887a3eba73fa1a16a018cf14529c2d51827403d81e6a05255?s=96&d=mm&r=g\",\"url\":\"https:\\\/\\\/secure.gravatar.com\\\/avatar\\\/15bcc0a70bbdf1d887a3eba73fa1a16a018cf14529c2d51827403d81e6a05255?s=96&d=mm&r=g\",\"contentUrl\":\"https:\\\/\\\/secure.gravatar.com\\\/avatar\\\/15bcc0a70bbdf1d887a3eba73fa1a16a018cf14529c2d51827403d81e6a05255?s=96&d=mm&r=g\",\"caption\":\"Jacques Bayol\"},\"description\":\"Pilote de vol libre depuis 1974, modeste webmaster de ce site.\",\"url\":\"https:\\\/\\\/www.bluehouse.fr\\\/JB6\\\/carnet-de-vol\\\/author\\\/jack\\\/\"}]}<\/script>\n<!-- \/ Yoast SEO plugin. -->","yoast_head_json":{"title":"Open de Chartreuse 2024 - Carnet de Vol","robots":{"index":"index","follow":"follow","max-snippet":"max-snippet:-1","max-image-preview":"max-image-preview:large","max-video-preview":"max-video-preview:-1"},"canonical":"https:\/\/www.bluehouse.fr\/JB6\/carnet-de-vol\/2024\/05\/13\/open-de-st-hil-2024\/","og_locale":"fr_FR","og_type":"article","og_title":"Open de Chartreuse 2024 - Carnet de Vol","og_description":"Comp\u00e9tition Sport \u00e0 St-Hilaire du TouvetL\u2019Open de Chartreuse devait se d\u00e9rouler sur 2 jours les 11 et 12 mai 2024 mais la m\u00e9t\u00e9o en a d\u00e9cid\u00e9 autrement et c\u2019est finalement une seule manche qui s\u2019est courue le samedi.Nous sommes 2 pilotes du CHVD, Maxime Berthoud (Cumeo 2 Skywalk B+) et votre r\u00e9dacteur (Photon Ozone C [&hellip;]","og_url":"https:\/\/www.bluehouse.fr\/JB6\/carnet-de-vol\/2024\/05\/13\/open-de-st-hil-2024\/","og_site_name":"Carnet de Vol","article_published_time":"2024-05-13T10:33:11+00:00","article_modified_time":"2025-03-16T16:00:06+00:00","og_image":[{"width":1200,"height":800,"url":"https:\/\/www.bluehouse.fr\/JB6\/carnet-de-vol\/wp-content\/uploads\/2024\/05\/DSC09874.jpeg","type":"image\/jpeg"}],"author":"Jacques Bayol","twitter_card":"summary_large_image","twitter_misc":{"\u00c9crit par":"Jacques Bayol","Dur\u00e9e de lecture estim\u00e9e":"7 minutes"},"schema":{"@context":"https:\/\/schema.org","@graph":[{"@type":"Article","@id":"https:\/\/www.bluehouse.fr\/JB6\/carnet-de-vol\/2024\/05\/13\/open-de-st-hil-2024\/#article","isPartOf":{"@id":"https:\/\/www.bluehouse.fr\/JB6\/carnet-de-vol\/2024\/05\/13\/open-de-st-hil-2024\/"},"author":{"name":"Jacques Bayol","@id":"https:\/\/www.bluehouse.fr\/JB6\/carnet-de-vol\/#\/schema\/person\/5d86adbd628adb05f7f8b7b24afe7187"},"headline":"Open de Chartreuse 2024","datePublished":"2024-05-13T10:33:11+00:00","dateModified":"2025-03-16T16:00:06+00:00","mainEntityOfPage":{"@id":"https:\/\/www.bluehouse.fr\/JB6\/carnet-de-vol\/2024\/05\/13\/open-de-st-hil-2024\/"},"wordCount":2360,"commentCount":0,"publisher":{"@id":"https:\/\/www.bluehouse.fr\/JB6\/carnet-de-vol\/#organization"},"image":{"@id":"https:\/\/www.bluehouse.fr\/JB6\/carnet-de-vol\/2024\/05\/13\/open-de-st-hil-2024\/#primaryimage"},"thumbnailUrl":"https:\/\/www.bluehouse.fr\/JB6\/carnet-de-vol\/wp-content\/uploads\/2024\/05\/DSC09874.jpeg","articleSection":["r\u00e9cit"],"inLanguage":"fr-FR","potentialAction":[{"@type":"CommentAction","name":"Comment","target":["https:\/\/www.bluehouse.fr\/JB6\/carnet-de-vol\/2024\/05\/13\/open-de-st-hil-2024\/#respond"]}]},{"@type":"WebPage","@id":"https:\/\/www.bluehouse.fr\/JB6\/carnet-de-vol\/2024\/05\/13\/open-de-st-hil-2024\/","url":"https:\/\/www.bluehouse.fr\/JB6\/carnet-de-vol\/2024\/05\/13\/open-de-st-hil-2024\/","name":"Open de Chartreuse 2024 - Carnet de Vol","isPartOf":{"@id":"https:\/\/www.bluehouse.fr\/JB6\/carnet-de-vol\/#website"},"primaryImageOfPage":{"@id":"https:\/\/www.bluehouse.fr\/JB6\/carnet-de-vol\/2024\/05\/13\/open-de-st-hil-2024\/#primaryimage"},"image":{"@id":"https:\/\/www.bluehouse.fr\/JB6\/carnet-de-vol\/2024\/05\/13\/open-de-st-hil-2024\/#primaryimage"},"thumbnailUrl":"https:\/\/www.bluehouse.fr\/JB6\/carnet-de-vol\/wp-content\/uploads\/2024\/05\/DSC09874.jpeg","datePublished":"2024-05-13T10:33:11+00:00","dateModified":"2025-03-16T16:00:06+00:00","breadcrumb":{"@id":"https:\/\/www.bluehouse.fr\/JB6\/carnet-de-vol\/2024\/05\/13\/open-de-st-hil-2024\/#breadcrumb"},"inLanguage":"fr-FR","potentialAction":[{"@type":"ReadAction","target":["https:\/\/www.bluehouse.fr\/JB6\/carnet-de-vol\/2024\/05\/13\/open-de-st-hil-2024\/"]}]},{"@type":"ImageObject","inLanguage":"fr-FR","@id":"https:\/\/www.bluehouse.fr\/JB6\/carnet-de-vol\/2024\/05\/13\/open-de-st-hil-2024\/#primaryimage","url":"https:\/\/www.bluehouse.fr\/JB6\/carnet-de-vol\/wp-content\/uploads\/2024\/05\/DSC09874.jpeg","contentUrl":"https:\/\/www.bluehouse.fr\/JB6\/carnet-de-vol\/wp-content\/uploads\/2024\/05\/DSC09874.jpeg","width":1200,"height":800},{"@type":"BreadcrumbList","@id":"https:\/\/www.bluehouse.fr\/JB6\/carnet-de-vol\/2024\/05\/13\/open-de-st-hil-2024\/#breadcrumb","itemListElement":[{"@type":"ListItem","position":1,"name":"Accueil","item":"https:\/\/www.bluehouse.fr\/JB6\/carnet-de-vol\/"},{"@type":"ListItem","position":2,"name":"Open de Chartreuse 2024"}]},{"@type":"WebSite","@id":"https:\/\/www.bluehouse.fr\/JB6\/carnet-de-vol\/#website","url":"https:\/\/www.bluehouse.fr\/JB6\/carnet-de-vol\/","name":"Carnet de Vol","description":"Carnet de Vol Parapente","publisher":{"@id":"https:\/\/www.bluehouse.fr\/JB6\/carnet-de-vol\/#organization"},"potentialAction":[{"@type":"SearchAction","target":{"@type":"EntryPoint","urlTemplate":"https:\/\/www.bluehouse.fr\/JB6\/carnet-de-vol\/?s={search_term_string}"},"query-input":{"@type":"PropertyValueSpecification","valueRequired":true,"valueName":"search_term_string"}}],"inLanguage":"fr-FR"},{"@type":"Organization","@id":"https:\/\/www.bluehouse.fr\/JB6\/carnet-de-vol\/#organization","name":"Carnet de Vol","url":"https:\/\/www.bluehouse.fr\/JB6\/carnet-de-vol\/","logo":{"@type":"ImageObject","inLanguage":"fr-FR","@id":"https:\/\/www.bluehouse.fr\/JB6\/carnet-de-vol\/#\/schema\/logo\/image\/","url":"https:\/\/www.bluehouse.fr\/JB6\/carnet-de-vol\/wp-content\/uploads\/2023\/11\/logo.png","contentUrl":"https:\/\/www.bluehouse.fr\/JB6\/carnet-de-vol\/wp-content\/uploads\/2023\/11\/logo.png","width":400,"height":400,"caption":"Carnet de Vol"},"image":{"@id":"https:\/\/www.bluehouse.fr\/JB6\/carnet-de-vol\/#\/schema\/logo\/image\/"}},{"@type":"Person","@id":"https:\/\/www.bluehouse.fr\/JB6\/carnet-de-vol\/#\/schema\/person\/5d86adbd628adb05f7f8b7b24afe7187","name":"Jacques Bayol","image":{"@type":"ImageObject","inLanguage":"fr-FR","@id":"https:\/\/secure.gravatar.com\/avatar\/15bcc0a70bbdf1d887a3eba73fa1a16a018cf14529c2d51827403d81e6a05255?s=96&d=mm&r=g","url":"https:\/\/secure.gravatar.com\/avatar\/15bcc0a70bbdf1d887a3eba73fa1a16a018cf14529c2d51827403d81e6a05255?s=96&d=mm&r=g","contentUrl":"https:\/\/secure.gravatar.com\/avatar\/15bcc0a70bbdf1d887a3eba73fa1a16a018cf14529c2d51827403d81e6a05255?s=96&d=mm&r=g","caption":"Jacques Bayol"},"description":"Pilote de vol libre depuis 1974, modeste webmaster de ce site.","url":"https:\/\/www.bluehouse.fr\/JB6\/carnet-de-vol\/author\/jack\/"}]}},"jetpack_featured_media_url":"https:\/\/www.bluehouse.fr\/JB6\/carnet-de-vol\/wp-content\/uploads\/2024\/05\/DSC09874.jpeg","jetpack_sharing_enabled":true,"_links":{"self":[{"href":"https:\/\/www.bluehouse.fr\/JB6\/carnet-de-vol\/wp-json\/wp\/v2\/posts\/242715","targetHints":{"allow":["GET"]}}],"collection":[{"href":"https:\/\/www.bluehouse.fr\/JB6\/carnet-de-vol\/wp-json\/wp\/v2\/posts"}],"about":[{"href":"https:\/\/www.bluehouse.fr\/JB6\/carnet-de-vol\/wp-json\/wp\/v2\/types\/post"}],"author":[{"embeddable":true,"href":"https:\/\/www.bluehouse.fr\/JB6\/carnet-de-vol\/wp-json\/wp\/v2\/users\/57"}],"replies":[{"embeddable":true,"href":"https:\/\/www.bluehouse.fr\/JB6\/carnet-de-vol\/wp-json\/wp\/v2\/comments?post=242715"}],"version-history":[{"count":11,"href":"https:\/\/www.bluehouse.fr\/JB6\/carnet-de-vol\/wp-json\/wp\/v2\/posts\/242715\/revisions"}],"predecessor-version":[{"id":244884,"href":"https:\/\/www.bluehouse.fr\/JB6\/carnet-de-vol\/wp-json\/wp\/v2\/posts\/242715\/revisions\/244884"}],"wp:featuredmedia":[{"embeddable":true,"href":"https:\/\/www.bluehouse.fr\/JB6\/carnet-de-vol\/wp-json\/wp\/v2\/media\/242642"}],"wp:attachment":[{"href":"https:\/\/www.bluehouse.fr\/JB6\/carnet-de-vol\/wp-json\/wp\/v2\/media?parent=242715"}],"wp:term":[{"taxonomy":"category","embeddable":true,"href":"https:\/\/www.bluehouse.fr\/JB6\/carnet-de-vol\/wp-json\/wp\/v2\/categories?post=242715"},{"taxonomy":"post_tag","embeddable":true,"href":"https:\/\/www.bluehouse.fr\/JB6\/carnet-de-vol\/wp-json\/wp\/v2\/tags?post=242715"}],"curies":[{"name":"wp","href":"https:\/\/api.w.org\/{rel}","templated":true}]}}