{"id":242666,"date":"2024-04-15T23:05:00","date_gmt":"2024-04-15T21:05:00","guid":{"rendered":"https:\/\/www.bluehouse.fr\/JB6\/carnet-de-vol\/?p=242666"},"modified":"2025-03-16T17:01:41","modified_gmt":"2025-03-16T16:01:41","slug":"compete-des-saisies-13-14-avril-2024","status":"publish","type":"post","link":"https:\/\/www.bluehouse.fr\/JB6\/carnet-de-vol\/2024\/04\/15\/compete-des-saisies-13-14-avril-2024\/","title":{"rendered":"Comp\u00e8te des Saisies 13-14 avril 2024"},"content":{"rendered":"<p>[et_pb_section fb_built=&#8221;1&#8243; _builder_version=&#8221;4.24.3&#8243; _module_preset=&#8221;default&#8221; da_disable_devices=&#8221;off|off|off&#8221; global_colors_info=&#8221;{}&#8221; theme_builder_area=&#8221;post_content&#8221; da_is_popup=&#8221;off&#8221; da_exit_intent=&#8221;off&#8221; da_has_close=&#8221;on&#8221; da_alt_close=&#8221;off&#8221; da_dark_close=&#8221;off&#8221; da_not_modal=&#8221;on&#8221; da_is_singular=&#8221;off&#8221; da_with_loader=&#8221;off&#8221; da_has_shadow=&#8221;on&#8221;][et_pb_row _builder_version=&#8221;4.24.3&#8243; _module_preset=&#8221;default&#8221; global_colors_info=&#8221;{}&#8221; theme_builder_area=&#8221;post_content&#8221;][et_pb_column type=&#8221;4_4&#8243; _builder_version=&#8221;4.24.3&#8243; _module_preset=&#8221;default&#8221; global_colors_info=&#8221;{}&#8221; theme_builder_area=&#8221;post_content&#8221;][et_pb_text _builder_version=&#8221;4.24.3&#8243; _module_preset=&#8221;default&#8221; global_colors_info=&#8221;{}&#8221; theme_builder_area=&#8221;post_content&#8221;]<\/p>\n<p>Les Saisies dans le Beaufortin nous accueillaient pour la deuxi\u00e8me comp\u00e8te sport de la saison 2024. Nous \u00e9tions 3 pilotes du club \u00e0 y participer : Jos\u00e9 Godoy &#8211; Ozone Zeolite 2 GT D, Laurent Pajot &#8211; Ozone Zeolite GT D et Jacques Bayol &#8211; Ozone Photon C.<\/p>\n<p>Le d\u00e9co classique du site des Saisies, le Signal de Bisanne n\u2019\u00e9taient accessible ni par la route \u00e0 cause de la neige ni par la t\u00e9l\u00e9cabine qui \u00e9tait ferm\u00e9e. L\u2019orga a improvis\u00e9 un d\u00e9co un peu au-dessus de Bisanne 1500 en nous pr\u00e9cisant bien qu\u2019il ne faudrait pas l\u2019utiliser en dehors de cet \u00e9v\u00e9nement (accord exceptionnel du propri\u00e9taire).<\/p>\n<p>[\/et_pb_text][\/et_pb_column][\/et_pb_row][et_pb_row column_structure=&#8221;1_2,1_2&#8243; _builder_version=&#8221;4.24.3&#8243; _module_preset=&#8221;default&#8221; global_colors_info=&#8221;{}&#8221; theme_builder_area=&#8221;post_content&#8221;][et_pb_column type=&#8221;1_2&#8243; _builder_version=&#8221;4.24.3&#8243; _module_preset=&#8221;default&#8221; global_colors_info=&#8221;{}&#8221; theme_builder_area=&#8221;post_content&#8221;][et_pb_image src=&#8221;https:\/\/www.bluehouse.fr\/JB6\/carnet-de-vol\/wp-content\/uploads\/2024\/04\/IMG_5265.jpeg&#8221; title_text=&#8221;IMG_5265&#8243; show_in_lightbox=&#8221;on&#8221; _builder_version=&#8221;4.24.3&#8243; _module_preset=&#8221;default&#8221; global_colors_info=&#8221;{}&#8221; theme_builder_area=&#8221;post_content&#8221;][\/et_pb_image][\/et_pb_column][et_pb_column type=&#8221;1_2&#8243; _builder_version=&#8221;4.24.3&#8243; _module_preset=&#8221;default&#8221; global_colors_info=&#8221;{}&#8221; theme_builder_area=&#8221;post_content&#8221;][et_pb_image src=&#8221;https:\/\/www.bluehouse.fr\/JB6\/carnet-de-vol\/wp-content\/uploads\/2024\/04\/aa64af94-7623-44e4-a429-d54c066ce775.jpeg&#8221; title_text=&#8221;aa64af94-7623-44e4-a429-d54c066ce775&#8243; show_in_lightbox=&#8221;on&#8221; _builder_version=&#8221;4.24.3&#8243; _module_preset=&#8221;default&#8221; global_colors_info=&#8221;{}&#8221; theme_builder_area=&#8221;post_content&#8221;][\/et_pb_image][\/et_pb_column][\/et_pb_row][et_pb_row _builder_version=&#8221;4.24.3&#8243; _module_preset=&#8221;default&#8221; global_colors_info=&#8221;{}&#8221; theme_builder_area=&#8221;post_content&#8221;][et_pb_column type=&#8221;4_4&#8243; _builder_version=&#8221;4.24.3&#8243; _module_preset=&#8221;default&#8221; global_colors_info=&#8221;{}&#8221; theme_builder_area=&#8221;post_content&#8221;][et_pb_text _builder_version=&#8221;4.24.3&#8243; _module_preset=&#8221;default&#8221; global_colors_info=&#8221;{}&#8221; theme_builder_area=&#8221;post_content&#8221;]<\/p>\n<p>Nous sommes une centaine de participants pr\u00eats \u00e0 en d\u00e9coudre pour cette premi\u00e8re manche lanc\u00e9e en temps mini de 33 km. Ce format a \u00e9t\u00e9 choisi parce que les conditions sont incertaines, une grosse inversion ver 2000 m risque de bloquer les ascendances et nous obliger \u00e0 voler bas, limitant les parcours dans ce massif o\u00f9 il faut \u00eatre haut en permanence.<\/p>\n<p>Me basant sur la derni\u00e8re comp\u00e8te \u00e0 Gourdon, o\u00f9 on avait \u00e9galement eu une manche en temps mini et o\u00f9 les pilotes qui avaient d\u00e9coll\u00e9 \u00e0 l\u2019ouverture de la fen\u00eatre \u00e9taient arriv\u00e9s en t\u00eate, je suis le premier en l\u2019air et je commence le parcours seul, suivit par Renaud Nochez (le p\u00e8re de\u2026) \u00e0 un thermique derri\u00e8re. <\/p>\n<p>[\/et_pb_text][\/et_pb_column][\/et_pb_row][et_pb_row column_structure=&#8221;1_2,1_2&#8243; _builder_version=&#8221;4.24.3&#8243; _module_preset=&#8221;default&#8221; global_colors_info=&#8221;{}&#8221; theme_builder_area=&#8221;post_content&#8221;][et_pb_column type=&#8221;1_2&#8243; _builder_version=&#8221;4.24.3&#8243; _module_preset=&#8221;default&#8221; global_colors_info=&#8221;{}&#8221; theme_builder_area=&#8221;post_content&#8221;][et_pb_image src=&#8221;https:\/\/www.bluehouse.fr\/JB6\/carnet-de-vol\/wp-content\/uploads\/2024\/04\/3295f31c-5a94-476d-a2c1-de3650c1b3b1.jpeg&#8221; title_text=&#8221;3295f31c-5a94-476d-a2c1-de3650c1b3b1&#8243; show_in_lightbox=&#8221;on&#8221; _builder_version=&#8221;4.24.3&#8243; _module_preset=&#8221;default&#8221; global_colors_info=&#8221;{}&#8221; theme_builder_area=&#8221;post_content&#8221;][\/et_pb_image][\/et_pb_column][et_pb_column type=&#8221;1_2&#8243; _builder_version=&#8221;4.24.3&#8243; _module_preset=&#8221;default&#8221; global_colors_info=&#8221;{}&#8221; theme_builder_area=&#8221;post_content&#8221;][et_pb_image src=&#8221;https:\/\/www.bluehouse.fr\/JB6\/carnet-de-vol\/wp-content\/uploads\/2024\/04\/a63f33bc-c261-4fee-81bb-588a86757405.jpeg&#8221; title_text=&#8221;a63f33bc-c261-4fee-81bb-588a86757405&#8243; show_in_lightbox=&#8221;on&#8221; _builder_version=&#8221;4.24.3&#8243; _module_preset=&#8221;default&#8221; global_colors_info=&#8221;{}&#8221; theme_builder_area=&#8221;post_content&#8221;][\/et_pb_image][\/et_pb_column][\/et_pb_row][et_pb_row _builder_version=&#8221;4.24.3&#8243; _module_preset=&#8221;default&#8221; global_colors_info=&#8221;{}&#8221; theme_builder_area=&#8221;post_content&#8221;][et_pb_column type=&#8221;4_4&#8243; _builder_version=&#8221;4.24.3&#8243; _module_preset=&#8221;default&#8221; global_colors_info=&#8221;{}&#8221; theme_builder_area=&#8221;post_content&#8221;][et_pb_text _builder_version=&#8221;4.24.3&#8243; _module_preset=&#8221;default&#8221; global_colors_info=&#8221;{}&#8221; theme_builder_area=&#8221;post_content&#8221;]<\/p>\n<p>\u00c0 B1 les ennuis commencent. Je pars trop bas du dernier thermique et suis oblig\u00e9 de faire demi-tour \u00e0 20 m du cylindre si je ne veux pas poser dans la neige. Au lieu de retourner au start (on a le droit d\u2019en faire autant qu\u2019on veut) j\u2019insiste, je retourne dans le thermique, quelques pilotes arrivent, \u00e7a aide, et je r\u00e9ussi cette foutue B1. Mais j\u2019ai d\u00e9j\u00e0 perdu trop de temps, je suis hors course. En plus les ennuis continuent, \u00e0 B2 m\u00eame punition, je dois renoncer \u00e0 50 m de la balise et retourner en arri\u00e8re\u2026 Je fais quand-m\u00eame le goal apr\u00e8s 3h de vol avec 1h 45 de retard sur le premier. Pendant ce temps Laurent est arriv\u00e9 au goal apr\u00e8s 1h 49 de vol et Jos\u00e9 qui n\u2019\u00e9tait pas inscrit termine en 2h. Laurent est 35\u00e8me , Jos\u00e9 serait 39\u00e8me et moi 51\u00e8me.<\/p>\n<p>[\/et_pb_text][\/et_pb_column][\/et_pb_row][et_pb_row column_structure=&#8221;1_2,1_2&#8243; _builder_version=&#8221;4.24.3&#8243; _module_preset=&#8221;default&#8221; global_colors_info=&#8221;{}&#8221; theme_builder_area=&#8221;post_content&#8221;][et_pb_column type=&#8221;1_2&#8243; _builder_version=&#8221;4.24.3&#8243; _module_preset=&#8221;default&#8221; global_colors_info=&#8221;{}&#8221; theme_builder_area=&#8221;post_content&#8221;][et_pb_image src=&#8221;https:\/\/www.bluehouse.fr\/JB6\/carnet-de-vol\/wp-content\/uploads\/2024\/04\/8e63fcc3-2087-435e-8485-66d503337b43.jpeg&#8221; title_text=&#8221;8e63fcc3-2087-435e-8485-66d503337b43&#8243; show_in_lightbox=&#8221;on&#8221; _builder_version=&#8221;4.24.3&#8243; _module_preset=&#8221;default&#8221; global_colors_info=&#8221;{}&#8221; theme_builder_area=&#8221;post_content&#8221;][\/et_pb_image][\/et_pb_column][et_pb_column type=&#8221;1_2&#8243; _builder_version=&#8221;4.24.3&#8243; _module_preset=&#8221;default&#8221; global_colors_info=&#8221;{}&#8221; theme_builder_area=&#8221;post_content&#8221;][et_pb_image src=&#8221;https:\/\/www.bluehouse.fr\/JB6\/carnet-de-vol\/wp-content\/uploads\/2024\/04\/99e3dd90-3a22-43d1-8d20-d03665be2c9c.jpeg&#8221; title_text=&#8221;99e3dd90-3a22-43d1-8d20-d03665be2c9c&#8221; show_in_lightbox=&#8221;on&#8221; _builder_version=&#8221;4.24.3&#8243; _module_preset=&#8221;default&#8221; global_colors_info=&#8221;{}&#8221; theme_builder_area=&#8221;post_content&#8221;][\/et_pb_image][\/et_pb_column][\/et_pb_row][et_pb_row _builder_version=&#8221;4.24.3&#8243; _module_preset=&#8221;default&#8221; global_colors_info=&#8221;{}&#8221; theme_builder_area=&#8221;post_content&#8221;][et_pb_column type=&#8221;4_4&#8243; _builder_version=&#8221;4.24.3&#8243; _module_preset=&#8221;default&#8221; global_colors_info=&#8221;{}&#8221; theme_builder_area=&#8221;post_content&#8221;][et_pb_text _builder_version=&#8221;4.24.3&#8243; _module_preset=&#8221;default&#8221; global_colors_info=&#8221;{}&#8221; theme_builder_area=&#8221;post_content&#8221;]<\/p>\n<p>Dimanche 14 avril, les conditions sont nettement meilleures L\u2019orga lance une manche classique (course au but) de 32 km (triangle FAI) avec une belle transition au-dessus du Val d\u2019Arly, des grosses bagares contre la brise en perspective et tout \u00e7a devant l\u2019immense Mt-Blanc et un ciel sans aucun cum pour baliser la masse d\u2019air. Cette fois je temporise. Je d\u00e9colle une fois que je suis s\u00fbr que \u00e7a tient bien. 10mn avant le start toute la comp\u00e8te est au plaf \u00e0 2600 m. Les 100 pilotes tournent dans 2 pompes diff\u00e9rentes mais tr\u00e8s proches l\u2019une de l\u2019autre et \u00e0 un moment les 2 thermiques se rejoignent, les pilotes aussi. Je vous laisse imaginer la situation\u2026 \u00c7a arrive dans tous les sens, \u00e0 gauche, \u00e0 droite, devant, derri\u00e8re, par en bas\u2026 Soudain, toutes les ailes s\u2019orientent en m\u00eame temps dans la m\u00eame direction, il est 13h 50, le start est ouvert, la course commence. Le parcours est simple, il n\u2019y a pas vraiment d\u2019options diff\u00e9rentes que celle de suivre le trait optimis\u00e9 calcul\u00e9 par l\u2019ordinateur de bord. La s\u00e9lection s\u2019op\u00e8re \u00e0 B6 au-dessus de Meg\u00e8ve. Pour y arriver il faut d\u00e9caler un thermique tr\u00e8s couch\u00e9 par la brise et une fois qu\u2019on a claqu\u00e9 il faut revenir en naviguant face \u00e0 cette tr\u00e8s forte brise en collant au relief (ceux qui restent prudemment \u00e0 l\u2019\u00e9cart des sapins gigantesques perdent inexorablement de l\u2019altitude et posent dans la vall\u00e9e). Je m\u2019accroche, je reste coll\u00e9 \u00e0 la pente, j\u2019ai confiance dans la solidit\u00e9 du bord d\u2019attaque de la Photon et j\u2019avance (d\u00e8s fois en marche arri\u00e8re). Finalement je passe le verrou, je rentre dans une masse d\u2019air g\u00e9n\u00e9reuse qui m\u2019exp\u00e9die \u00e0 2000 m. Je suis sauv\u00e9. L\u00e0, je retrouve Jos\u00e9 qui avait un peu d\u2019avance sur moi (Laurent, lui, n\u2019a pas r\u00e9ussi \u00e0 passer l\u2019examen du vol sous le vent et a pos\u00e9). On a du mal \u00e0 monter plus haut. Jos\u00e9 l\u00e2che l\u2019affaire et commence \u00e0 cheminer sur la cr\u00eate face au vent. Je le suis. Il enroule un vague thermique que je n\u00e9glige et j\u2019ai eu raison, je ne le reverrai plus jamais avant la remise des prix. Le retour sur Bisanne est facile. J\u2019assure le dernier thermique avant l\u2019ESS et \u00e0 2600 m (l\u2019ordi m\u2019a dit depuis longtemps que j\u2019\u00e9tais en finesse du goal) je fonce sur le plateau des Saisies o\u00f9 je vois que les pilotes qui n\u2019ont pas assur\u00e9 le plein sont en mauvaise posture. J\u2019en d\u00e9passe un paquet, je claque l\u2019ESS et goal\u00a0!<\/p>\n<p>Jos\u00e9 arrive bient\u00f4t mais se fait pi\u00e9ger sur le plateau et n\u2019arrive pas \u00e0 faire l\u2019ESS.<\/p>\n<p>\u00c0 la deuxi\u00e8me manche je suis 23\u00e8me, Jos\u00e9 31\u00e8me<span style=\"font-size: 13.3333px;\"> <\/span>et Laurent 47\u00e8me.<\/p>\n<p>Au g\u00e9n\u00e9ral je suis 36\u00e8me, Laurent 48\u00e8me et Jos\u00e9 qui n\u2019a valid\u00e9 qu\u2019une manche 78\u00e8me.<\/p>\n<p>\u00c0 la prochaine\u2026<\/p>\n<p>Pour voir les classements, nos vols sur SportsTrackLive et le QR codes des manches :<\/p>\n<p>[\/et_pb_text][et_pb_button button_url=&#8221;https:\/\/www.bluehouse.fr\/JB6\/carnet-de-vol\/competition-sport-2024#saisies&#8221; button_text=&#8221;C&#8217;est ici&#8230;&#8221; _builder_version=&#8221;4.25.1&#8243; _module_preset=&#8221;default&#8221; global_colors_info=&#8221;{}&#8221; theme_builder_area=&#8221;post_content&#8221;][\/et_pb_button][\/et_pb_column][\/et_pb_row][\/et_pb_section]<\/p>\n","protected":false},"excerpt":{"rendered":"<p>Les Saisies dans le Beaufortin nous accueillaient pour la deuxi\u00e8me comp\u00e8te sport de la saison 2024. Nous \u00e9tions 3 pilotes du club \u00e0 y participer : Jos\u00e9 Godoy &#8211; Ozone Zeolite 2 GT D, Laurent Pajot &#8211; Ozone Zeolite GT D et Jacques Bayol &#8211; Ozone Photon C. Le d\u00e9co classique du site des Saisies, [&hellip;]<\/p>\n","protected":false},"author":57,"featured_media":242669,"comment_status":"open","ping_status":"open","sticky":false,"template":"","format":"standard","meta":{"_et_pb_use_builder":"on","_et_pb_old_content":"","_et_gb_content_width":"","_jetpack_memberships_contains_paid_content":false,"_joinchat":[],"footnotes":""},"categories":[61],"tags":[],"class_list":["post-242666","post","type-post","status-publish","format-standard","has-post-thumbnail","hentry","category-recit"],"yoast_head":"<!-- This site is optimized with the Yoast SEO plugin v27.5 - https:\/\/yoast.com\/product\/yoast-seo-wordpress\/ -->\n<title>Comp\u00e8te des Saisies 13-14 avril 2024 - Carnet de Vol<\/title>\n<meta name=\"robots\" content=\"index, follow, max-snippet:-1, max-image-preview:large, max-video-preview:-1\" \/>\n<link rel=\"canonical\" href=\"https:\/\/www.bluehouse.fr\/JB6\/carnet-de-vol\/2024\/04\/15\/compete-des-saisies-13-14-avril-2024\/\" \/>\n<meta property=\"og:locale\" content=\"fr_FR\" \/>\n<meta property=\"og:type\" content=\"article\" \/>\n<meta property=\"og:title\" content=\"Comp\u00e8te des Saisies 13-14 avril 2024 - Carnet de Vol\" \/>\n<meta property=\"og:description\" content=\"Les Saisies dans le Beaufortin nous accueillaient pour la deuxi\u00e8me comp\u00e8te sport de la saison 2024. Nous \u00e9tions 3 pilotes du club \u00e0 y participer : Jos\u00e9 Godoy - Ozone Zeolite 2 GT D, Laurent Pajot - Ozone Zeolite GT D et Jacques Bayol - Ozone Photon C. Le d\u00e9co classique du site des Saisies, [&hellip;]\" \/>\n<meta property=\"og:url\" content=\"https:\/\/www.bluehouse.fr\/JB6\/carnet-de-vol\/2024\/04\/15\/compete-des-saisies-13-14-avril-2024\/\" \/>\n<meta property=\"og:site_name\" content=\"Carnet de Vol\" \/>\n<meta property=\"article:published_time\" content=\"2024-04-15T21:05:00+00:00\" \/>\n<meta property=\"article:modified_time\" content=\"2025-03-16T16:01:41+00:00\" \/>\n<meta property=\"og:image\" content=\"https:\/\/www.bluehouse.fr\/JB6\/carnet-de-vol\/wp-content\/uploads\/2024\/05\/DSC09807-1.jpeg\" \/>\n\t<meta property=\"og:image:width\" content=\"1200\" \/>\n\t<meta property=\"og:image:height\" content=\"800\" \/>\n\t<meta property=\"og:image:type\" content=\"image\/jpeg\" \/>\n<meta name=\"author\" content=\"Jacques Bayol\" \/>\n<meta name=\"twitter:card\" content=\"summary_large_image\" \/>\n<meta name=\"twitter:label1\" content=\"\u00c9crit par\" \/>\n\t<meta name=\"twitter:data1\" content=\"Jacques Bayol\" \/>\n\t<meta name=\"twitter:label2\" content=\"Dur\u00e9e de lecture estim\u00e9e\" \/>\n\t<meta name=\"twitter:data2\" content=\"6 minutes\" \/>\n<script type=\"application\/ld+json\" class=\"yoast-schema-graph\">{\"@context\":\"https:\\\/\\\/schema.org\",\"@graph\":[{\"@type\":\"Article\",\"@id\":\"https:\\\/\\\/www.bluehouse.fr\\\/JB6\\\/carnet-de-vol\\\/2024\\\/04\\\/15\\\/compete-des-saisies-13-14-avril-2024\\\/#article\",\"isPartOf\":{\"@id\":\"https:\\\/\\\/www.bluehouse.fr\\\/JB6\\\/carnet-de-vol\\\/2024\\\/04\\\/15\\\/compete-des-saisies-13-14-avril-2024\\\/\"},\"author\":{\"name\":\"Jacques Bayol\",\"@id\":\"https:\\\/\\\/www.bluehouse.fr\\\/JB6\\\/carnet-de-vol\\\/#\\\/schema\\\/person\\\/5d86adbd628adb05f7f8b7b24afe7187\"},\"headline\":\"Comp\u00e8te des Saisies 13-14 avril 2024\",\"datePublished\":\"2024-04-15T21:05:00+00:00\",\"dateModified\":\"2025-03-16T16:01:41+00:00\",\"mainEntityOfPage\":{\"@id\":\"https:\\\/\\\/www.bluehouse.fr\\\/JB6\\\/carnet-de-vol\\\/2024\\\/04\\\/15\\\/compete-des-saisies-13-14-avril-2024\\\/\"},\"wordCount\":1727,\"commentCount\":0,\"publisher\":{\"@id\":\"https:\\\/\\\/www.bluehouse.fr\\\/JB6\\\/carnet-de-vol\\\/#organization\"},\"image\":{\"@id\":\"https:\\\/\\\/www.bluehouse.fr\\\/JB6\\\/carnet-de-vol\\\/2024\\\/04\\\/15\\\/compete-des-saisies-13-14-avril-2024\\\/#primaryimage\"},\"thumbnailUrl\":\"https:\\\/\\\/www.bluehouse.fr\\\/JB6\\\/carnet-de-vol\\\/wp-content\\\/uploads\\\/2024\\\/05\\\/DSC09807-1.jpeg\",\"articleSection\":[\"r\u00e9cit\"],\"inLanguage\":\"fr-FR\",\"potentialAction\":[{\"@type\":\"CommentAction\",\"name\":\"Comment\",\"target\":[\"https:\\\/\\\/www.bluehouse.fr\\\/JB6\\\/carnet-de-vol\\\/2024\\\/04\\\/15\\\/compete-des-saisies-13-14-avril-2024\\\/#respond\"]}]},{\"@type\":\"WebPage\",\"@id\":\"https:\\\/\\\/www.bluehouse.fr\\\/JB6\\\/carnet-de-vol\\\/2024\\\/04\\\/15\\\/compete-des-saisies-13-14-avril-2024\\\/\",\"url\":\"https:\\\/\\\/www.bluehouse.fr\\\/JB6\\\/carnet-de-vol\\\/2024\\\/04\\\/15\\\/compete-des-saisies-13-14-avril-2024\\\/\",\"name\":\"Comp\u00e8te des Saisies 13-14 avril 2024 - Carnet de Vol\",\"isPartOf\":{\"@id\":\"https:\\\/\\\/www.bluehouse.fr\\\/JB6\\\/carnet-de-vol\\\/#website\"},\"primaryImageOfPage\":{\"@id\":\"https:\\\/\\\/www.bluehouse.fr\\\/JB6\\\/carnet-de-vol\\\/2024\\\/04\\\/15\\\/compete-des-saisies-13-14-avril-2024\\\/#primaryimage\"},\"image\":{\"@id\":\"https:\\\/\\\/www.bluehouse.fr\\\/JB6\\\/carnet-de-vol\\\/2024\\\/04\\\/15\\\/compete-des-saisies-13-14-avril-2024\\\/#primaryimage\"},\"thumbnailUrl\":\"https:\\\/\\\/www.bluehouse.fr\\\/JB6\\\/carnet-de-vol\\\/wp-content\\\/uploads\\\/2024\\\/05\\\/DSC09807-1.jpeg\",\"datePublished\":\"2024-04-15T21:05:00+00:00\",\"dateModified\":\"2025-03-16T16:01:41+00:00\",\"breadcrumb\":{\"@id\":\"https:\\\/\\\/www.bluehouse.fr\\\/JB6\\\/carnet-de-vol\\\/2024\\\/04\\\/15\\\/compete-des-saisies-13-14-avril-2024\\\/#breadcrumb\"},\"inLanguage\":\"fr-FR\",\"potentialAction\":[{\"@type\":\"ReadAction\",\"target\":[\"https:\\\/\\\/www.bluehouse.fr\\\/JB6\\\/carnet-de-vol\\\/2024\\\/04\\\/15\\\/compete-des-saisies-13-14-avril-2024\\\/\"]}]},{\"@type\":\"ImageObject\",\"inLanguage\":\"fr-FR\",\"@id\":\"https:\\\/\\\/www.bluehouse.fr\\\/JB6\\\/carnet-de-vol\\\/2024\\\/04\\\/15\\\/compete-des-saisies-13-14-avril-2024\\\/#primaryimage\",\"url\":\"https:\\\/\\\/www.bluehouse.fr\\\/JB6\\\/carnet-de-vol\\\/wp-content\\\/uploads\\\/2024\\\/05\\\/DSC09807-1.jpeg\",\"contentUrl\":\"https:\\\/\\\/www.bluehouse.fr\\\/JB6\\\/carnet-de-vol\\\/wp-content\\\/uploads\\\/2024\\\/05\\\/DSC09807-1.jpeg\",\"width\":1200,\"height\":800},{\"@type\":\"BreadcrumbList\",\"@id\":\"https:\\\/\\\/www.bluehouse.fr\\\/JB6\\\/carnet-de-vol\\\/2024\\\/04\\\/15\\\/compete-des-saisies-13-14-avril-2024\\\/#breadcrumb\",\"itemListElement\":[{\"@type\":\"ListItem\",\"position\":1,\"name\":\"Accueil\",\"item\":\"https:\\\/\\\/www.bluehouse.fr\\\/JB6\\\/carnet-de-vol\\\/\"},{\"@type\":\"ListItem\",\"position\":2,\"name\":\"Comp\u00e8te des Saisies 13-14 avril 2024\"}]},{\"@type\":\"WebSite\",\"@id\":\"https:\\\/\\\/www.bluehouse.fr\\\/JB6\\\/carnet-de-vol\\\/#website\",\"url\":\"https:\\\/\\\/www.bluehouse.fr\\\/JB6\\\/carnet-de-vol\\\/\",\"name\":\"Carnet de Vol\",\"description\":\"Carnet de Vol Parapente\",\"publisher\":{\"@id\":\"https:\\\/\\\/www.bluehouse.fr\\\/JB6\\\/carnet-de-vol\\\/#organization\"},\"potentialAction\":[{\"@type\":\"SearchAction\",\"target\":{\"@type\":\"EntryPoint\",\"urlTemplate\":\"https:\\\/\\\/www.bluehouse.fr\\\/JB6\\\/carnet-de-vol\\\/?s={search_term_string}\"},\"query-input\":{\"@type\":\"PropertyValueSpecification\",\"valueRequired\":true,\"valueName\":\"search_term_string\"}}],\"inLanguage\":\"fr-FR\"},{\"@type\":\"Organization\",\"@id\":\"https:\\\/\\\/www.bluehouse.fr\\\/JB6\\\/carnet-de-vol\\\/#organization\",\"name\":\"Carnet de Vol\",\"url\":\"https:\\\/\\\/www.bluehouse.fr\\\/JB6\\\/carnet-de-vol\\\/\",\"logo\":{\"@type\":\"ImageObject\",\"inLanguage\":\"fr-FR\",\"@id\":\"https:\\\/\\\/www.bluehouse.fr\\\/JB6\\\/carnet-de-vol\\\/#\\\/schema\\\/logo\\\/image\\\/\",\"url\":\"https:\\\/\\\/www.bluehouse.fr\\\/JB6\\\/carnet-de-vol\\\/wp-content\\\/uploads\\\/2023\\\/11\\\/logo.png\",\"contentUrl\":\"https:\\\/\\\/www.bluehouse.fr\\\/JB6\\\/carnet-de-vol\\\/wp-content\\\/uploads\\\/2023\\\/11\\\/logo.png\",\"width\":400,\"height\":400,\"caption\":\"Carnet de Vol\"},\"image\":{\"@id\":\"https:\\\/\\\/www.bluehouse.fr\\\/JB6\\\/carnet-de-vol\\\/#\\\/schema\\\/logo\\\/image\\\/\"}},{\"@type\":\"Person\",\"@id\":\"https:\\\/\\\/www.bluehouse.fr\\\/JB6\\\/carnet-de-vol\\\/#\\\/schema\\\/person\\\/5d86adbd628adb05f7f8b7b24afe7187\",\"name\":\"Jacques Bayol\",\"image\":{\"@type\":\"ImageObject\",\"inLanguage\":\"fr-FR\",\"@id\":\"https:\\\/\\\/secure.gravatar.com\\\/avatar\\\/15bcc0a70bbdf1d887a3eba73fa1a16a018cf14529c2d51827403d81e6a05255?s=96&d=mm&r=g\",\"url\":\"https:\\\/\\\/secure.gravatar.com\\\/avatar\\\/15bcc0a70bbdf1d887a3eba73fa1a16a018cf14529c2d51827403d81e6a05255?s=96&d=mm&r=g\",\"contentUrl\":\"https:\\\/\\\/secure.gravatar.com\\\/avatar\\\/15bcc0a70bbdf1d887a3eba73fa1a16a018cf14529c2d51827403d81e6a05255?s=96&d=mm&r=g\",\"caption\":\"Jacques Bayol\"},\"description\":\"Pilote de vol libre depuis 1974, modeste webmaster de ce site.\",\"url\":\"https:\\\/\\\/www.bluehouse.fr\\\/JB6\\\/carnet-de-vol\\\/author\\\/jack\\\/\"}]}<\/script>\n<!-- \/ Yoast SEO plugin. -->","yoast_head_json":{"title":"Comp\u00e8te des Saisies 13-14 avril 2024 - Carnet de Vol","robots":{"index":"index","follow":"follow","max-snippet":"max-snippet:-1","max-image-preview":"max-image-preview:large","max-video-preview":"max-video-preview:-1"},"canonical":"https:\/\/www.bluehouse.fr\/JB6\/carnet-de-vol\/2024\/04\/15\/compete-des-saisies-13-14-avril-2024\/","og_locale":"fr_FR","og_type":"article","og_title":"Comp\u00e8te des Saisies 13-14 avril 2024 - Carnet de Vol","og_description":"Les Saisies dans le Beaufortin nous accueillaient pour la deuxi\u00e8me comp\u00e8te sport de la saison 2024. Nous \u00e9tions 3 pilotes du club \u00e0 y participer : Jos\u00e9 Godoy - Ozone Zeolite 2 GT D, Laurent Pajot - Ozone Zeolite GT D et Jacques Bayol - Ozone Photon C. Le d\u00e9co classique du site des Saisies, [&hellip;]","og_url":"https:\/\/www.bluehouse.fr\/JB6\/carnet-de-vol\/2024\/04\/15\/compete-des-saisies-13-14-avril-2024\/","og_site_name":"Carnet de Vol","article_published_time":"2024-04-15T21:05:00+00:00","article_modified_time":"2025-03-16T16:01:41+00:00","og_image":[{"width":1200,"height":800,"url":"https:\/\/www.bluehouse.fr\/JB6\/carnet-de-vol\/wp-content\/uploads\/2024\/05\/DSC09807-1.jpeg","type":"image\/jpeg"}],"author":"Jacques Bayol","twitter_card":"summary_large_image","twitter_misc":{"\u00c9crit par":"Jacques Bayol","Dur\u00e9e de lecture estim\u00e9e":"6 minutes"},"schema":{"@context":"https:\/\/schema.org","@graph":[{"@type":"Article","@id":"https:\/\/www.bluehouse.fr\/JB6\/carnet-de-vol\/2024\/04\/15\/compete-des-saisies-13-14-avril-2024\/#article","isPartOf":{"@id":"https:\/\/www.bluehouse.fr\/JB6\/carnet-de-vol\/2024\/04\/15\/compete-des-saisies-13-14-avril-2024\/"},"author":{"name":"Jacques Bayol","@id":"https:\/\/www.bluehouse.fr\/JB6\/carnet-de-vol\/#\/schema\/person\/5d86adbd628adb05f7f8b7b24afe7187"},"headline":"Comp\u00e8te des Saisies 13-14 avril 2024","datePublished":"2024-04-15T21:05:00+00:00","dateModified":"2025-03-16T16:01:41+00:00","mainEntityOfPage":{"@id":"https:\/\/www.bluehouse.fr\/JB6\/carnet-de-vol\/2024\/04\/15\/compete-des-saisies-13-14-avril-2024\/"},"wordCount":1727,"commentCount":0,"publisher":{"@id":"https:\/\/www.bluehouse.fr\/JB6\/carnet-de-vol\/#organization"},"image":{"@id":"https:\/\/www.bluehouse.fr\/JB6\/carnet-de-vol\/2024\/04\/15\/compete-des-saisies-13-14-avril-2024\/#primaryimage"},"thumbnailUrl":"https:\/\/www.bluehouse.fr\/JB6\/carnet-de-vol\/wp-content\/uploads\/2024\/05\/DSC09807-1.jpeg","articleSection":["r\u00e9cit"],"inLanguage":"fr-FR","potentialAction":[{"@type":"CommentAction","name":"Comment","target":["https:\/\/www.bluehouse.fr\/JB6\/carnet-de-vol\/2024\/04\/15\/compete-des-saisies-13-14-avril-2024\/#respond"]}]},{"@type":"WebPage","@id":"https:\/\/www.bluehouse.fr\/JB6\/carnet-de-vol\/2024\/04\/15\/compete-des-saisies-13-14-avril-2024\/","url":"https:\/\/www.bluehouse.fr\/JB6\/carnet-de-vol\/2024\/04\/15\/compete-des-saisies-13-14-avril-2024\/","name":"Comp\u00e8te des Saisies 13-14 avril 2024 - Carnet de Vol","isPartOf":{"@id":"https:\/\/www.bluehouse.fr\/JB6\/carnet-de-vol\/#website"},"primaryImageOfPage":{"@id":"https:\/\/www.bluehouse.fr\/JB6\/carnet-de-vol\/2024\/04\/15\/compete-des-saisies-13-14-avril-2024\/#primaryimage"},"image":{"@id":"https:\/\/www.bluehouse.fr\/JB6\/carnet-de-vol\/2024\/04\/15\/compete-des-saisies-13-14-avril-2024\/#primaryimage"},"thumbnailUrl":"https:\/\/www.bluehouse.fr\/JB6\/carnet-de-vol\/wp-content\/uploads\/2024\/05\/DSC09807-1.jpeg","datePublished":"2024-04-15T21:05:00+00:00","dateModified":"2025-03-16T16:01:41+00:00","breadcrumb":{"@id":"https:\/\/www.bluehouse.fr\/JB6\/carnet-de-vol\/2024\/04\/15\/compete-des-saisies-13-14-avril-2024\/#breadcrumb"},"inLanguage":"fr-FR","potentialAction":[{"@type":"ReadAction","target":["https:\/\/www.bluehouse.fr\/JB6\/carnet-de-vol\/2024\/04\/15\/compete-des-saisies-13-14-avril-2024\/"]}]},{"@type":"ImageObject","inLanguage":"fr-FR","@id":"https:\/\/www.bluehouse.fr\/JB6\/carnet-de-vol\/2024\/04\/15\/compete-des-saisies-13-14-avril-2024\/#primaryimage","url":"https:\/\/www.bluehouse.fr\/JB6\/carnet-de-vol\/wp-content\/uploads\/2024\/05\/DSC09807-1.jpeg","contentUrl":"https:\/\/www.bluehouse.fr\/JB6\/carnet-de-vol\/wp-content\/uploads\/2024\/05\/DSC09807-1.jpeg","width":1200,"height":800},{"@type":"BreadcrumbList","@id":"https:\/\/www.bluehouse.fr\/JB6\/carnet-de-vol\/2024\/04\/15\/compete-des-saisies-13-14-avril-2024\/#breadcrumb","itemListElement":[{"@type":"ListItem","position":1,"name":"Accueil","item":"https:\/\/www.bluehouse.fr\/JB6\/carnet-de-vol\/"},{"@type":"ListItem","position":2,"name":"Comp\u00e8te des Saisies 13-14 avril 2024"}]},{"@type":"WebSite","@id":"https:\/\/www.bluehouse.fr\/JB6\/carnet-de-vol\/#website","url":"https:\/\/www.bluehouse.fr\/JB6\/carnet-de-vol\/","name":"Carnet de Vol","description":"Carnet de Vol Parapente","publisher":{"@id":"https:\/\/www.bluehouse.fr\/JB6\/carnet-de-vol\/#organization"},"potentialAction":[{"@type":"SearchAction","target":{"@type":"EntryPoint","urlTemplate":"https:\/\/www.bluehouse.fr\/JB6\/carnet-de-vol\/?s={search_term_string}"},"query-input":{"@type":"PropertyValueSpecification","valueRequired":true,"valueName":"search_term_string"}}],"inLanguage":"fr-FR"},{"@type":"Organization","@id":"https:\/\/www.bluehouse.fr\/JB6\/carnet-de-vol\/#organization","name":"Carnet de Vol","url":"https:\/\/www.bluehouse.fr\/JB6\/carnet-de-vol\/","logo":{"@type":"ImageObject","inLanguage":"fr-FR","@id":"https:\/\/www.bluehouse.fr\/JB6\/carnet-de-vol\/#\/schema\/logo\/image\/","url":"https:\/\/www.bluehouse.fr\/JB6\/carnet-de-vol\/wp-content\/uploads\/2023\/11\/logo.png","contentUrl":"https:\/\/www.bluehouse.fr\/JB6\/carnet-de-vol\/wp-content\/uploads\/2023\/11\/logo.png","width":400,"height":400,"caption":"Carnet de Vol"},"image":{"@id":"https:\/\/www.bluehouse.fr\/JB6\/carnet-de-vol\/#\/schema\/logo\/image\/"}},{"@type":"Person","@id":"https:\/\/www.bluehouse.fr\/JB6\/carnet-de-vol\/#\/schema\/person\/5d86adbd628adb05f7f8b7b24afe7187","name":"Jacques Bayol","image":{"@type":"ImageObject","inLanguage":"fr-FR","@id":"https:\/\/secure.gravatar.com\/avatar\/15bcc0a70bbdf1d887a3eba73fa1a16a018cf14529c2d51827403d81e6a05255?s=96&d=mm&r=g","url":"https:\/\/secure.gravatar.com\/avatar\/15bcc0a70bbdf1d887a3eba73fa1a16a018cf14529c2d51827403d81e6a05255?s=96&d=mm&r=g","contentUrl":"https:\/\/secure.gravatar.com\/avatar\/15bcc0a70bbdf1d887a3eba73fa1a16a018cf14529c2d51827403d81e6a05255?s=96&d=mm&r=g","caption":"Jacques Bayol"},"description":"Pilote de vol libre depuis 1974, modeste webmaster de ce site.","url":"https:\/\/www.bluehouse.fr\/JB6\/carnet-de-vol\/author\/jack\/"}]}},"jetpack_featured_media_url":"https:\/\/www.bluehouse.fr\/JB6\/carnet-de-vol\/wp-content\/uploads\/2024\/05\/DSC09807-1.jpeg","jetpack_sharing_enabled":true,"_links":{"self":[{"href":"https:\/\/www.bluehouse.fr\/JB6\/carnet-de-vol\/wp-json\/wp\/v2\/posts\/242666","targetHints":{"allow":["GET"]}}],"collection":[{"href":"https:\/\/www.bluehouse.fr\/JB6\/carnet-de-vol\/wp-json\/wp\/v2\/posts"}],"about":[{"href":"https:\/\/www.bluehouse.fr\/JB6\/carnet-de-vol\/wp-json\/wp\/v2\/types\/post"}],"author":[{"embeddable":true,"href":"https:\/\/www.bluehouse.fr\/JB6\/carnet-de-vol\/wp-json\/wp\/v2\/users\/57"}],"replies":[{"embeddable":true,"href":"https:\/\/www.bluehouse.fr\/JB6\/carnet-de-vol\/wp-json\/wp\/v2\/comments?post=242666"}],"version-history":[{"count":6,"href":"https:\/\/www.bluehouse.fr\/JB6\/carnet-de-vol\/wp-json\/wp\/v2\/posts\/242666\/revisions"}],"predecessor-version":[{"id":244886,"href":"https:\/\/www.bluehouse.fr\/JB6\/carnet-de-vol\/wp-json\/wp\/v2\/posts\/242666\/revisions\/244886"}],"wp:featuredmedia":[{"embeddable":true,"href":"https:\/\/www.bluehouse.fr\/JB6\/carnet-de-vol\/wp-json\/wp\/v2\/media\/242669"}],"wp:attachment":[{"href":"https:\/\/www.bluehouse.fr\/JB6\/carnet-de-vol\/wp-json\/wp\/v2\/media?parent=242666"}],"wp:term":[{"taxonomy":"category","embeddable":true,"href":"https:\/\/www.bluehouse.fr\/JB6\/carnet-de-vol\/wp-json\/wp\/v2\/categories?post=242666"},{"taxonomy":"post_tag","embeddable":true,"href":"https:\/\/www.bluehouse.fr\/JB6\/carnet-de-vol\/wp-json\/wp\/v2\/tags?post=242666"}],"curies":[{"name":"wp","href":"https:\/\/api.w.org\/{rel}","templated":true}]}}