{"id":242459,"date":"2024-04-26T22:36:04","date_gmt":"2024-04-26T20:36:04","guid":{"rendered":"https:\/\/www.bluehouse.fr\/JB6\/carnet-de-vol\/?p=242459"},"modified":"2025-03-16T17:01:02","modified_gmt":"2025-03-16T16:01:02","slug":"201-km","status":"publish","type":"post","link":"https:\/\/www.bluehouse.fr\/JB6\/carnet-de-vol\/2024\/04\/26\/201-km\/","title":{"rendered":"201 km entre Vercors, Chartreuse, Bauges et Bornes"},"content":{"rendered":"<p>[et_pb_section fb_built=&#8221;1&#8243; _builder_version=&#8221;4.25.0&#8243; _module_preset=&#8221;default&#8221; custom_padding=&#8221;8px|||||&#8221; da_disable_devices=&#8221;off|off|off&#8221; global_colors_info=&#8221;{}&#8221; theme_builder_area=&#8221;post_content&#8221; da_is_popup=&#8221;off&#8221; da_exit_intent=&#8221;off&#8221; da_has_close=&#8221;on&#8221; da_alt_close=&#8221;off&#8221; da_dark_close=&#8221;off&#8221; da_not_modal=&#8221;on&#8221; da_is_singular=&#8221;off&#8221; da_with_loader=&#8221;off&#8221; da_has_shadow=&#8221;on&#8221;][et_pb_row _builder_version=&#8221;4.25.0&#8243; _module_preset=&#8221;default&#8221; global_colors_info=&#8221;{}&#8221; theme_builder_area=&#8221;post_content&#8221;][et_pb_column type=&#8221;4_4&#8243; _builder_version=&#8221;4.25.0&#8243; _module_preset=&#8221;default&#8221; global_colors_info=&#8221;{}&#8221; theme_builder_area=&#8221;post_content&#8221;][et_pb_text _builder_version=&#8221;4.27.2&#8243; _module_preset=&#8221;default&#8221; global_colors_info=&#8221;{}&#8221; theme_builder_area=&#8221;post_content&#8221;]<\/p>\n<h5>D\u00e9co Sud 10h 30 &#8211; Jeudi 25 avril 2024<\/h5>\n<p>[\/et_pb_text][et_pb_text _builder_version=&#8221;4.25.0&#8243; _module_preset=&#8221;default&#8221; global_colors_info=&#8221;{}&#8221; theme_builder_area=&#8221;post_content&#8221;]<\/p>\n<p>\u00c7a fait bient\u00f4t 8h que je vole. Je ne suis plus qu\u2019\u00e0 900m sur la cr\u00eate des Tours de Montmayeur, le dernier passage compliqu\u00e9 avant le final glide vers Lumbin. Enfin, je commence \u00e0 me r\u00e9chauffer. Mon eau a gel\u00e9 d\u00e8s le d\u00e9part, je n\u2019ai pas bu une goute depuis le d\u00e9but de cette aventure. \u00c0 2700 m au-dessus des Bauges en allant vers le lac d\u2019Annecy je tremblais sans arr\u00eat, pas de peur, bien que les conditions fussent atomiques, mais de froid. Pourtant j\u2019\u00e9tais habill\u00e9 comme pour aller aux p\u00f4les. Il n\u2019y a qu\u2019en acc\u00e9l\u00e9rant que j\u2019arrivais \u00e0 calmer mes jambes prises par la danse de St-Guy alors je volais acc\u00e9l\u00e9r\u00e9 en permanence.<\/p>\n<p>[\/et_pb_text][et_pb_image src=&#8221;https:\/\/www.bluehouse.fr\/JB6\/carnet-de-vol\/wp-content\/uploads\/2024\/04\/DSC09823.jpeg&#8221; title_text=&#8221;DSC09823&#8243; show_in_lightbox=&#8221;on&#8221; _builder_version=&#8221;4.25.0&#8243; _module_preset=&#8221;default&#8221; box_shadow_style=&#8221;preset1&#8243; global_colors_info=&#8221;{}&#8221; theme_builder_area=&#8221;post_content&#8221;][\/et_pb_image][et_pb_text _builder_version=&#8221;4.27.2&#8243; _module_preset=&#8221;default&#8221; global_colors_info=&#8221;{}&#8221; theme_builder_area=&#8221;post_content&#8221;]<\/p>\n<h5>Arriv\u00e9e sur le St-Eynard<\/h5>\n<p>[\/et_pb_text][et_pb_text _builder_version=&#8221;4.25.0&#8243; _module_preset=&#8221;default&#8221; global_colors_info=&#8221;{}&#8221; theme_builder_area=&#8221;post_content&#8221;]<\/p>\n<p>Jean-Marc (Savage Supair C) et Jean-Jacques (Photon Ozone C 2 lignes) d\u00e9collent du D\u00e9co Sud \u00e0 10h 30, je ferme la marche avec ma Photon Ozone C 2 lignes. On d\u00e9colle rarement si t\u00f4t ! Mais les pr\u00e9visions de meteoblue indiquaient une forte instabilit\u00e9 du sol jusqu\u2019\u00e0 2500 m \u00e0 partir de 10h. Il fallait en profiter et on savait que cette journ\u00e9e allait \u00eatre fumante. Le plan c\u2019est de partir au sud pour v\u00e9rifier si le Vercors nous acceptera mais nous avions vu sur la carte des vents que l\u2019ouest risquait de nous poser un probl\u00e8me. Nous sommes les premiers, ah non ! il y a le c\u00e9l\u00e8bre Antoine Boisselier qui nous a devanc\u00e9, preuve qu\u2019on n\u2019est pas venu t\u00f4t pour rien. Jean-Marc a d\u00e9j\u00e0 travers\u00e9 le Manival quand je vois Jean-Jacques \u00e0 la peine aux pieds de Ch\u00e2teau Nardent. Trop bas il ne s\u2019en sort pas et en sera quitte pour nous suivre sur XContest Live. Je rattrape Jean-Marc au N\u00e9ron, je fais 1650 m et je mets le cap sur le Vercors. Et une fois n&#8217;est pas coutume, je me fais pi\u00e9ger par le synchrotron ! En effet, si cette transition n&#8217;est pas tr\u00e8s longue (5,3 km) elle comporte un obstacle de taille, la P14 , zone interdite de survol \u00e0 moins de 1220 m au-dessus du CEA de Grenoble. Je n&#8217;ai pas pris assez de marge, un coup de vent d&#8217;ouest me fait d\u00e9river sur la zone. Et pendant 8 secondes je mords le cercle \u00e0 1205 m&#8230; Indulgence&#8230;<\/p>\n<p>[\/et_pb_text][\/et_pb_column][\/et_pb_row][et_pb_row column_structure=&#8221;1_2,1_2&#8243; _builder_version=&#8221;4.25.0&#8243; _module_preset=&#8221;default&#8221; global_colors_info=&#8221;{}&#8221; theme_builder_area=&#8221;post_content&#8221;][et_pb_column type=&#8221;1_2&#8243; _builder_version=&#8221;4.25.0&#8243; _module_preset=&#8221;default&#8221; global_colors_info=&#8221;{}&#8221; theme_builder_area=&#8221;post_content&#8221;][et_pb_image src=&#8221;https:\/\/www.bluehouse.fr\/JB6\/carnet-de-vol\/wp-content\/uploads\/2024\/04\/DSC09825.jpeg&#8221; title_text=&#8221;DSC09825&#8243; show_in_lightbox=&#8221;on&#8221; _builder_version=&#8221;4.25.0&#8243; _module_preset=&#8221;default&#8221; box_shadow_style=&#8221;preset1&#8243; global_colors_info=&#8221;{}&#8221; theme_builder_area=&#8221;post_content&#8221;][\/et_pb_image][et_pb_text _builder_version=&#8221;4.27.2&#8243; _module_preset=&#8221;default&#8221; global_colors_info=&#8221;{}&#8221; theme_builder_area=&#8221;post_content&#8221;]<\/p>\n<h5>Raccrochage sur le Vercors<\/h5>\n<p>[\/et_pb_text][\/et_pb_column][et_pb_column type=&#8221;1_2&#8243; _builder_version=&#8221;4.25.0&#8243; _module_preset=&#8221;default&#8221; global_colors_info=&#8221;{}&#8221; theme_builder_area=&#8221;post_content&#8221;][et_pb_image src=&#8221;https:\/\/www.bluehouse.fr\/JB6\/carnet-de-vol\/wp-content\/uploads\/2024\/04\/DSC09829.jpeg&#8221; title_text=&#8221;DSC09829&#8243; show_in_lightbox=&#8221;on&#8221; _builder_version=&#8221;4.25.0&#8243; _module_preset=&#8221;default&#8221; box_shadow_style=&#8221;preset1&#8243; global_colors_info=&#8221;{}&#8221; theme_builder_area=&#8221;post_content&#8221;][\/et_pb_image][et_pb_text _builder_version=&#8221;4.27.2&#8243; _module_preset=&#8221;default&#8221; global_colors_info=&#8221;{}&#8221; theme_builder_area=&#8221;post_content&#8221;]<\/p>\n<h5>Les 3 Pucelles<\/h5>\n<p>[\/et_pb_text][\/et_pb_column][\/et_pb_row][et_pb_row _builder_version=&#8221;4.25.0&#8243; _module_preset=&#8221;default&#8221; global_colors_info=&#8221;{}&#8221; theme_builder_area=&#8221;post_content&#8221;][et_pb_column type=&#8221;4_4&#8243; _builder_version=&#8221;4.25.0&#8243; _module_preset=&#8221;default&#8221; global_colors_info=&#8221;{}&#8221; theme_builder_area=&#8221;post_content&#8221;][et_pb_text _builder_version=&#8221;4.25.0&#8243; _module_preset=&#8221;default&#8221; global_colors_info=&#8221;{}&#8221; theme_builder_area=&#8221;post_content&#8221;]<\/p>\n<p>J\u2019aurais encore des nouvelles de mon compagnon de vol de temps en temps, en radio, apr\u00e8s lui avoir annonc\u00e9 que je faisais demi-tour au Pic St-Michel parce que l\u2019ouest n\u2019\u00e9tait plus g\u00e9rable. Je prenais des grandes claques d\u00e8s que j\u2019arrivais en haut des thermiques, les pr\u00e9visions \u00e9taient justes, aujourd\u2019hui le Vercors ne veut pas de nous, les rapaces seront donc tranquilles dans leurs bulles de qui\u00e9tude. Je retourne au Moucherotte, je m\u2019applique pour gratter tout ce que je peux car je sais que la transition va \u00eatre longue et que je serai certainement contr\u00e9.<\/p>\n<p>&nbsp;<\/p>\n<p>[\/et_pb_text][et_pb_image src=&#8221;https:\/\/www.bluehouse.fr\/JB6\/carnet-de-vol\/wp-content\/uploads\/2024\/04\/DSC09830.jpeg&#8221; title_text=&#8221;DSC09830&#8243; show_in_lightbox=&#8221;on&#8221; _builder_version=&#8221;4.25.0&#8243; _module_preset=&#8221;default&#8221; box_shadow_style=&#8221;preset1&#8243; global_colors_info=&#8221;{}&#8221; theme_builder_area=&#8221;post_content&#8221;][\/et_pb_image][et_pb_text _builder_version=&#8221;4.27.2&#8243; _module_preset=&#8221;default&#8221; global_colors_info=&#8221;{}&#8221; theme_builder_area=&#8221;post_content&#8221;]<\/p>\n<h5>Vers le Pic St-Michel<\/h5>\n<p>[\/et_pb_text][et_pb_text _builder_version=&#8221;4.25.0&#8243; _module_preset=&#8221;default&#8221; global_colors_info=&#8221;{}&#8221; theme_builder_area=&#8221;post_content&#8221;]<\/p>\n<p>Je pars \u00e0 2360 m en direction de la Bastille et tout de suite mon aile fait l\u2019effet girouette et s\u2019oriente en travers, je marche en crabe ! Finesse 5 ! je vais arriver bas ! Heureusement il y a le grand parking de l\u2019Esplanade qui est presque vide, j\u2019ai mon plan B ! Transiter bas sur Grenoble \u00e7a impressionne toujours\u2026 J\u2019arrive au mont Jalla \u00e0 1000 m, c\u2019est le printemps, l\u2019instabilit\u00e9 va du sol au plafond, \u00e7a va le faire. Et \u00e7a marche, je remonte le long des pentes du Rachais jusqu\u2019au d\u00e9co que j\u2019ai bien connu pendant le confinement. Je ne perds pas de temps, \u00e0 1100 m je me jette sur le St-Eynard.<\/p>\n<p>L\u00e0 je rencontre un tas de briques qui montent verticalement. Je mets l\u2019aile sur la tranche et je monte, que dis-je, je suis catapult\u00e9 vers le ciel, le vario bloqu\u00e9 \u00e0 +7 int\u00e9gr\u00e9 hurle. Des ailes arrivent du nord, leurs pilotes sont aux premi\u00e8res loges pour voir le spectacle. J\u2019appr\u00e9hende la sortie de ce giga thermique et ce qui devait arriver arriva : Mega fermeture \u00e0 gauche, cravate, je suis toujours sur la tanche mais l\u2019aile ouverte part vers le sol \u00e7a sent l\u2019autorote. Je contre au frein et \u00e0 la sellette comme dans le manuel, \u00e7a se r\u00e9tabli et \u00e7a revole droit. Maintenant il faut que je m\u2019occupe de la cravate. La derni\u00e8re que j\u2019ai eue, et la premi\u00e8re en 2 lignes, je n\u2019avais pas r\u00e9ussi \u00e0 l\u2019enlever et j\u2019avais d\u00fb aller me poser. Cette fois il n&#8217;en est pas question. Je sais en th\u00e9orie qu\u2019il faut d\u00e9crocher l\u2019aile cravat\u00e9e mais je n\u2019ai jamais pratiqu\u00e9 l\u2019exercice. Je me suis inscrit \u00e0 un stage SIV expr\u00e8s pour \u00e7a mais il est dans 15 jours ! Alors je me lance, je fais 3 tours de frein histoire de bien raccourcir la drisse qui est tr\u00e8s longue sur la Photon et je descends vigoureusement la main. Le r\u00e9sultat est imm\u00e9diat, l\u2019aile part en arri\u00e8re en une esp\u00e8ce de drapeau et je vois avec bonheur la cravate se d\u00e9faire. Je l\u00e2che mes tours de frein et l\u2019aile se rouvre normalement, j\u2019ai encore du gaz alors je continue, vers un autre thermique plus sage, un peu secou\u00e9 tout de m\u00eame mais content de voir que la man\u0153uvre fonctionne \u00e0 merveille.<br \/>Jusqu\u2019\u00e0 la Dent je reste prudemment en dessous de 1800 m. Je croise un paquet d\u2019ailes qui arrivent du nord. Sans doute des pilotes qui ont d\u00e9coll\u00e9 de M\u00e9ruse, Montlamb ou de Bisanne. Quelques ailes sont au-dessus des cr\u00eates alors vers le D\u00f4me de Bellefont je laisse monter et en arrivant \u00e0 l\u2019Aulp du Seuil vers 2500 m, l\u2019ouest me repousse rageusement. En dessous, je vois quelques ailes qui viennent du nord se faire malmener. Je d\u00e9cide de m\u2019\u00e9loigner vers les avants-relief, je perds 800 m. \u00c7a se calme quand je suis vertical le Col de Marcieu. Je continue vers le nord sur les avants reliefs en me demandant si je ne ferais pas mieux d\u2019arr\u00eater l\u00e0. Je d\u00e9passe le Grand Manti et l\u00e0 je vois des ailes assez hautes sur le Granier. Alors je d\u00e9cide de continuer. Je recolle aux faces est et la pompe du cirque de St-M\u00eame donne \u00e0 plein r\u00e9gime. Je passe en face ouest du Granier, 2300 m, feu sur la Savoyarde. <br \/>C&#8217;est la troisi\u00e8me transition du voyage, plus longue celle-l\u00e0 (11,3 km), je passe de Chartreuse dans les Bauges en traversant la vall\u00e9e de Chamb\u00e9ry. Il est 14h, \u00e7a fait 3h 30 que je vole. Un petit sud-ouest de 9 km\/h me pousse dans le bon sens, \u00e7a va faire remonter la moyenne. Je sais que pour optimiser cette transition il faut d&#8217;abord viser l&#8217;air de service du Granier sur l&#8217;autoroute puis la face ouest de la Savoyarde o\u00f9 une belle tache rouge est bien marqu\u00e9e sur la carte des thermiques. En appliquant cette r\u00e8gle on assure la laisse de chien qui permet de compenser la d\u00e9rive due \u00e0 la brise venant de Chamb\u00e9ry. Arriv\u00e9e sur la Savoyarde il y a d\u00e9j\u00e0 une aile qui tourne et qui monte. C\u2019est bon \u00e7a, je sais o\u00f9 il faut taper. Je raccroche \u00e0 1100 m en plein dans la pompe et je ne mets pas tr\u00e8s longtemps \u00e0 atteindre 1600 m, la hauteur de d\u00e9part conseill\u00e9e par le manuel pour transiter sur la Galoppaz. La suite est classique. \u00c7a ne fait que monter jusqu\u2019au Mont Julioz o\u00f9 l\u2019alti affiche 2700 m mais le thermom\u00e8tre -50\u00b0 (j\u2019exag\u00e8re mais \u00e0 peine). Il est 15h 15 et en fonction de ma moyenne (25 km\/h) je calcule qu\u2019il faudra que je fasse demi-tour \u00e0 15h 40. Je devrais pouvoir aller jusqu\u2019aux Dents de Lafon mais pas plus loin. Magnifique travers\u00e9e du lac d\u2019Annecy, quatri\u00e8me transition (8,4 km) avec une vue splendide sur les hauts reliefs enneig\u00e9s jusqu&#8217;au Mt-Blanc. J\u2019ai toujours froid mais il faut que je mange absolument. Alors j\u2019enl\u00e8ve mes moufles pour pouvoir attraper mon sandwich qui est dans la poche \u00e0 c\u00f4t\u00e9 de la radio. Et je peux en fin me sustenter mais il faut que je remette rapidement mes moufles de l\u2019arm\u00e9e finlandaise si je ne veux pas chopper l\u2019ongl\u00e9e. Aux Dents j\u2019ai la surprise de lire sur l\u2019ordi de bord que j\u2019ai du sud \u00e0 18 km\/h, en plein dans le nez pour le retour donc. Je traverse le lac dans l&#8217;autre sens, la lumi\u00e8re a chang\u00e9, maintenant je suis \u00e0 conte-jour, je vois moins bien ce qu&#8217;il y a devant moi, mais je connais le parcours presque par coeur. Le Roc des B\u0153ufs ne va pas \u00eatre une partie de plaisir. Heureusement je ne serai pas seul, quelques pilotes sont venus jouer dans l\u2019ascenseur. Je suis oblig\u00e9 de faire 2 ou 3 aller et retour entre les lignes mais \u00e7a passe et je remonte \u00e0 2700 m. J\u2019avance sur le Colombier. La face nord m\u2019accueille comme il se doit, re 2700 m. L\u00e0 il faut que je fasse un choix, soit continuer sur la Galoppaz o\u00f9 je vois 2 ailes qui ne montent pas soit partir sur Montlamb o\u00f9 un gros cum s\u2019est form\u00e9 au-dessus de la falaise aux oiseaux. J\u2019opte pour la seconde solution, la transition vers les Tours de Montmayeur sera plus longue mais en g\u00e9n\u00e9ral \u00e7a marche, tellement ce petit relief est frapp\u00e9 de plein fouet par la brise de Chamb\u00e9ry. Et c\u2019est le cas, parti de 2700 m du dernier thermique j\u2019arrive aux Tours \u00e0 860 m, apr\u00e8s une longue glissade de 8 km. j\u2019ai perdu 1840 m ! et \u00e7a repart. Le passage des lignes est d\u00e9licat, je dois m\u2019y reprendre \u00e0 deux fois et j\u2019arrive au bout de la cr\u00eate de Montraillant, l\u00e0 o\u00f9 je dois me jeter sur Br\u00e2me-Farine. J\u2019h\u00e9site, je suis \u00e0 900 m, je voudrais bien \u00eatre \u00e0 1000 m pour me lancer au-dessus des Gorges. Je vais rester une demi-heure \u00e0 zoner autour de 900 m avec 2 corbeaux qui n&#8217;ont pas l&#8217;air d&#8217;appr\u00e9cier ma pr\u00e9sence, ils poussent des croassements lugubres que je n&#8217;ai pas tout de suite reconnus, j&#8217;ai d&#8217;abord cru que c&#8217;\u00e9taient des aboiements de chien ou un tracteur&#8230;\u00a0 mais au moins ils me montrent o\u00f9 \u00e7a tient. Finalement, voyant le soleil commencer \u00e0 se rapprocher des cr\u00eates de la Chartreuse je dois me d\u00e9cider. Profitant d\u2019un thermique un peu plus dynamique, je d\u00e9cale avec lui au-dessus du plateau et je me lance dans la petite transition sur les pentes de Br\u00e2me-Farine. Soit \u00e7a raccroche soit je pose dans le champ habituel, bien connu des pilotes qui rentrent trop tard. Mais nous sommes au printemps et \u00e7a bipe. Je sais maintenant que le bouclage de ce p\u00e9riple entre Vercors, Chartreuse, Bauges et Bornes est assur\u00e9. Je pose \u00e0 Lumbin apr\u00e8s 8h 38 de vol et 201 km au compteur, accueilli par Jean-Jacques et Xavier qui m\u2019avaient suivi sur le Live Tracking.<\/p>\n<p>[\/et_pb_text][et_pb_button button_url=&#8221;https:\/\/www.bluehouse.fr\/JB6\/carnet-de-vol\/voir_trace\/?trace_link=https:\/\/www.bluehouse.fr\/JB6\/carnet-de-vol\/wp-content\/uploads\/advanced-cf7-upload\/jack_6005435319_2024-04-25-XFH-000-01.IGC&#8221; url_new_window=&#8221;on&#8221; button_text=&#8221;Voir ma trace&#8221; _builder_version=&#8221;4.25.0&#8243; _module_preset=&#8221;default&#8221; custom_button=&#8221;on&#8221; button_text_size=&#8221;17px&#8221; button_border_width=&#8221;0px&#8221; button_border_radius=&#8221;3px&#8221; button_icon=&#8221;&#xf14e;||fa||400&#8243; box_shadow_style=&#8221;preset4&#8243; box_shadow_horizontal=&#8221;6px&#8221; box_shadow_vertical=&#8221;6px&#8221; global_colors_info=&#8221;{}&#8221; theme_builder_area=&#8221;post_content&#8221;][\/et_pb_button][\/et_pb_column][\/et_pb_row][\/et_pb_section]<\/p>\n","protected":false},"excerpt":{"rendered":"<p>D\u00e9co Sud 10h 30 &#8211; Jeudi 25 avril 2024\u00c7a fait bient\u00f4t 8h que je vole. Je ne suis plus qu\u2019\u00e0 900m sur la cr\u00eate des Tours de Montmayeur, le dernier passage compliqu\u00e9 avant le final glide vers Lumbin. Enfin, je commence \u00e0 me r\u00e9chauffer. Mon eau a gel\u00e9 d\u00e8s le d\u00e9part, je n\u2019ai pas bu [&hellip;]<\/p>\n","protected":false},"author":57,"featured_media":242461,"comment_status":"open","ping_status":"open","sticky":false,"template":"","format":"standard","meta":{"_et_pb_use_builder":"on","_et_pb_old_content":"","_et_gb_content_width":"","_jetpack_memberships_contains_paid_content":false,"_joinchat":[],"footnotes":""},"categories":[61],"tags":[],"class_list":["post-242459","post","type-post","status-publish","format-standard","has-post-thumbnail","hentry","category-recit"],"yoast_head":"<!-- This site is optimized with the Yoast SEO plugin v27.5 - https:\/\/yoast.com\/product\/yoast-seo-wordpress\/ -->\n<title>201 km entre Vercors, Chartreuse, Bauges et Bornes - Carnet de Vol<\/title>\n<meta name=\"robots\" content=\"index, follow, max-snippet:-1, max-image-preview:large, max-video-preview:-1\" \/>\n<link rel=\"canonical\" href=\"https:\/\/www.bluehouse.fr\/JB6\/carnet-de-vol\/2024\/04\/26\/201-km\/\" \/>\n<meta property=\"og:locale\" content=\"fr_FR\" \/>\n<meta property=\"og:type\" content=\"article\" \/>\n<meta property=\"og:title\" content=\"201 km entre Vercors, Chartreuse, Bauges et Bornes - Carnet de Vol\" \/>\n<meta property=\"og:description\" content=\"D\u00e9co Sud 10h 30 - Jeudi 25 avril 2024\u00c7a fait bient\u00f4t 8h que je vole. Je ne suis plus qu\u2019\u00e0 900m sur la cr\u00eate des Tours de Montmayeur, le dernier passage compliqu\u00e9 avant le final glide vers Lumbin. Enfin, je commence \u00e0 me r\u00e9chauffer. Mon eau a gel\u00e9 d\u00e8s le d\u00e9part, je n\u2019ai pas bu [&hellip;]\" \/>\n<meta property=\"og:url\" content=\"https:\/\/www.bluehouse.fr\/JB6\/carnet-de-vol\/2024\/04\/26\/201-km\/\" \/>\n<meta property=\"og:site_name\" content=\"Carnet de Vol\" \/>\n<meta property=\"article:published_time\" content=\"2024-04-26T20:36:04+00:00\" \/>\n<meta property=\"article:modified_time\" content=\"2025-03-16T16:01:02+00:00\" \/>\n<meta property=\"og:image\" content=\"https:\/\/www.bluehouse.fr\/JB6\/carnet-de-vol\/wp-content\/uploads\/2024\/04\/DSC09822.jpeg\" \/>\n\t<meta property=\"og:image:width\" content=\"1200\" \/>\n\t<meta property=\"og:image:height\" content=\"800\" \/>\n\t<meta property=\"og:image:type\" content=\"image\/jpeg\" \/>\n<meta name=\"author\" content=\"Jacques Bayol\" \/>\n<meta name=\"twitter:card\" content=\"summary_large_image\" \/>\n<meta name=\"twitter:label1\" content=\"\u00c9crit par\" \/>\n\t<meta name=\"twitter:data1\" content=\"Jacques Bayol\" \/>\n\t<meta name=\"twitter:label2\" content=\"Dur\u00e9e de lecture estim\u00e9e\" \/>\n\t<meta name=\"twitter:data2\" content=\"9 minutes\" \/>\n<script type=\"application\/ld+json\" class=\"yoast-schema-graph\">{\"@context\":\"https:\\\/\\\/schema.org\",\"@graph\":[{\"@type\":\"Article\",\"@id\":\"https:\\\/\\\/www.bluehouse.fr\\\/JB6\\\/carnet-de-vol\\\/2024\\\/04\\\/26\\\/201-km\\\/#article\",\"isPartOf\":{\"@id\":\"https:\\\/\\\/www.bluehouse.fr\\\/JB6\\\/carnet-de-vol\\\/2024\\\/04\\\/26\\\/201-km\\\/\"},\"author\":{\"name\":\"Jacques Bayol\",\"@id\":\"https:\\\/\\\/www.bluehouse.fr\\\/JB6\\\/carnet-de-vol\\\/#\\\/schema\\\/person\\\/5d86adbd628adb05f7f8b7b24afe7187\"},\"headline\":\"201 km entre Vercors, Chartreuse, Bauges et Bornes\",\"datePublished\":\"2024-04-26T20:36:04+00:00\",\"dateModified\":\"2025-03-16T16:01:02+00:00\",\"mainEntityOfPage\":{\"@id\":\"https:\\\/\\\/www.bluehouse.fr\\\/JB6\\\/carnet-de-vol\\\/2024\\\/04\\\/26\\\/201-km\\\/\"},\"wordCount\":2507,\"commentCount\":0,\"publisher\":{\"@id\":\"https:\\\/\\\/www.bluehouse.fr\\\/JB6\\\/carnet-de-vol\\\/#organization\"},\"image\":{\"@id\":\"https:\\\/\\\/www.bluehouse.fr\\\/JB6\\\/carnet-de-vol\\\/2024\\\/04\\\/26\\\/201-km\\\/#primaryimage\"},\"thumbnailUrl\":\"https:\\\/\\\/www.bluehouse.fr\\\/JB6\\\/carnet-de-vol\\\/wp-content\\\/uploads\\\/2024\\\/04\\\/DSC09822.jpeg\",\"articleSection\":[\"r\u00e9cit\"],\"inLanguage\":\"fr-FR\",\"potentialAction\":[{\"@type\":\"CommentAction\",\"name\":\"Comment\",\"target\":[\"https:\\\/\\\/www.bluehouse.fr\\\/JB6\\\/carnet-de-vol\\\/2024\\\/04\\\/26\\\/201-km\\\/#respond\"]}]},{\"@type\":\"WebPage\",\"@id\":\"https:\\\/\\\/www.bluehouse.fr\\\/JB6\\\/carnet-de-vol\\\/2024\\\/04\\\/26\\\/201-km\\\/\",\"url\":\"https:\\\/\\\/www.bluehouse.fr\\\/JB6\\\/carnet-de-vol\\\/2024\\\/04\\\/26\\\/201-km\\\/\",\"name\":\"201 km entre Vercors, Chartreuse, Bauges et Bornes - Carnet de Vol\",\"isPartOf\":{\"@id\":\"https:\\\/\\\/www.bluehouse.fr\\\/JB6\\\/carnet-de-vol\\\/#website\"},\"primaryImageOfPage\":{\"@id\":\"https:\\\/\\\/www.bluehouse.fr\\\/JB6\\\/carnet-de-vol\\\/2024\\\/04\\\/26\\\/201-km\\\/#primaryimage\"},\"image\":{\"@id\":\"https:\\\/\\\/www.bluehouse.fr\\\/JB6\\\/carnet-de-vol\\\/2024\\\/04\\\/26\\\/201-km\\\/#primaryimage\"},\"thumbnailUrl\":\"https:\\\/\\\/www.bluehouse.fr\\\/JB6\\\/carnet-de-vol\\\/wp-content\\\/uploads\\\/2024\\\/04\\\/DSC09822.jpeg\",\"datePublished\":\"2024-04-26T20:36:04+00:00\",\"dateModified\":\"2025-03-16T16:01:02+00:00\",\"breadcrumb\":{\"@id\":\"https:\\\/\\\/www.bluehouse.fr\\\/JB6\\\/carnet-de-vol\\\/2024\\\/04\\\/26\\\/201-km\\\/#breadcrumb\"},\"inLanguage\":\"fr-FR\",\"potentialAction\":[{\"@type\":\"ReadAction\",\"target\":[\"https:\\\/\\\/www.bluehouse.fr\\\/JB6\\\/carnet-de-vol\\\/2024\\\/04\\\/26\\\/201-km\\\/\"]}]},{\"@type\":\"ImageObject\",\"inLanguage\":\"fr-FR\",\"@id\":\"https:\\\/\\\/www.bluehouse.fr\\\/JB6\\\/carnet-de-vol\\\/2024\\\/04\\\/26\\\/201-km\\\/#primaryimage\",\"url\":\"https:\\\/\\\/www.bluehouse.fr\\\/JB6\\\/carnet-de-vol\\\/wp-content\\\/uploads\\\/2024\\\/04\\\/DSC09822.jpeg\",\"contentUrl\":\"https:\\\/\\\/www.bluehouse.fr\\\/JB6\\\/carnet-de-vol\\\/wp-content\\\/uploads\\\/2024\\\/04\\\/DSC09822.jpeg\",\"width\":1200,\"height\":800},{\"@type\":\"BreadcrumbList\",\"@id\":\"https:\\\/\\\/www.bluehouse.fr\\\/JB6\\\/carnet-de-vol\\\/2024\\\/04\\\/26\\\/201-km\\\/#breadcrumb\",\"itemListElement\":[{\"@type\":\"ListItem\",\"position\":1,\"name\":\"Accueil\",\"item\":\"https:\\\/\\\/www.bluehouse.fr\\\/JB6\\\/carnet-de-vol\\\/\"},{\"@type\":\"ListItem\",\"position\":2,\"name\":\"201 km entre Vercors, Chartreuse, Bauges et Bornes\"}]},{\"@type\":\"WebSite\",\"@id\":\"https:\\\/\\\/www.bluehouse.fr\\\/JB6\\\/carnet-de-vol\\\/#website\",\"url\":\"https:\\\/\\\/www.bluehouse.fr\\\/JB6\\\/carnet-de-vol\\\/\",\"name\":\"Carnet de Vol\",\"description\":\"Carnet de Vol Parapente\",\"publisher\":{\"@id\":\"https:\\\/\\\/www.bluehouse.fr\\\/JB6\\\/carnet-de-vol\\\/#organization\"},\"potentialAction\":[{\"@type\":\"SearchAction\",\"target\":{\"@type\":\"EntryPoint\",\"urlTemplate\":\"https:\\\/\\\/www.bluehouse.fr\\\/JB6\\\/carnet-de-vol\\\/?s={search_term_string}\"},\"query-input\":{\"@type\":\"PropertyValueSpecification\",\"valueRequired\":true,\"valueName\":\"search_term_string\"}}],\"inLanguage\":\"fr-FR\"},{\"@type\":\"Organization\",\"@id\":\"https:\\\/\\\/www.bluehouse.fr\\\/JB6\\\/carnet-de-vol\\\/#organization\",\"name\":\"Carnet de Vol\",\"url\":\"https:\\\/\\\/www.bluehouse.fr\\\/JB6\\\/carnet-de-vol\\\/\",\"logo\":{\"@type\":\"ImageObject\",\"inLanguage\":\"fr-FR\",\"@id\":\"https:\\\/\\\/www.bluehouse.fr\\\/JB6\\\/carnet-de-vol\\\/#\\\/schema\\\/logo\\\/image\\\/\",\"url\":\"https:\\\/\\\/www.bluehouse.fr\\\/JB6\\\/carnet-de-vol\\\/wp-content\\\/uploads\\\/2023\\\/11\\\/logo.png\",\"contentUrl\":\"https:\\\/\\\/www.bluehouse.fr\\\/JB6\\\/carnet-de-vol\\\/wp-content\\\/uploads\\\/2023\\\/11\\\/logo.png\",\"width\":400,\"height\":400,\"caption\":\"Carnet de Vol\"},\"image\":{\"@id\":\"https:\\\/\\\/www.bluehouse.fr\\\/JB6\\\/carnet-de-vol\\\/#\\\/schema\\\/logo\\\/image\\\/\"}},{\"@type\":\"Person\",\"@id\":\"https:\\\/\\\/www.bluehouse.fr\\\/JB6\\\/carnet-de-vol\\\/#\\\/schema\\\/person\\\/5d86adbd628adb05f7f8b7b24afe7187\",\"name\":\"Jacques Bayol\",\"image\":{\"@type\":\"ImageObject\",\"inLanguage\":\"fr-FR\",\"@id\":\"https:\\\/\\\/secure.gravatar.com\\\/avatar\\\/15bcc0a70bbdf1d887a3eba73fa1a16a018cf14529c2d51827403d81e6a05255?s=96&d=mm&r=g\",\"url\":\"https:\\\/\\\/secure.gravatar.com\\\/avatar\\\/15bcc0a70bbdf1d887a3eba73fa1a16a018cf14529c2d51827403d81e6a05255?s=96&d=mm&r=g\",\"contentUrl\":\"https:\\\/\\\/secure.gravatar.com\\\/avatar\\\/15bcc0a70bbdf1d887a3eba73fa1a16a018cf14529c2d51827403d81e6a05255?s=96&d=mm&r=g\",\"caption\":\"Jacques Bayol\"},\"description\":\"Pilote de vol libre depuis 1974, modeste webmaster de ce site.\",\"url\":\"https:\\\/\\\/www.bluehouse.fr\\\/JB6\\\/carnet-de-vol\\\/author\\\/jack\\\/\"}]}<\/script>\n<!-- \/ Yoast SEO plugin. -->","yoast_head_json":{"title":"201 km entre Vercors, Chartreuse, Bauges et Bornes - Carnet de Vol","robots":{"index":"index","follow":"follow","max-snippet":"max-snippet:-1","max-image-preview":"max-image-preview:large","max-video-preview":"max-video-preview:-1"},"canonical":"https:\/\/www.bluehouse.fr\/JB6\/carnet-de-vol\/2024\/04\/26\/201-km\/","og_locale":"fr_FR","og_type":"article","og_title":"201 km entre Vercors, Chartreuse, Bauges et Bornes - Carnet de Vol","og_description":"D\u00e9co Sud 10h 30 - Jeudi 25 avril 2024\u00c7a fait bient\u00f4t 8h que je vole. Je ne suis plus qu\u2019\u00e0 900m sur la cr\u00eate des Tours de Montmayeur, le dernier passage compliqu\u00e9 avant le final glide vers Lumbin. Enfin, je commence \u00e0 me r\u00e9chauffer. Mon eau a gel\u00e9 d\u00e8s le d\u00e9part, je n\u2019ai pas bu [&hellip;]","og_url":"https:\/\/www.bluehouse.fr\/JB6\/carnet-de-vol\/2024\/04\/26\/201-km\/","og_site_name":"Carnet de Vol","article_published_time":"2024-04-26T20:36:04+00:00","article_modified_time":"2025-03-16T16:01:02+00:00","og_image":[{"width":1200,"height":800,"url":"https:\/\/www.bluehouse.fr\/JB6\/carnet-de-vol\/wp-content\/uploads\/2024\/04\/DSC09822.jpeg","type":"image\/jpeg"}],"author":"Jacques Bayol","twitter_card":"summary_large_image","twitter_misc":{"\u00c9crit par":"Jacques Bayol","Dur\u00e9e de lecture estim\u00e9e":"9 minutes"},"schema":{"@context":"https:\/\/schema.org","@graph":[{"@type":"Article","@id":"https:\/\/www.bluehouse.fr\/JB6\/carnet-de-vol\/2024\/04\/26\/201-km\/#article","isPartOf":{"@id":"https:\/\/www.bluehouse.fr\/JB6\/carnet-de-vol\/2024\/04\/26\/201-km\/"},"author":{"name":"Jacques Bayol","@id":"https:\/\/www.bluehouse.fr\/JB6\/carnet-de-vol\/#\/schema\/person\/5d86adbd628adb05f7f8b7b24afe7187"},"headline":"201 km entre Vercors, Chartreuse, Bauges et Bornes","datePublished":"2024-04-26T20:36:04+00:00","dateModified":"2025-03-16T16:01:02+00:00","mainEntityOfPage":{"@id":"https:\/\/www.bluehouse.fr\/JB6\/carnet-de-vol\/2024\/04\/26\/201-km\/"},"wordCount":2507,"commentCount":0,"publisher":{"@id":"https:\/\/www.bluehouse.fr\/JB6\/carnet-de-vol\/#organization"},"image":{"@id":"https:\/\/www.bluehouse.fr\/JB6\/carnet-de-vol\/2024\/04\/26\/201-km\/#primaryimage"},"thumbnailUrl":"https:\/\/www.bluehouse.fr\/JB6\/carnet-de-vol\/wp-content\/uploads\/2024\/04\/DSC09822.jpeg","articleSection":["r\u00e9cit"],"inLanguage":"fr-FR","potentialAction":[{"@type":"CommentAction","name":"Comment","target":["https:\/\/www.bluehouse.fr\/JB6\/carnet-de-vol\/2024\/04\/26\/201-km\/#respond"]}]},{"@type":"WebPage","@id":"https:\/\/www.bluehouse.fr\/JB6\/carnet-de-vol\/2024\/04\/26\/201-km\/","url":"https:\/\/www.bluehouse.fr\/JB6\/carnet-de-vol\/2024\/04\/26\/201-km\/","name":"201 km entre Vercors, Chartreuse, Bauges et Bornes - Carnet de Vol","isPartOf":{"@id":"https:\/\/www.bluehouse.fr\/JB6\/carnet-de-vol\/#website"},"primaryImageOfPage":{"@id":"https:\/\/www.bluehouse.fr\/JB6\/carnet-de-vol\/2024\/04\/26\/201-km\/#primaryimage"},"image":{"@id":"https:\/\/www.bluehouse.fr\/JB6\/carnet-de-vol\/2024\/04\/26\/201-km\/#primaryimage"},"thumbnailUrl":"https:\/\/www.bluehouse.fr\/JB6\/carnet-de-vol\/wp-content\/uploads\/2024\/04\/DSC09822.jpeg","datePublished":"2024-04-26T20:36:04+00:00","dateModified":"2025-03-16T16:01:02+00:00","breadcrumb":{"@id":"https:\/\/www.bluehouse.fr\/JB6\/carnet-de-vol\/2024\/04\/26\/201-km\/#breadcrumb"},"inLanguage":"fr-FR","potentialAction":[{"@type":"ReadAction","target":["https:\/\/www.bluehouse.fr\/JB6\/carnet-de-vol\/2024\/04\/26\/201-km\/"]}]},{"@type":"ImageObject","inLanguage":"fr-FR","@id":"https:\/\/www.bluehouse.fr\/JB6\/carnet-de-vol\/2024\/04\/26\/201-km\/#primaryimage","url":"https:\/\/www.bluehouse.fr\/JB6\/carnet-de-vol\/wp-content\/uploads\/2024\/04\/DSC09822.jpeg","contentUrl":"https:\/\/www.bluehouse.fr\/JB6\/carnet-de-vol\/wp-content\/uploads\/2024\/04\/DSC09822.jpeg","width":1200,"height":800},{"@type":"BreadcrumbList","@id":"https:\/\/www.bluehouse.fr\/JB6\/carnet-de-vol\/2024\/04\/26\/201-km\/#breadcrumb","itemListElement":[{"@type":"ListItem","position":1,"name":"Accueil","item":"https:\/\/www.bluehouse.fr\/JB6\/carnet-de-vol\/"},{"@type":"ListItem","position":2,"name":"201 km entre Vercors, Chartreuse, Bauges et Bornes"}]},{"@type":"WebSite","@id":"https:\/\/www.bluehouse.fr\/JB6\/carnet-de-vol\/#website","url":"https:\/\/www.bluehouse.fr\/JB6\/carnet-de-vol\/","name":"Carnet de Vol","description":"Carnet de Vol Parapente","publisher":{"@id":"https:\/\/www.bluehouse.fr\/JB6\/carnet-de-vol\/#organization"},"potentialAction":[{"@type":"SearchAction","target":{"@type":"EntryPoint","urlTemplate":"https:\/\/www.bluehouse.fr\/JB6\/carnet-de-vol\/?s={search_term_string}"},"query-input":{"@type":"PropertyValueSpecification","valueRequired":true,"valueName":"search_term_string"}}],"inLanguage":"fr-FR"},{"@type":"Organization","@id":"https:\/\/www.bluehouse.fr\/JB6\/carnet-de-vol\/#organization","name":"Carnet de Vol","url":"https:\/\/www.bluehouse.fr\/JB6\/carnet-de-vol\/","logo":{"@type":"ImageObject","inLanguage":"fr-FR","@id":"https:\/\/www.bluehouse.fr\/JB6\/carnet-de-vol\/#\/schema\/logo\/image\/","url":"https:\/\/www.bluehouse.fr\/JB6\/carnet-de-vol\/wp-content\/uploads\/2023\/11\/logo.png","contentUrl":"https:\/\/www.bluehouse.fr\/JB6\/carnet-de-vol\/wp-content\/uploads\/2023\/11\/logo.png","width":400,"height":400,"caption":"Carnet de Vol"},"image":{"@id":"https:\/\/www.bluehouse.fr\/JB6\/carnet-de-vol\/#\/schema\/logo\/image\/"}},{"@type":"Person","@id":"https:\/\/www.bluehouse.fr\/JB6\/carnet-de-vol\/#\/schema\/person\/5d86adbd628adb05f7f8b7b24afe7187","name":"Jacques Bayol","image":{"@type":"ImageObject","inLanguage":"fr-FR","@id":"https:\/\/secure.gravatar.com\/avatar\/15bcc0a70bbdf1d887a3eba73fa1a16a018cf14529c2d51827403d81e6a05255?s=96&d=mm&r=g","url":"https:\/\/secure.gravatar.com\/avatar\/15bcc0a70bbdf1d887a3eba73fa1a16a018cf14529c2d51827403d81e6a05255?s=96&d=mm&r=g","contentUrl":"https:\/\/secure.gravatar.com\/avatar\/15bcc0a70bbdf1d887a3eba73fa1a16a018cf14529c2d51827403d81e6a05255?s=96&d=mm&r=g","caption":"Jacques Bayol"},"description":"Pilote de vol libre depuis 1974, modeste webmaster de ce site.","url":"https:\/\/www.bluehouse.fr\/JB6\/carnet-de-vol\/author\/jack\/"}]}},"jetpack_featured_media_url":"https:\/\/www.bluehouse.fr\/JB6\/carnet-de-vol\/wp-content\/uploads\/2024\/04\/DSC09822.jpeg","jetpack_sharing_enabled":true,"_links":{"self":[{"href":"https:\/\/www.bluehouse.fr\/JB6\/carnet-de-vol\/wp-json\/wp\/v2\/posts\/242459","targetHints":{"allow":["GET"]}}],"collection":[{"href":"https:\/\/www.bluehouse.fr\/JB6\/carnet-de-vol\/wp-json\/wp\/v2\/posts"}],"about":[{"href":"https:\/\/www.bluehouse.fr\/JB6\/carnet-de-vol\/wp-json\/wp\/v2\/types\/post"}],"author":[{"embeddable":true,"href":"https:\/\/www.bluehouse.fr\/JB6\/carnet-de-vol\/wp-json\/wp\/v2\/users\/57"}],"replies":[{"embeddable":true,"href":"https:\/\/www.bluehouse.fr\/JB6\/carnet-de-vol\/wp-json\/wp\/v2\/comments?post=242459"}],"version-history":[{"count":19,"href":"https:\/\/www.bluehouse.fr\/JB6\/carnet-de-vol\/wp-json\/wp\/v2\/posts\/242459\/revisions"}],"predecessor-version":[{"id":244885,"href":"https:\/\/www.bluehouse.fr\/JB6\/carnet-de-vol\/wp-json\/wp\/v2\/posts\/242459\/revisions\/244885"}],"wp:featuredmedia":[{"embeddable":true,"href":"https:\/\/www.bluehouse.fr\/JB6\/carnet-de-vol\/wp-json\/wp\/v2\/media\/242461"}],"wp:attachment":[{"href":"https:\/\/www.bluehouse.fr\/JB6\/carnet-de-vol\/wp-json\/wp\/v2\/media?parent=242459"}],"wp:term":[{"taxonomy":"category","embeddable":true,"href":"https:\/\/www.bluehouse.fr\/JB6\/carnet-de-vol\/wp-json\/wp\/v2\/categories?post=242459"},{"taxonomy":"post_tag","embeddable":true,"href":"https:\/\/www.bluehouse.fr\/JB6\/carnet-de-vol\/wp-json\/wp\/v2\/tags?post=242459"}],"curies":[{"name":"wp","href":"https:\/\/api.w.org\/{rel}","templated":true}]}}