{"id":239749,"date":"2021-08-21T13:17:00","date_gmt":"2021-08-21T11:17:00","guid":{"rendered":"https:\/\/www.bluehouse.fr\/JB6\/carnet-de-vol\/?p=239749"},"modified":"2025-03-16T17:14:11","modified_gmt":"2025-03-16T16:14:11","slug":"transalps-2021","status":"publish","type":"post","link":"https:\/\/www.bluehouse.fr\/JB6\/carnet-de-vol\/2021\/08\/21\/transalps-2021\/","title":{"rendered":"Trans&#8217;Alps 2021"},"content":{"rendered":"<p>[et_pb_section fb_built=&#8221;1&#8243; admin_label=&#8221;section&#8221; _builder_version=&#8221;4.16&#8243; da_disable_devices=&#8221;off|off|off&#8221; global_colors_info=&#8221;{}&#8221; theme_builder_area=&#8221;post_content&#8221; da_is_popup=&#8221;off&#8221; da_exit_intent=&#8221;off&#8221; da_has_close=&#8221;on&#8221; da_alt_close=&#8221;off&#8221; da_dark_close=&#8221;off&#8221; da_not_modal=&#8221;on&#8221; da_is_singular=&#8221;off&#8221; da_with_loader=&#8221;off&#8221; da_has_shadow=&#8221;on&#8221;][et_pb_row admin_label=&#8221;row&#8221; _builder_version=&#8221;4.16&#8243; background_size=&#8221;initial&#8221; background_position=&#8221;top_left&#8221; background_repeat=&#8221;repeat&#8221; global_colors_info=&#8221;{}&#8221; theme_builder_area=&#8221;post_content&#8221;][et_pb_column type=&#8221;4_4&#8243; _builder_version=&#8221;4.16&#8243; custom_padding=&#8221;|||&#8221; global_colors_info=&#8221;{}&#8221; custom_padding__hover=&#8221;|||&#8221; theme_builder_area=&#8221;post_content&#8221;][et_pb_text admin_label=&#8221;Text&#8221; _builder_version=&#8221;4.16&#8243; background_size=&#8221;initial&#8221; background_position=&#8221;top_left&#8221; background_repeat=&#8221;repeat&#8221; global_colors_info=&#8221;{}&#8221; theme_builder_area=&#8221;post_content&#8221;]<!-- divi:tadv\/classic-paragraph --><\/p>\n<div class=\"et_pb_row et_pb_row_0\">\n<div class=\"et_pb_column et_pb_column_4_4 et_pb_column_0  et_pb_css_mix_blend_mode_passthrough et-last-child\">\n<div class=\"et_pb_module et_pb_text et_pb_text_0  et_pb_text_align_left et_pb_bg_layout_light\">\n<div class=\"et_pb_text_inner\"><\/div>\n<\/div>\n<div class=\"et_pb_module et_pb_text et_pb_text_2  et_pb_text_align_left et_pb_bg_layout_light\">\n<div class=\"et_pb_text_inner\">La Trans Alps est une comp\u00e9tition de parapente qui a lieu sur six jours \u00e0 la fin du mois d\u2019ao\u00fbt avec la particularit\u00e9 que les manches sont d\u00e9cid\u00e9es au dernier moment et peuvent se d\u00e9rouler n\u2019importe o\u00f9 entre Grenoble et les sites du sud de la France en fonction des conditions m\u00e9t\u00e9o du jour.<br \/>Nous sommes deux pilotes du chvd, jean-Jacques et votre serviteur, \u00e0 \u00eatre inscrits \u00e0 la deuxi\u00e8me \u00e9dition de cette comp\u00e9tition.<br \/>Cet \u00e9v\u00e9nement nous int\u00e9resse d\u2019autant plus qu\u2019il est organis\u00e9 par Pierre Laurens et Maud Bidaud qui sont d\u2019anciens membres de notre club. Une autre particularit\u00e9 de cette course est qu\u2019en plus de la participation individuelle, il faut constituer des \u00e9quipes de quatre pilotes, ce qui donnera lieu aussi \u00e0 un classement par \u00e9quipe. Lors d\u2019une pr\u00e9c\u00e9dente comp\u00e9tition Jean-Jacques et moi avons fait la connaissance de deux pilotes v\u00e9n\u00e9zu\u00e9liens, \u00c9milio et Alfredo qui habitent Gen\u00e8ve. Comme ils participent \u00e9galement \u00e0 la Trans Alps nous avons d\u00e9cid\u00e9 de former ensemble une \u00e9quipe internationale qui portera le nom de Carambar\u2026<\/div>\n<\/div>\n<div class=\"et_pb_module et_pb_image et_pb_image_1\"><a class=\"et_pb_lightbox_image\" title=\"\" href=\"https:\/\/www.bluehouse.fr\/JB6\/carnet-de-vol\/wp-content\/uploads\/2023\/08\/IMG_1221.jpg\" data-slb-active=\"1\" data-slb-asset=\"1146081723\" data-slb-internal=\"0\" data-slb-group=\"17279\"><span class=\"et_pb_image_wrap \"><img loading=\"lazy\" decoding=\"async\" class=\"wp-image-17283\" title=\"IMG_1221\" src=\"https:\/\/www.bluehouse.fr\/JB6\/carnet-de-vol\/wp-content\/uploads\/2023\/08\/IMG_1221.jpg\" sizes=\"(min-width: 0px) and (max-width: 480px) 480px, (min-width: 481px) and (max-width: 980px) 980px, (min-width: 981px) 1200px, 100vw\" srcset=\"https:\/\/www.bluehouse.fr\/JB6\/carnet-de-vol\/wp-content\/uploads\/2023\/08\/IMG_1221.jpg 1200w, https:\/\/www.chvd.org\/wp-content\/uploads\/2021\/08\/IMG_1221-980x735.jpg 980w, https:\/\/www.chvd.org\/wp-content\/uploads\/2021\/08\/IMG_1221-480x360.jpg 480w\" alt=\"\" width=\"1200\" height=\"900\" \/><\/span><\/a><\/div>\n<div class=\"et_pb_module et_pb_text et_pb_text_3  et_pb_text_align_left et_pb_bg_layout_light\">\n<div class=\"et_pb_text_inner\">\n<p><em>Montagne de Chabre \u2013 Vers le Col St Jean<\/em><\/p>\n<\/div>\n<\/div>\n<div class=\"et_pb_module et_pb_text et_pb_text_4  et_pb_text_align_left et_pb_bg_layout_light\">\n<div class=\"et_pb_text_inner\">\n<p>Les comp\u00e9titeurs ont rendez-vous le samedi 21 \u00e0 Laragne \u00e0 18h pour les inscriptions et un premier breifing. Or ce jour l\u00e0 semble \u00eatre un jour fumant selon m\u00e9t\u00e9o Blue. Je propose donc \u00e0 notre \u00e9quipe de se retrouver samedi \u00e0 10h au camping de Laragne qui est aussi l\u2019atterrissage officiel. Je connais bien le site pour y avoir beaucoup vol\u00e9 en Delta il y a quelques ann\u00e9es. \u00c7a promet d\u2019\u00eatre une journ\u00e9e id\u00e9ale pour d\u00e9couvrir le coin et nous entrainer pour les prochaines manches. De notre petit groupe je suis le seul \u00e0 avoir vol\u00e9 en cross de puis la montagne de Chabre. Je propose donc une belle balade d\u2019entrainement, un petit 100 km en triangle qui doit nous mener du col St jean au Pic de Bure en passant par les antennes de Beaumont et Aspres puis un retour par C\u00e9\u00fcse et Aujour. Et \u00e7a marche ! Je boucle en 4h 42, JJ juste derri\u00e8re pose \u00e0 l\u2019entr\u00e9e de Laragne et Alfredo se paye le luxe d\u2019agrandir le triangle vers Gap. Seul \u00c9milio s\u2019arr\u00eatera en route. Nos amis v\u00e9n\u00e9zu\u00e9liens volent en Bonanza 2 Gin \u2013 C pour Alfredo et Queen 2 Triple Seven \u2013 C pour \u00c9milio. JJ a investi dans une Allegro Phi \u2013 C pour l\u2019occasion et moi je vole toujours sous une swift 5 Ozone \u2013 B.<br \/><a href=\"https:\/\/www.bluehouse.fr\/JB6\/carnet-de-vol\/voir_trace\/?trace_link=https:\/\/www.bluehouse.fr\/JB6\/carnet-de-vol\/wp-content\/uploads\/advanced-cf7-upload\/2021-08-21-XFH-000-01.igc&amp;flag=thvd_5\">La trace de notre vol<\/a><\/p>\n<\/div>\n<\/div>\n<\/div>\n<\/div>\n<p>&nbsp;<\/p>\n<p><!-- \/divi:tadv\/classic-paragraph --><\/p>\n<p>&nbsp;<\/p>\n<p><!-- divi:gallery {\"ids\":[17284,17285,17286,17287],\"linkTo\":\"file\"} --><\/p>\n<figure class=\"wp-block-gallery columns-3 is-cropped\">\n<ul class=\"blocks-gallery-grid\">\n<li class=\"blocks-gallery-item\">\n<figure><a href=\"https:\/\/www.bluehouse.fr\/JB6\/carnet-de-vol\/wp-content\/uploads\/2023\/08\/IMG_1223-1024x768-1.jpg\"><img decoding=\"async\" src=\"https:\/\/www.bluehouse.fr\/JB6\/carnet-de-vol\/wp-content\/uploads\/2023\/08\/IMG_1223-1024x768-1.jpg\" alt=\"\" data-id=\"17284\" data-full-url=\"https:\/\/www.bluehouse.fr\/JB6\/carnet-de-vol\/wp-content\/uploads\/2023\/08\/IMG_1223-1024x768-1.jpg\" data-link=\"https:\/\/www.chvd.org\/img_1223\/\" class=\"wp-image-17284\" \/><\/a><\/p>\n<p>&nbsp;<\/p><figcaption class=\"blocks-gallery-item__caption\"><em>Aspres \u2013 la Longeagne<\/em><\/figcaption><\/figure>\n<\/li>\n<li class=\"blocks-gallery-item\">\n<figure><a href=\"https:\/\/www.bluehouse.fr\/JB6\/carnet-de-vol\/wp-content\/uploads\/2023\/08\/IMG_1224-1024x768-1.jpg\"><img decoding=\"async\" src=\"https:\/\/www.bluehouse.fr\/JB6\/carnet-de-vol\/wp-content\/uploads\/2023\/08\/IMG_1224-1024x768-1.jpg\" alt=\"\" data-id=\"17285\" data-full-url=\"https:\/\/www.bluehouse.fr\/JB6\/carnet-de-vol\/wp-content\/uploads\/2023\/08\/IMG_1224-1024x768-1.jpg\" data-link=\"https:\/\/www.chvd.org\/img_1224\/\" class=\"wp-image-17285\" \/><\/a><\/p>\n<p>&nbsp;<\/p><figcaption class=\"blocks-gallery-item__caption\"><em>Le Pic de Bure<\/em><\/figcaption><\/figure>\n<\/li>\n<li class=\"blocks-gallery-item\">\n<figure><a href=\"https:\/\/www.bluehouse.fr\/JB6\/carnet-de-vol\/wp-content\/uploads\/2023\/08\/IMG_1232-1024x768-1.jpg\"><img decoding=\"async\" src=\"https:\/\/www.bluehouse.fr\/JB6\/carnet-de-vol\/wp-content\/uploads\/2023\/08\/IMG_1232-1024x768-1.jpg\" alt=\"\" data-id=\"17286\" data-full-url=\"https:\/\/www.bluehouse.fr\/JB6\/carnet-de-vol\/wp-content\/uploads\/2023\/08\/IMG_1232-1024x768-1.jpg\" data-link=\"https:\/\/www.chvd.org\/img_1232\/\" class=\"wp-image-17286\" \/><\/a><\/p>\n<p>&nbsp;<\/p><figcaption class=\"blocks-gallery-item__caption\"><em>Le sommet du Pic de Bure<\/em><\/figcaption><\/figure>\n<\/li>\n<li class=\"blocks-gallery-item\">\n<figure><a href=\"https:\/\/www.bluehouse.fr\/JB6\/carnet-de-vol\/wp-content\/uploads\/2023\/08\/IMG_1234-1024x768-1.jpg\"><img decoding=\"async\" src=\"https:\/\/www.bluehouse.fr\/JB6\/carnet-de-vol\/wp-content\/uploads\/2023\/08\/IMG_1234-1024x768-1.jpg\" alt=\"\" data-id=\"17287\" data-full-url=\"https:\/\/www.bluehouse.fr\/JB6\/carnet-de-vol\/wp-content\/uploads\/2023\/08\/IMG_1234-1024x768-1.jpg\" data-link=\"https:\/\/www.chvd.org\/img_1234\/\" class=\"wp-image-17287\" \/><\/a><\/p>\n<p>&nbsp;<\/p><figcaption class=\"blocks-gallery-item__caption\"><em>C\u00e9\u00fcse<\/em><\/figcaption><\/figure>\n<\/li>\n<\/ul>\n<\/figure>\n<p>&nbsp;<\/p>\n<p><!-- \/divi:gallery --><\/p>\n<p>&nbsp;<\/p>\n<p><!-- divi:tadv\/classic-paragraph --><\/p>\n<p>Dimanche 22 ao\u00fbt \u2013 Premi\u00e8re manche.<br \/>Pierre Laurens d\u00e9cide de lancer une manche depuis Courtet car le nord sera trop fort pour voler \u00e0 Laragne. C\u2019est une petite manche entre le Grand Ferrand et le Chatel avec, pour finir, une balise au Jocou avant de poser \u00e0 l\u2019atterro de Courtet. Le vol a \u00e0 peine commenc\u00e9 que je commence \u00e0 recevoir des gouttes de pluie\u2026 je d\u00e9cide d\u2019aller me poser suivit par quelques pilotes dont JJ et \u00c9milio. Personne n\u2019atteindra le Jocou et les premiers poseront \u00e0 Lalley (un atterro que certains membres de notre club connaissent bien\u2026).<\/p>\n<p>&nbsp;<\/p>\n<p><!-- \/divi:tadv\/classic-paragraph --><\/p>\n<p>&nbsp;<\/p>\n<p><!-- divi:gallery {\"ids\":[17288,17289,17290],\"linkTo\":\"file\"} --><\/p>\n<figure class=\"wp-block-gallery columns-3 is-cropped\">\n<ul class=\"blocks-gallery-grid\">\n<li class=\"blocks-gallery-item\">\n<figure><a href=\"https:\/\/www.bluehouse.fr\/JB6\/carnet-de-vol\/wp-content\/uploads\/2023\/08\/IMG_1240-1024x768-1.jpg\"><img decoding=\"async\" src=\"https:\/\/www.bluehouse.fr\/JB6\/carnet-de-vol\/wp-content\/uploads\/2023\/08\/IMG_1240-1024x768-1.jpg\" alt=\"\" data-id=\"17288\" data-full-url=\"https:\/\/www.bluehouse.fr\/JB6\/carnet-de-vol\/wp-content\/uploads\/2023\/08\/IMG_1240-1024x768-1.jpg\" data-link=\"https:\/\/www.chvd.org\/img_1240\/\" class=\"wp-image-17288\" \/><\/a><\/p>\n<p>&nbsp;<\/p><figcaption class=\"blocks-gallery-item__caption\">Le ciel<\/figcaption><\/figure>\n<\/li>\n<li class=\"blocks-gallery-item\">\n<figure><a href=\"https:\/\/www.bluehouse.fr\/JB6\/carnet-de-vol\/wp-content\/uploads\/2023\/08\/IMG_1242-1024x768-1.jpg\"><img decoding=\"async\" src=\"https:\/\/www.bluehouse.fr\/JB6\/carnet-de-vol\/wp-content\/uploads\/2023\/08\/IMG_1242-1024x768-1.jpg\" alt=\"\" data-id=\"17289\" data-full-url=\"https:\/\/www.bluehouse.fr\/JB6\/carnet-de-vol\/wp-content\/uploads\/2023\/08\/IMG_1242-1024x768-1.jpg\" data-link=\"https:\/\/www.chvd.org\/img_1242\/\" class=\"wp-image-17289\" \/><\/a><\/p>\n<p>&nbsp;<\/p><figcaption class=\"blocks-gallery-item__caption\">de Courtet<\/figcaption><\/figure>\n<\/li>\n<li class=\"blocks-gallery-item\">\n<figure><a href=\"https:\/\/www.bluehouse.fr\/JB6\/carnet-de-vol\/wp-content\/uploads\/2023\/08\/IMG_1243-1024x768-1.jpg\"><img decoding=\"async\" src=\"https:\/\/www.bluehouse.fr\/JB6\/carnet-de-vol\/wp-content\/uploads\/2023\/08\/IMG_1243-1024x768-1.jpg\" alt=\"\" data-id=\"17290\" data-full-url=\"https:\/\/www.bluehouse.fr\/JB6\/carnet-de-vol\/wp-content\/uploads\/2023\/08\/IMG_1243-1024x768-1.jpg\" data-link=\"https:\/\/www.chvd.org\/img_1243\/\" class=\"wp-image-17290\" \/><\/a><\/p>\n<p>&nbsp;<\/p><figcaption class=\"blocks-gallery-item__caption\">s&#8217;assombri !<\/figcaption><\/figure>\n<\/li>\n<\/ul>\n<\/figure>\n<p>&nbsp;<\/p>\n<p><!-- \/divi:gallery --><\/p>\n<p>&nbsp;<\/p>\n<p><!-- divi:tadv\/classic-paragraph --><\/p>\n<p>Lundi 23 ao\u00fbt \u2013 Manche 2<\/p>\n<p>Aujourd\u2019hui nous avons rendez-vous \u00e0 9h 30 au stade de Digne. La m\u00e9t\u00e9o est tr\u00e8s bonne cela promet une manche ambitieuse. Et effectivement, on nous propose un parcours de 89km qui nous m\u00e8nera de Digne \u00e0 Moustier pour finir \u00e0 St Andr\u00e9. Le d\u00e9co est tr\u00e8s mouvement\u00e9, des rafales de Dusts soul\u00e8vent les bouses de vaches et une aile part en papillote\u2026 Ambiance\u2026 Alfredo et JJ bouclent. \u00c9milio et moi avons choisi des mauvaises options et posons bien avant Moustier. Pendant cette manche plusieurs pilotes ont annonc\u00e9 niveau 2 (Il y a 3 niveaux et \u00e0 niveau 3 on pose).<\/p>\n<p>&nbsp;<\/p>\n<p><!-- \/divi:tadv\/classic-paragraph --><\/p>\n<p>&nbsp;<\/p>\n<p><!-- divi:gallery {\"ids\":[17291,17292],\"linkTo\":\"file\"} --><\/p>\n<figure class=\"wp-block-gallery columns-2 is-cropped\">\n<ul class=\"blocks-gallery-grid\">\n<li class=\"blocks-gallery-item\">\n<figure><a href=\"https:\/\/www.bluehouse.fr\/JB6\/carnet-de-vol\/wp-content\/uploads\/2023\/08\/IMG_1250-1024x768-1.jpg\"><img decoding=\"async\" src=\"https:\/\/www.bluehouse.fr\/JB6\/carnet-de-vol\/wp-content\/uploads\/2023\/08\/IMG_1250-1024x768-1.jpg\" alt=\"\" data-id=\"17291\" data-full-url=\"https:\/\/www.bluehouse.fr\/JB6\/carnet-de-vol\/wp-content\/uploads\/2023\/08\/IMG_1250-1024x768-1.jpg\" data-link=\"https:\/\/www.chvd.org\/img_1250\/\" class=\"wp-image-17291\" \/><\/a><\/p>\n<p>&nbsp;<\/p><figcaption class=\"blocks-gallery-item__caption\"><em>D\u00e9collage de l\u2019Andran<\/em><\/figcaption><\/figure>\n<\/li>\n<li class=\"blocks-gallery-item\">\n<figure><a href=\"https:\/\/www.bluehouse.fr\/JB6\/carnet-de-vol\/wp-content\/uploads\/2023\/08\/IMG_1251-1024x768-1.jpg\"><img decoding=\"async\" src=\"https:\/\/www.bluehouse.fr\/JB6\/carnet-de-vol\/wp-content\/uploads\/2023\/08\/IMG_1251-1024x768-1.jpg\" alt=\"\" data-id=\"17292\" data-full-url=\"https:\/\/www.bluehouse.fr\/JB6\/carnet-de-vol\/wp-content\/uploads\/2023\/08\/IMG_1251-1024x768-1.jpg\" data-link=\"https:\/\/www.chvd.org\/img_1251\/\" class=\"wp-image-17292\" \/><\/a><\/p>\n<p>&nbsp;<\/p><figcaption class=\"blocks-gallery-item__caption\"><em>En route pour Moustier<\/em><\/figcaption><\/figure>\n<\/li>\n<\/ul>\n<\/figure>\n<p>&nbsp;<\/p>\n<p><!-- \/divi:gallery --><\/p>\n<p>&nbsp;<\/p>\n<p><!-- divi:tadv\/classic-paragraph --><\/p>\n<p>Mardi 24 ao\u00fbt \u2013 Pluie on en profite pour retourner \u00e0 Laragne.<\/p>\n<p>Mercredi 25 ao\u00fbt \u2013 Manche 3<\/p>\n<p>Excellentes conditions, on va pouvoir mettre \u00e0 profit notre s\u00e9ance d\u2019entrainement de samedi.<br \/>Aujourd\u2019hui c\u2019est une course au but de 77 km vers Chorges depuis le d\u00e9co de Chabre. C\u2019est donc plus ou moins le parcours que nous avions fait en allant au Pic de Bure mais au lieu de rentrer sur Laragne on continue vers l\u2019est en direction du lac de Serpon\u00e7on. Le gagnant de cette manche, Justin Puthod (fils de\u2026) boucle en 2h 04 \u00e0 plus de 37km\/h de moyenne, Alfredo le Warrior de l\u2019\u00e9quipe boucle en 2h 54 et se classe 17\u00e8me et je boucle en 3h 26 avec mon aile en B \u00e0 la 25\u00e8me position. JJ et \u00c9milio posent presque ensemble \u00e0 l\u2019avant derni\u00e8re balise.<\/p>\n<p>&nbsp;<\/p>\n<p><!-- \/divi:tadv\/classic-paragraph --><\/p>\n<p>&nbsp;<\/p>\n<p><!-- divi:gallery {\"ids\":[17295,17296],\"linkTo\":\"file\"} --><\/p>\n<figure class=\"wp-block-gallery columns-2 is-cropped\">\n<ul class=\"blocks-gallery-grid\">\n<li class=\"blocks-gallery-item\">\n<figure><a href=\"https:\/\/www.bluehouse.fr\/JB6\/carnet-de-vol\/wp-content\/uploads\/2023\/08\/IMG_1266-1024x768-1.jpg\"><img decoding=\"async\" src=\"https:\/\/www.bluehouse.fr\/JB6\/carnet-de-vol\/wp-content\/uploads\/2023\/08\/IMG_1266-1024x768-1.jpg\" alt=\"\" data-id=\"17295\" data-full-url=\"https:\/\/www.bluehouse.fr\/JB6\/carnet-de-vol\/wp-content\/uploads\/2023\/08\/IMG_1266-1024x768-1.jpg\" data-link=\"https:\/\/www.chvd.org\/img_1266\/\" class=\"wp-image-17295\" \/><\/a><\/p>\n<p>&nbsp;<\/p><figcaption class=\"blocks-gallery-item__caption\"><em>La montagne de Chabre<\/em><\/figcaption><\/figure>\n<\/li>\n<li class=\"blocks-gallery-item\">\n<figure><a href=\"https:\/\/www.bluehouse.fr\/JB6\/carnet-de-vol\/wp-content\/uploads\/2023\/08\/IMG_1269-1024x768-1.jpg\"><img decoding=\"async\" src=\"https:\/\/www.bluehouse.fr\/JB6\/carnet-de-vol\/wp-content\/uploads\/2023\/08\/IMG_1269-1024x768-1.jpg\" alt=\"\" data-id=\"17296\" data-full-url=\"https:\/\/www.bluehouse.fr\/JB6\/carnet-de-vol\/wp-content\/uploads\/2023\/08\/IMG_1269-1024x768-1.jpg\" data-link=\"https:\/\/www.chvd.org\/img_1269\/\" class=\"wp-image-17296\" \/><\/a><\/p>\n<p>&nbsp;<\/p><figcaption class=\"blocks-gallery-item__caption\"><em>En vol pour Chorges \u2013 Les Aiguilles de Chabri\u00e8re<\/em><\/figcaption><\/figure>\n<\/li>\n<\/ul>\n<\/figure>\n<p>&nbsp;<\/p>\n<p><!-- \/divi:gallery --><\/p>\n<p>&nbsp;<\/p>\n<p><!-- divi:tadv\/classic-paragraph --><\/p>\n<p>Jeudi 26 ao\u00fbt \u2013 Manche 4<\/p>\n<p>Le nord s\u2019est remis \u00e0 souffler mais qu\u2019\u00e0 cela ne tienne, Pierre laurens a plus d\u2019un tour dans son sac, il nous donne rendez-vous au t\u00e9l\u00e9si\u00e8ge de Montclar. \u00c7a sera mon dernier jour de comp\u00e9tition car je dois rentrer \u00e0 la maison pour le 90 ans de ma maman\u2026<br \/>Quand nous arrivons au sommet les \u00e9l\u00e8ves et les biplaces redescendent en t\u00e9l\u00e9si\u00e8ge\u2026 \u00e7a promet\u2026 Le vent est bien travers droit (tendance nord) mais nos organisateurs sont confiants, \u00e7a va s\u2019am\u00e9liorer et effectivement, vers 15h \u00e7a passe un peu plus face au d\u00e9co, la manche est lanc\u00e9e. Il s\u2019en suit une s\u00e9rie de sketchs, une voile s\u2019enroule autour de la station m\u00e9t\u00e9o, une autre autour d\u2019un canon \u00e0 neige. Plusieurs pilotes de Guns doivent s\u2019y reprendre \u00e0 plusieurs fois mais finalement tout le monde arrive \u00e0 d\u00e9coller sauf moi ! En effet, pour corser l\u2019affaire et compliquer les choses je ne trouve pas mieux que d\u2019enfoncer l\u2019acc\u00e9l\u00e9rateur en essayant de rentrer dans mon cocon. R\u00e9sultat je tangente la pente du d\u00e9co \u00e0 1m sol jusqu\u2019au moment o\u00f9 je n\u2019ai plus que le choix entre une ligne \u00e9lectrique, une rang\u00e9e de sapins ou un troupeau de vaches tranquillement entrain de ruminer. Demi-tour \u00e0 droite, face au vent je pose en douceur entre 2 ruminants et je remonte 30m pour red\u00e9coller au d\u00e9co inf\u00e9rieur o\u00f9 JJ s\u2019est install\u00e9. Et cette fois \u00e7a passe. Seul Alfredo bouclera. JJ tentera de faire valider sa trace mais \u00e7a se voit quand-m\u00eame trop qu\u2019il a repris le t\u00e9l\u00e9si\u00e8ge pour boucler\u2026<\/p>\n<p>&nbsp;<\/p>\n<p><!-- \/divi:tadv\/classic-paragraph --><\/p>\n<p>&nbsp;<\/p>\n<p><!-- divi:gallery {\"ids\":[17297,17298,17299,17300],\"linkTo\":\"file\"} --><\/p>\n<figure class=\"wp-block-gallery columns-3 is-cropped\">\n<ul class=\"blocks-gallery-grid\">\n<li class=\"blocks-gallery-item\">\n<figure><a href=\"https:\/\/www.bluehouse.fr\/JB6\/carnet-de-vol\/wp-content\/uploads\/2023\/08\/IMG_1276-1024x768-1.jpg\"><img decoding=\"async\" src=\"https:\/\/www.bluehouse.fr\/JB6\/carnet-de-vol\/wp-content\/uploads\/2023\/08\/IMG_1276-1024x768-1.jpg\" alt=\"\" data-id=\"17297\" data-full-url=\"https:\/\/www.bluehouse.fr\/JB6\/carnet-de-vol\/wp-content\/uploads\/2023\/08\/IMG_1276-1024x768-1.jpg\" data-link=\"https:\/\/www.chvd.org\/img_1276\/\" class=\"wp-image-17297\" \/><\/a><\/p>\n<p>&nbsp;<\/p><figcaption class=\"blocks-gallery-item__caption\"><em>La grappe au-dessus de Montclar<\/em><\/figcaption><\/figure>\n<\/li>\n<li class=\"blocks-gallery-item\">\n<figure><a href=\"https:\/\/www.bluehouse.fr\/JB6\/carnet-de-vol\/wp-content\/uploads\/2023\/08\/IMG_1280-1024x768-1.jpg\"><img decoding=\"async\" src=\"https:\/\/www.bluehouse.fr\/JB6\/carnet-de-vol\/wp-content\/uploads\/2023\/08\/IMG_1280-1024x768-1.jpg\" alt=\"\" data-id=\"17298\" data-full-url=\"https:\/\/www.bluehouse.fr\/JB6\/carnet-de-vol\/wp-content\/uploads\/2023\/08\/IMG_1280-1024x768-1.jpg\" data-link=\"https:\/\/www.chvd.org\/img_1280\/\" class=\"wp-image-17298\" \/><\/a><\/p>\n<p>&nbsp;<\/p><figcaption class=\"blocks-gallery-item__caption\"><em>En plaine vers le nord<\/em><\/figcaption><\/figure>\n<\/li>\n<li class=\"blocks-gallery-item\">\n<figure><a href=\"https:\/\/www.bluehouse.fr\/JB6\/carnet-de-vol\/wp-content\/uploads\/2023\/08\/IMG_1287-1024x768-1.jpg\"><img decoding=\"async\" src=\"https:\/\/www.bluehouse.fr\/JB6\/carnet-de-vol\/wp-content\/uploads\/2023\/08\/IMG_1287-1024x768-1.jpg\" alt=\"\" data-id=\"17299\" data-full-url=\"https:\/\/www.bluehouse.fr\/JB6\/carnet-de-vol\/wp-content\/uploads\/2023\/08\/IMG_1287-1024x768-1.jpg\" data-link=\"https:\/\/www.chvd.org\/img_1287\/\" class=\"wp-image-17299\" \/><\/a><\/p>\n<p>&nbsp;<\/p><figcaption class=\"blocks-gallery-item__caption\"><em>La montagne de Dormillouse<\/em><\/figcaption><\/figure>\n<\/li>\n<li class=\"blocks-gallery-item\">\n<figure><a href=\"https:\/\/www.bluehouse.fr\/JB6\/carnet-de-vol\/wp-content\/uploads\/2023\/08\/IMG_1296-1024x768-1.jpg\"><img decoding=\"async\" src=\"https:\/\/www.bluehouse.fr\/JB6\/carnet-de-vol\/wp-content\/uploads\/2023\/08\/IMG_1296-1024x768-1.jpg\" alt=\"\" data-id=\"17300\" data-full-url=\"https:\/\/www.bluehouse.fr\/JB6\/carnet-de-vol\/wp-content\/uploads\/2023\/08\/IMG_1296-1024x768-1.jpg\" data-link=\"https:\/\/www.chvd.org\/img_1296\/\" class=\"wp-image-17300\" \/><\/a><\/p>\n<p>&nbsp;<\/p><figcaption class=\"blocks-gallery-item__caption\"><em>Le lac de Serpon\u00e7on<\/em><\/figcaption><\/figure>\n<\/li>\n<\/ul>\n<\/figure>\n<p>&nbsp;<\/p>\n<p><!-- \/divi:gallery --><\/p>\n<p>&nbsp;<\/p>\n<p><!-- divi:tadv\/classic-paragraph --><\/p>\n<p>Vendredi 25 ao\u00fbt \u2013 manche 5<\/p>\n<p>Je n\u2019\u00e9tais pas l\u00e0 mais \u00e7a s\u2019est pass\u00e9 au m\u00eame endroit et il semblerait que c\u2019\u00e9tait plus facile que la veille. Alfredo boucle en 13\u00e8me position, JJ boucle \u00e9galement \u00e0 la 18\u00e8me place et \u00c9milio pose dans un champ o\u00f9 l\u2019on vient d\u2019\u00e9pandre du lisier\u2026 L\u2019odeur le poursuit encore\u2026<br \/>Vous pouvez retrouver tous les r\u00e9sultats de la comp\u00e9tition et les traces sur le site de la f\u00e9d\u00e9 \u00e0 cette adresse :<br \/><a href=\"https:\/\/parapente.ffvl.fr\/compet\/3741\">https:\/\/parapente.ffvl.fr\/compet\/3741<\/a><\/p>\n<p>J\u2019esp\u00e8re que le r\u00e9cit de nos aventures donnera \u00e0 certains membres du club l\u2019envie de rejoindre notre \u00e9quipe de comp\u00e9tition pour la saison prochaine. Vous aurez compris que l\u2019on participe aux comp\u00e8tes dans un esprit de franche camaraderie o\u00f9 m\u00eame si on se tire la bourre entre nous, les r\u00e9sultats ne sont pas ce qui importe le plus. De plus on n\u2019est pas oblig\u00e9 de piloter une aile de comp\u00e9tition, je vole avec une Swift 5 Ozone B et j\u2019ai boucl\u00e9 plusieurs manches dans les temps.<\/p>\n<p>&nbsp;<\/p>\n<p>&nbsp;<\/p>\n<p><!-- \/divi:tadv\/classic-paragraph -->[\/et_pb_text][\/et_pb_column][\/et_pb_row][\/et_pb_section]<\/p>\n","protected":false},"excerpt":{"rendered":"<p>La Trans Alps est une comp\u00e9tition de parapente qui a lieu sur six jours \u00e0 la fin du mois d\u2019ao\u00fbt avec la particularit\u00e9 que les manches sont d\u00e9cid\u00e9es au dernier moment et peuvent se d\u00e9rouler n\u2019importe o\u00f9 entre Grenoble et les sites du sud de la France en fonction des conditions m\u00e9t\u00e9o du jour.Nous sommes [&hellip;]<\/p>\n","protected":false},"author":57,"featured_media":239751,"comment_status":"open","ping_status":"open","sticky":false,"template":"","format":"standard","meta":{"_et_pb_use_builder":"on","_et_pb_old_content":"","_et_gb_content_width":"","_jetpack_memberships_contains_paid_content":false,"_joinchat":[],"footnotes":""},"categories":[61],"tags":[],"class_list":["post-239749","post","type-post","status-publish","format-standard","has-post-thumbnail","hentry","category-recit"],"yoast_head":"<!-- This site is optimized with the Yoast SEO plugin v27.5 - https:\/\/yoast.com\/product\/yoast-seo-wordpress\/ -->\n<title>Trans&#039;Alps 2021 - Carnet de Vol<\/title>\n<meta name=\"robots\" content=\"index, follow, max-snippet:-1, max-image-preview:large, max-video-preview:-1\" \/>\n<link rel=\"canonical\" href=\"https:\/\/www.bluehouse.fr\/JB6\/carnet-de-vol\/2021\/08\/21\/transalps-2021\/\" \/>\n<meta property=\"og:locale\" content=\"fr_FR\" \/>\n<meta property=\"og:type\" content=\"article\" \/>\n<meta property=\"og:title\" content=\"Trans&#039;Alps 2021 - Carnet de Vol\" \/>\n<meta property=\"og:description\" content=\"La Trans Alps est une comp\u00e9tition de parapente qui a lieu sur six jours \u00e0 la fin du mois d\u2019ao\u00fbt avec la particularit\u00e9 que les manches sont d\u00e9cid\u00e9es au dernier moment et peuvent se d\u00e9rouler n\u2019importe o\u00f9 entre Grenoble et les sites du sud de la France en fonction des conditions m\u00e9t\u00e9o du jour.Nous sommes [&hellip;]\" \/>\n<meta property=\"og:url\" content=\"https:\/\/www.bluehouse.fr\/JB6\/carnet-de-vol\/2021\/08\/21\/transalps-2021\/\" \/>\n<meta property=\"og:site_name\" content=\"Carnet de Vol\" \/>\n<meta property=\"article:published_time\" content=\"2021-08-21T11:17:00+00:00\" \/>\n<meta property=\"article:modified_time\" content=\"2025-03-16T16:14:11+00:00\" \/>\n<meta property=\"og:image\" content=\"https:\/\/www.bluehouse.fr\/JB6\/carnet-de-vol\/wp-content\/uploads\/2023\/08\/IMG_1271.jpg\" \/>\n\t<meta property=\"og:image:width\" content=\"1200\" \/>\n\t<meta property=\"og:image:height\" content=\"900\" \/>\n\t<meta property=\"og:image:type\" content=\"image\/jpeg\" \/>\n<meta name=\"author\" content=\"Jacques Bayol\" \/>\n<meta name=\"twitter:card\" content=\"summary_large_image\" \/>\n<meta name=\"twitter:label1\" content=\"\u00c9crit par\" \/>\n\t<meta name=\"twitter:data1\" content=\"Jacques Bayol\" \/>\n\t<meta name=\"twitter:label2\" content=\"Dur\u00e9e de lecture estim\u00e9e\" \/>\n\t<meta name=\"twitter:data2\" content=\"7 minutes\" \/>\n<script type=\"application\/ld+json\" class=\"yoast-schema-graph\">{\"@context\":\"https:\\\/\\\/schema.org\",\"@graph\":[{\"@type\":\"Article\",\"@id\":\"https:\\\/\\\/www.bluehouse.fr\\\/JB6\\\/carnet-de-vol\\\/2021\\\/08\\\/21\\\/transalps-2021\\\/#article\",\"isPartOf\":{\"@id\":\"https:\\\/\\\/www.bluehouse.fr\\\/JB6\\\/carnet-de-vol\\\/2021\\\/08\\\/21\\\/transalps-2021\\\/\"},\"author\":{\"name\":\"Jacques Bayol\",\"@id\":\"https:\\\/\\\/www.bluehouse.fr\\\/JB6\\\/carnet-de-vol\\\/#\\\/schema\\\/person\\\/5d86adbd628adb05f7f8b7b24afe7187\"},\"headline\":\"Trans&#8217;Alps 2021\",\"datePublished\":\"2021-08-21T11:17:00+00:00\",\"dateModified\":\"2025-03-16T16:14:11+00:00\",\"mainEntityOfPage\":{\"@id\":\"https:\\\/\\\/www.bluehouse.fr\\\/JB6\\\/carnet-de-vol\\\/2021\\\/08\\\/21\\\/transalps-2021\\\/\"},\"wordCount\":1485,\"commentCount\":0,\"publisher\":{\"@id\":\"https:\\\/\\\/www.bluehouse.fr\\\/JB6\\\/carnet-de-vol\\\/#organization\"},\"image\":{\"@id\":\"https:\\\/\\\/www.bluehouse.fr\\\/JB6\\\/carnet-de-vol\\\/2021\\\/08\\\/21\\\/transalps-2021\\\/#primaryimage\"},\"thumbnailUrl\":\"https:\\\/\\\/www.bluehouse.fr\\\/JB6\\\/carnet-de-vol\\\/wp-content\\\/uploads\\\/2023\\\/08\\\/IMG_1271.jpg\",\"articleSection\":[\"r\u00e9cit\"],\"inLanguage\":\"fr-FR\",\"potentialAction\":[{\"@type\":\"CommentAction\",\"name\":\"Comment\",\"target\":[\"https:\\\/\\\/www.bluehouse.fr\\\/JB6\\\/carnet-de-vol\\\/2021\\\/08\\\/21\\\/transalps-2021\\\/#respond\"]}]},{\"@type\":\"WebPage\",\"@id\":\"https:\\\/\\\/www.bluehouse.fr\\\/JB6\\\/carnet-de-vol\\\/2021\\\/08\\\/21\\\/transalps-2021\\\/\",\"url\":\"https:\\\/\\\/www.bluehouse.fr\\\/JB6\\\/carnet-de-vol\\\/2021\\\/08\\\/21\\\/transalps-2021\\\/\",\"name\":\"Trans'Alps 2021 - Carnet de Vol\",\"isPartOf\":{\"@id\":\"https:\\\/\\\/www.bluehouse.fr\\\/JB6\\\/carnet-de-vol\\\/#website\"},\"primaryImageOfPage\":{\"@id\":\"https:\\\/\\\/www.bluehouse.fr\\\/JB6\\\/carnet-de-vol\\\/2021\\\/08\\\/21\\\/transalps-2021\\\/#primaryimage\"},\"image\":{\"@id\":\"https:\\\/\\\/www.bluehouse.fr\\\/JB6\\\/carnet-de-vol\\\/2021\\\/08\\\/21\\\/transalps-2021\\\/#primaryimage\"},\"thumbnailUrl\":\"https:\\\/\\\/www.bluehouse.fr\\\/JB6\\\/carnet-de-vol\\\/wp-content\\\/uploads\\\/2023\\\/08\\\/IMG_1271.jpg\",\"datePublished\":\"2021-08-21T11:17:00+00:00\",\"dateModified\":\"2025-03-16T16:14:11+00:00\",\"breadcrumb\":{\"@id\":\"https:\\\/\\\/www.bluehouse.fr\\\/JB6\\\/carnet-de-vol\\\/2021\\\/08\\\/21\\\/transalps-2021\\\/#breadcrumb\"},\"inLanguage\":\"fr-FR\",\"potentialAction\":[{\"@type\":\"ReadAction\",\"target\":[\"https:\\\/\\\/www.bluehouse.fr\\\/JB6\\\/carnet-de-vol\\\/2021\\\/08\\\/21\\\/transalps-2021\\\/\"]}]},{\"@type\":\"ImageObject\",\"inLanguage\":\"fr-FR\",\"@id\":\"https:\\\/\\\/www.bluehouse.fr\\\/JB6\\\/carnet-de-vol\\\/2021\\\/08\\\/21\\\/transalps-2021\\\/#primaryimage\",\"url\":\"https:\\\/\\\/www.bluehouse.fr\\\/JB6\\\/carnet-de-vol\\\/wp-content\\\/uploads\\\/2023\\\/08\\\/IMG_1271.jpg\",\"contentUrl\":\"https:\\\/\\\/www.bluehouse.fr\\\/JB6\\\/carnet-de-vol\\\/wp-content\\\/uploads\\\/2023\\\/08\\\/IMG_1271.jpg\",\"width\":1200,\"height\":900},{\"@type\":\"BreadcrumbList\",\"@id\":\"https:\\\/\\\/www.bluehouse.fr\\\/JB6\\\/carnet-de-vol\\\/2021\\\/08\\\/21\\\/transalps-2021\\\/#breadcrumb\",\"itemListElement\":[{\"@type\":\"ListItem\",\"position\":1,\"name\":\"Accueil\",\"item\":\"https:\\\/\\\/www.bluehouse.fr\\\/JB6\\\/carnet-de-vol\\\/\"},{\"@type\":\"ListItem\",\"position\":2,\"name\":\"Trans&#8217;Alps 2021\"}]},{\"@type\":\"WebSite\",\"@id\":\"https:\\\/\\\/www.bluehouse.fr\\\/JB6\\\/carnet-de-vol\\\/#website\",\"url\":\"https:\\\/\\\/www.bluehouse.fr\\\/JB6\\\/carnet-de-vol\\\/\",\"name\":\"Carnet de Vol\",\"description\":\"Carnet de Vol Parapente\",\"publisher\":{\"@id\":\"https:\\\/\\\/www.bluehouse.fr\\\/JB6\\\/carnet-de-vol\\\/#organization\"},\"potentialAction\":[{\"@type\":\"SearchAction\",\"target\":{\"@type\":\"EntryPoint\",\"urlTemplate\":\"https:\\\/\\\/www.bluehouse.fr\\\/JB6\\\/carnet-de-vol\\\/?s={search_term_string}\"},\"query-input\":{\"@type\":\"PropertyValueSpecification\",\"valueRequired\":true,\"valueName\":\"search_term_string\"}}],\"inLanguage\":\"fr-FR\"},{\"@type\":\"Organization\",\"@id\":\"https:\\\/\\\/www.bluehouse.fr\\\/JB6\\\/carnet-de-vol\\\/#organization\",\"name\":\"Carnet de Vol\",\"url\":\"https:\\\/\\\/www.bluehouse.fr\\\/JB6\\\/carnet-de-vol\\\/\",\"logo\":{\"@type\":\"ImageObject\",\"inLanguage\":\"fr-FR\",\"@id\":\"https:\\\/\\\/www.bluehouse.fr\\\/JB6\\\/carnet-de-vol\\\/#\\\/schema\\\/logo\\\/image\\\/\",\"url\":\"https:\\\/\\\/www.bluehouse.fr\\\/JB6\\\/carnet-de-vol\\\/wp-content\\\/uploads\\\/2023\\\/11\\\/logo.png\",\"contentUrl\":\"https:\\\/\\\/www.bluehouse.fr\\\/JB6\\\/carnet-de-vol\\\/wp-content\\\/uploads\\\/2023\\\/11\\\/logo.png\",\"width\":400,\"height\":400,\"caption\":\"Carnet de Vol\"},\"image\":{\"@id\":\"https:\\\/\\\/www.bluehouse.fr\\\/JB6\\\/carnet-de-vol\\\/#\\\/schema\\\/logo\\\/image\\\/\"}},{\"@type\":\"Person\",\"@id\":\"https:\\\/\\\/www.bluehouse.fr\\\/JB6\\\/carnet-de-vol\\\/#\\\/schema\\\/person\\\/5d86adbd628adb05f7f8b7b24afe7187\",\"name\":\"Jacques Bayol\",\"image\":{\"@type\":\"ImageObject\",\"inLanguage\":\"fr-FR\",\"@id\":\"https:\\\/\\\/secure.gravatar.com\\\/avatar\\\/15bcc0a70bbdf1d887a3eba73fa1a16a018cf14529c2d51827403d81e6a05255?s=96&d=mm&r=g\",\"url\":\"https:\\\/\\\/secure.gravatar.com\\\/avatar\\\/15bcc0a70bbdf1d887a3eba73fa1a16a018cf14529c2d51827403d81e6a05255?s=96&d=mm&r=g\",\"contentUrl\":\"https:\\\/\\\/secure.gravatar.com\\\/avatar\\\/15bcc0a70bbdf1d887a3eba73fa1a16a018cf14529c2d51827403d81e6a05255?s=96&d=mm&r=g\",\"caption\":\"Jacques Bayol\"},\"description\":\"Pilote de vol libre depuis 1974, modeste webmaster de ce site.\",\"url\":\"https:\\\/\\\/www.bluehouse.fr\\\/JB6\\\/carnet-de-vol\\\/author\\\/jack\\\/\"}]}<\/script>\n<!-- \/ Yoast SEO plugin. -->","yoast_head_json":{"title":"Trans'Alps 2021 - Carnet de Vol","robots":{"index":"index","follow":"follow","max-snippet":"max-snippet:-1","max-image-preview":"max-image-preview:large","max-video-preview":"max-video-preview:-1"},"canonical":"https:\/\/www.bluehouse.fr\/JB6\/carnet-de-vol\/2021\/08\/21\/transalps-2021\/","og_locale":"fr_FR","og_type":"article","og_title":"Trans'Alps 2021 - Carnet de Vol","og_description":"La Trans Alps est une comp\u00e9tition de parapente qui a lieu sur six jours \u00e0 la fin du mois d\u2019ao\u00fbt avec la particularit\u00e9 que les manches sont d\u00e9cid\u00e9es au dernier moment et peuvent se d\u00e9rouler n\u2019importe o\u00f9 entre Grenoble et les sites du sud de la France en fonction des conditions m\u00e9t\u00e9o du jour.Nous sommes [&hellip;]","og_url":"https:\/\/www.bluehouse.fr\/JB6\/carnet-de-vol\/2021\/08\/21\/transalps-2021\/","og_site_name":"Carnet de Vol","article_published_time":"2021-08-21T11:17:00+00:00","article_modified_time":"2025-03-16T16:14:11+00:00","og_image":[{"width":1200,"height":900,"url":"https:\/\/www.bluehouse.fr\/JB6\/carnet-de-vol\/wp-content\/uploads\/2023\/08\/IMG_1271.jpg","type":"image\/jpeg"}],"author":"Jacques Bayol","twitter_card":"summary_large_image","twitter_misc":{"\u00c9crit par":"Jacques Bayol","Dur\u00e9e de lecture estim\u00e9e":"7 minutes"},"schema":{"@context":"https:\/\/schema.org","@graph":[{"@type":"Article","@id":"https:\/\/www.bluehouse.fr\/JB6\/carnet-de-vol\/2021\/08\/21\/transalps-2021\/#article","isPartOf":{"@id":"https:\/\/www.bluehouse.fr\/JB6\/carnet-de-vol\/2021\/08\/21\/transalps-2021\/"},"author":{"name":"Jacques Bayol","@id":"https:\/\/www.bluehouse.fr\/JB6\/carnet-de-vol\/#\/schema\/person\/5d86adbd628adb05f7f8b7b24afe7187"},"headline":"Trans&#8217;Alps 2021","datePublished":"2021-08-21T11:17:00+00:00","dateModified":"2025-03-16T16:14:11+00:00","mainEntityOfPage":{"@id":"https:\/\/www.bluehouse.fr\/JB6\/carnet-de-vol\/2021\/08\/21\/transalps-2021\/"},"wordCount":1485,"commentCount":0,"publisher":{"@id":"https:\/\/www.bluehouse.fr\/JB6\/carnet-de-vol\/#organization"},"image":{"@id":"https:\/\/www.bluehouse.fr\/JB6\/carnet-de-vol\/2021\/08\/21\/transalps-2021\/#primaryimage"},"thumbnailUrl":"https:\/\/www.bluehouse.fr\/JB6\/carnet-de-vol\/wp-content\/uploads\/2023\/08\/IMG_1271.jpg","articleSection":["r\u00e9cit"],"inLanguage":"fr-FR","potentialAction":[{"@type":"CommentAction","name":"Comment","target":["https:\/\/www.bluehouse.fr\/JB6\/carnet-de-vol\/2021\/08\/21\/transalps-2021\/#respond"]}]},{"@type":"WebPage","@id":"https:\/\/www.bluehouse.fr\/JB6\/carnet-de-vol\/2021\/08\/21\/transalps-2021\/","url":"https:\/\/www.bluehouse.fr\/JB6\/carnet-de-vol\/2021\/08\/21\/transalps-2021\/","name":"Trans'Alps 2021 - Carnet de Vol","isPartOf":{"@id":"https:\/\/www.bluehouse.fr\/JB6\/carnet-de-vol\/#website"},"primaryImageOfPage":{"@id":"https:\/\/www.bluehouse.fr\/JB6\/carnet-de-vol\/2021\/08\/21\/transalps-2021\/#primaryimage"},"image":{"@id":"https:\/\/www.bluehouse.fr\/JB6\/carnet-de-vol\/2021\/08\/21\/transalps-2021\/#primaryimage"},"thumbnailUrl":"https:\/\/www.bluehouse.fr\/JB6\/carnet-de-vol\/wp-content\/uploads\/2023\/08\/IMG_1271.jpg","datePublished":"2021-08-21T11:17:00+00:00","dateModified":"2025-03-16T16:14:11+00:00","breadcrumb":{"@id":"https:\/\/www.bluehouse.fr\/JB6\/carnet-de-vol\/2021\/08\/21\/transalps-2021\/#breadcrumb"},"inLanguage":"fr-FR","potentialAction":[{"@type":"ReadAction","target":["https:\/\/www.bluehouse.fr\/JB6\/carnet-de-vol\/2021\/08\/21\/transalps-2021\/"]}]},{"@type":"ImageObject","inLanguage":"fr-FR","@id":"https:\/\/www.bluehouse.fr\/JB6\/carnet-de-vol\/2021\/08\/21\/transalps-2021\/#primaryimage","url":"https:\/\/www.bluehouse.fr\/JB6\/carnet-de-vol\/wp-content\/uploads\/2023\/08\/IMG_1271.jpg","contentUrl":"https:\/\/www.bluehouse.fr\/JB6\/carnet-de-vol\/wp-content\/uploads\/2023\/08\/IMG_1271.jpg","width":1200,"height":900},{"@type":"BreadcrumbList","@id":"https:\/\/www.bluehouse.fr\/JB6\/carnet-de-vol\/2021\/08\/21\/transalps-2021\/#breadcrumb","itemListElement":[{"@type":"ListItem","position":1,"name":"Accueil","item":"https:\/\/www.bluehouse.fr\/JB6\/carnet-de-vol\/"},{"@type":"ListItem","position":2,"name":"Trans&#8217;Alps 2021"}]},{"@type":"WebSite","@id":"https:\/\/www.bluehouse.fr\/JB6\/carnet-de-vol\/#website","url":"https:\/\/www.bluehouse.fr\/JB6\/carnet-de-vol\/","name":"Carnet de Vol","description":"Carnet de Vol Parapente","publisher":{"@id":"https:\/\/www.bluehouse.fr\/JB6\/carnet-de-vol\/#organization"},"potentialAction":[{"@type":"SearchAction","target":{"@type":"EntryPoint","urlTemplate":"https:\/\/www.bluehouse.fr\/JB6\/carnet-de-vol\/?s={search_term_string}"},"query-input":{"@type":"PropertyValueSpecification","valueRequired":true,"valueName":"search_term_string"}}],"inLanguage":"fr-FR"},{"@type":"Organization","@id":"https:\/\/www.bluehouse.fr\/JB6\/carnet-de-vol\/#organization","name":"Carnet de Vol","url":"https:\/\/www.bluehouse.fr\/JB6\/carnet-de-vol\/","logo":{"@type":"ImageObject","inLanguage":"fr-FR","@id":"https:\/\/www.bluehouse.fr\/JB6\/carnet-de-vol\/#\/schema\/logo\/image\/","url":"https:\/\/www.bluehouse.fr\/JB6\/carnet-de-vol\/wp-content\/uploads\/2023\/11\/logo.png","contentUrl":"https:\/\/www.bluehouse.fr\/JB6\/carnet-de-vol\/wp-content\/uploads\/2023\/11\/logo.png","width":400,"height":400,"caption":"Carnet de Vol"},"image":{"@id":"https:\/\/www.bluehouse.fr\/JB6\/carnet-de-vol\/#\/schema\/logo\/image\/"}},{"@type":"Person","@id":"https:\/\/www.bluehouse.fr\/JB6\/carnet-de-vol\/#\/schema\/person\/5d86adbd628adb05f7f8b7b24afe7187","name":"Jacques Bayol","image":{"@type":"ImageObject","inLanguage":"fr-FR","@id":"https:\/\/secure.gravatar.com\/avatar\/15bcc0a70bbdf1d887a3eba73fa1a16a018cf14529c2d51827403d81e6a05255?s=96&d=mm&r=g","url":"https:\/\/secure.gravatar.com\/avatar\/15bcc0a70bbdf1d887a3eba73fa1a16a018cf14529c2d51827403d81e6a05255?s=96&d=mm&r=g","contentUrl":"https:\/\/secure.gravatar.com\/avatar\/15bcc0a70bbdf1d887a3eba73fa1a16a018cf14529c2d51827403d81e6a05255?s=96&d=mm&r=g","caption":"Jacques Bayol"},"description":"Pilote de vol libre depuis 1974, modeste webmaster de ce site.","url":"https:\/\/www.bluehouse.fr\/JB6\/carnet-de-vol\/author\/jack\/"}]}},"jetpack_featured_media_url":"https:\/\/www.bluehouse.fr\/JB6\/carnet-de-vol\/wp-content\/uploads\/2023\/08\/IMG_1271.jpg","jetpack_sharing_enabled":true,"_links":{"self":[{"href":"https:\/\/www.bluehouse.fr\/JB6\/carnet-de-vol\/wp-json\/wp\/v2\/posts\/239749","targetHints":{"allow":["GET"]}}],"collection":[{"href":"https:\/\/www.bluehouse.fr\/JB6\/carnet-de-vol\/wp-json\/wp\/v2\/posts"}],"about":[{"href":"https:\/\/www.bluehouse.fr\/JB6\/carnet-de-vol\/wp-json\/wp\/v2\/types\/post"}],"author":[{"embeddable":true,"href":"https:\/\/www.bluehouse.fr\/JB6\/carnet-de-vol\/wp-json\/wp\/v2\/users\/57"}],"replies":[{"embeddable":true,"href":"https:\/\/www.bluehouse.fr\/JB6\/carnet-de-vol\/wp-json\/wp\/v2\/comments?post=239749"}],"version-history":[{"count":1,"href":"https:\/\/www.bluehouse.fr\/JB6\/carnet-de-vol\/wp-json\/wp\/v2\/posts\/239749\/revisions"}],"predecessor-version":[{"id":244895,"href":"https:\/\/www.bluehouse.fr\/JB6\/carnet-de-vol\/wp-json\/wp\/v2\/posts\/239749\/revisions\/244895"}],"wp:featuredmedia":[{"embeddable":true,"href":"https:\/\/www.bluehouse.fr\/JB6\/carnet-de-vol\/wp-json\/wp\/v2\/media\/239751"}],"wp:attachment":[{"href":"https:\/\/www.bluehouse.fr\/JB6\/carnet-de-vol\/wp-json\/wp\/v2\/media?parent=239749"}],"wp:term":[{"taxonomy":"category","embeddable":true,"href":"https:\/\/www.bluehouse.fr\/JB6\/carnet-de-vol\/wp-json\/wp\/v2\/categories?post=239749"},{"taxonomy":"post_tag","embeddable":true,"href":"https:\/\/www.bluehouse.fr\/JB6\/carnet-de-vol\/wp-json\/wp\/v2\/tags?post=239749"}],"curies":[{"name":"wp","href":"https:\/\/api.w.org\/{rel}","templated":true}]}}