{"id":239737,"date":"2021-08-31T12:16:00","date_gmt":"2021-08-31T10:16:00","guid":{"rendered":"https:\/\/www.bluehouse.fr\/JB6\/carnet-de-vol\/?p=239737"},"modified":"2025-03-16T17:13:13","modified_gmt":"2025-03-16T16:13:13","slug":"7-m-s-dans-les-ecrins","status":"publish","type":"post","link":"https:\/\/www.bluehouse.fr\/JB6\/carnet-de-vol\/2021\/08\/31\/7-m-s-dans-les-ecrins\/","title":{"rendered":"+7 m\/s dans Les \u00c9crins"},"content":{"rendered":"<p>[et_pb_section fb_built=&#8221;1&#8243; _builder_version=&#8221;4.16&#8243; _module_preset=&#8221;default&#8221; da_disable_devices=&#8221;off|off|off&#8221; global_colors_info=&#8221;{}&#8221; theme_builder_area=&#8221;post_content&#8221; da_is_popup=&#8221;off&#8221; da_exit_intent=&#8221;off&#8221; da_has_close=&#8221;on&#8221; da_alt_close=&#8221;off&#8221; da_dark_close=&#8221;off&#8221; da_not_modal=&#8221;on&#8221; da_is_singular=&#8221;off&#8221; da_with_loader=&#8221;off&#8221; da_has_shadow=&#8221;on&#8221;][et_pb_row _builder_version=&#8221;4.16&#8243; _module_preset=&#8221;default&#8221; global_colors_info=&#8221;{}&#8221; theme_builder_area=&#8221;post_content&#8221;][et_pb_column type=&#8221;4_4&#8243; _builder_version=&#8221;4.16&#8243; _module_preset=&#8221;default&#8221; global_colors_info=&#8221;{}&#8221; theme_builder_area=&#8221;post_content&#8221;][et_pb_text _builder_version=&#8221;4.16&#8243; _module_preset=&#8221;default&#8221; global_colors_info=&#8221;{}&#8221; theme_builder_area=&#8221;post_content&#8221;]<\/p>\n<p>Deux pilotes du Duck Camille et Nicolas m&#8217;ont rejoint \u00e0 l&#8217;atterro de St Chaffrey pour cette nouvelle aventure dans les Ecrins. De mon c\u00f4t\u00e9 je suis venu de Grenoble avec Didier, un copain pilote de Nouvelle Cal\u00e9donie. Nous arrivons au d\u00e9co vers 11h, timing parfait pour se pr\u00e9parer tranquillement avant le d\u00e9but des hostilit\u00e9s pr\u00e9vu vers 12h. Plusieurs bi d\u00e9colent mais ne trouvent pas grand chose et disparaissent dans la val\u00e9e. Le ciel est magnifique avec d\u00e9j\u00e0 des gros cums en formation.<\/p>\n<p>&nbsp;<\/p>\n<p>[\/et_pb_text][\/et_pb_column][\/et_pb_row][et_pb_row column_structure=&#8221;1_2,1_2&#8243; _builder_version=&#8221;4.16&#8243; _module_preset=&#8221;default&#8221; global_colors_info=&#8221;{}&#8221; theme_builder_area=&#8221;post_content&#8221;][et_pb_column type=&#8221;1_2&#8243; _builder_version=&#8221;4.16&#8243; _module_preset=&#8221;default&#8221; global_colors_info=&#8221;{}&#8221; theme_builder_area=&#8221;post_content&#8221;][et_pb_image src=&#8221;https:\/\/www.bluehouse.fr\/JB6\/carnet-de-vol\/wp-content\/uploads\/2023\/08\/ecrins3.jpg&#8221; title_text=&#8221;ecrins3&#8243; show_in_lightbox=&#8221;on&#8221; _builder_version=&#8221;4.16&#8243; _module_preset=&#8221;default&#8221; global_colors_info=&#8221;{}&#8221; theme_builder_area=&#8221;post_content&#8221;][\/et_pb_image][et_pb_text _builder_version=&#8221;4.16&#8243; _module_preset=&#8221;default&#8221; global_colors_info=&#8221;{}&#8221; theme_builder_area=&#8221;post_content&#8221;]<\/p>\n<p style=\"text-align: right;\"><em>D\u00e9co du Col du Granon<\/em><\/p>\n<p>[\/et_pb_text][\/et_pb_column][et_pb_column type=&#8221;1_2&#8243; _builder_version=&#8221;4.16&#8243; _module_preset=&#8221;default&#8221; global_colors_info=&#8221;{}&#8221; theme_builder_area=&#8221;post_content&#8221;][et_pb_image src=&#8221;https:\/\/www.bluehouse.fr\/JB6\/carnet-de-vol\/wp-content\/uploads\/2023\/08\/ecrins2.jpg&#8221; title_text=&#8221;ecrins2&#8243; show_in_lightbox=&#8221;on&#8221; _builder_version=&#8221;4.16&#8243; _module_preset=&#8221;default&#8221; global_colors_info=&#8221;{}&#8221; theme_builder_area=&#8221;post_content&#8221;][\/et_pb_image][\/et_pb_column][\/et_pb_row][et_pb_row _builder_version=&#8221;4.16&#8243; _module_preset=&#8221;default&#8221; global_colors_info=&#8221;{}&#8221; theme_builder_area=&#8221;post_content&#8221;][et_pb_column type=&#8221;4_4&#8243; _builder_version=&#8221;4.16&#8243; _module_preset=&#8221;default&#8221; global_colors_info=&#8221;{}&#8221; theme_builder_area=&#8221;post_content&#8221;][et_pb_text _builder_version=&#8221;4.16&#8243; _module_preset=&#8221;default&#8221; global_colors_info=&#8221;{}&#8221; theme_builder_area=&#8221;post_content&#8221;]<\/p>\n<p>A midi Nicolas d\u00e9colle le premier du Col du Granon et monte rapidement au plaf vers 3000 m. Camille et moi le suivons mais avons un peu plus de mal \u00e0 nous extraire. Didier gal\u00e8re franchement et ratasse sous le d\u00e9co. Finalement on fait le nuage \u00e0 3500 m et d\u00e9butons la tansition vers La Cucumelle. Arriv\u00e9 de l&#8217;autre c\u00f4t\u00e9 je loupe le thermique et perds 15mn pendant que Camille et Nicolas continuent vers la T\u00eate d&#8217;Aval, la pointe sud des Ecrins. Didier est toujours entrain d&#8217;essayer de\u00a0 s&#8217;extaire mais monte petit \u00e0 petit. Je rattrappe Camille juste avant la Meije o\u00f9 on trouve une grosse pompe qui nous propulse \u00e0 7m\/s jusqu&#8217;\u00e0 3850m pendant que Nicolas s&#8217;approche de la Barre \u00e0 plus de 4000m. On traverse le col du Lautaret et pour la deuxi\u00e8me fois dans ce vol je loupe le thermique au raccrochage sur le Gol\u00e9on. R\u00e9sultat je me fait applatir par la brise et je pose en fond de vall\u00e9e au premier bareau \u00e0 Mon\u00eatier les Bains. Camille et Nicolas font le goal \u00e0 St Chaffrey et Didier qui est rest\u00e9 sur les avants relief pose aussi \u00e0 l&#8217;atterro.<\/p>\n<p>[\/et_pb_text][et_pb_image src=&#8221;https:\/\/www.bluehouse.fr\/JB6\/carnet-de-vol\/wp-content\/uploads\/2023\/08\/ecrins5.jpg&#8221; title_text=&#8221;ecrins5&#8243; show_in_lightbox=&#8221;on&#8221; _builder_version=&#8221;4.16&#8243; _module_preset=&#8221;default&#8221; global_colors_info=&#8221;{}&#8221; theme_builder_area=&#8221;post_content&#8221;][\/et_pb_image][et_pb_text _builder_version=&#8221;4.16&#8243; _module_preset=&#8221;default&#8221; global_colors_info=&#8221;{}&#8221; theme_builder_area=&#8221;post_content&#8221;]<\/p>\n<p><em>Transition au-dessus du Col du Lautaret depuis la Meije<\/em><\/p>\n<p>[\/et_pb_text][et_pb_text _builder_version=&#8221;4.16&#8243; _module_preset=&#8221;default&#8221; global_colors_info=&#8221;{}&#8221; theme_builder_area=&#8221;post_content&#8221;]<\/p>\n<p>Les conditions de vol \u00e9taient classiques pour le massif, thermiques puissants et brises consistantes. Mais quel spectacle grandiose ! Et pour ceux qui n&#8217;aiment pas la surfr\u00e9quentation des sites habituels je n&#8217;ai vu qu&#8217;une seule autre aile dans le ciel des Ecrins.<\/p>\n<p><a href=\"https:\/\/www.bluehouse.fr\/JB6\/carnet-de-vol\/voir_trace\/?trace_link=https:\/\/www.bluehouse.fr\/JB6\/carnet-de-vol\/wp-content\/uploads\/advanced-cf7-upload\/2021-08-31-XFH-000-01.igc&amp;flag=thvd_5\">Ma trace<\/a><\/p>\n<p>[\/et_pb_text][\/et_pb_column][\/et_pb_row][\/et_pb_section]<\/p>\n","protected":false},"excerpt":{"rendered":"<p>Deux pilotes du Duck Camille et Nicolas m&#8217;ont rejoint \u00e0 l&#8217;atterro de St Chaffrey pour cette nouvelle aventure dans les Ecrins. De mon c\u00f4t\u00e9 je suis venu de Grenoble avec Didier, un copain pilote de Nouvelle Cal\u00e9donie. Nous arrivons au d\u00e9co vers 11h, timing parfait pour se pr\u00e9parer tranquillement avant le d\u00e9but des hostilit\u00e9s pr\u00e9vu [&hellip;]<\/p>\n","protected":false},"author":57,"featured_media":239745,"comment_status":"open","ping_status":"open","sticky":false,"template":"","format":"standard","meta":{"_et_pb_use_builder":"on","_et_pb_old_content":"","_et_gb_content_width":"","_jetpack_memberships_contains_paid_content":false,"_joinchat":[],"footnotes":""},"categories":[61],"tags":[],"class_list":["post-239737","post","type-post","status-publish","format-standard","has-post-thumbnail","hentry","category-recit"],"yoast_head":"<!-- This site is optimized with the Yoast SEO plugin v27.5 - https:\/\/yoast.com\/product\/yoast-seo-wordpress\/ -->\n<title>+7 m\/s dans Les \u00c9crins - Carnet de Vol<\/title>\n<meta name=\"robots\" content=\"index, follow, max-snippet:-1, max-image-preview:large, max-video-preview:-1\" \/>\n<link rel=\"canonical\" href=\"https:\/\/www.bluehouse.fr\/JB6\/carnet-de-vol\/2021\/08\/31\/7-m-s-dans-les-ecrins\/\" \/>\n<meta property=\"og:locale\" content=\"fr_FR\" \/>\n<meta property=\"og:type\" content=\"article\" \/>\n<meta property=\"og:title\" content=\"+7 m\/s dans Les \u00c9crins - Carnet de Vol\" \/>\n<meta property=\"og:description\" content=\"Deux pilotes du Duck Camille et Nicolas m&#039;ont rejoint \u00e0 l&#039;atterro de St Chaffrey pour cette nouvelle aventure dans les Ecrins. De mon c\u00f4t\u00e9 je suis venu de Grenoble avec Didier, un copain pilote de Nouvelle Cal\u00e9donie. Nous arrivons au d\u00e9co vers 11h, timing parfait pour se pr\u00e9parer tranquillement avant le d\u00e9but des hostilit\u00e9s pr\u00e9vu [&hellip;]\" \/>\n<meta property=\"og:url\" content=\"https:\/\/www.bluehouse.fr\/JB6\/carnet-de-vol\/2021\/08\/31\/7-m-s-dans-les-ecrins\/\" \/>\n<meta property=\"og:site_name\" content=\"Carnet de Vol\" \/>\n<meta property=\"article:published_time\" content=\"2021-08-31T10:16:00+00:00\" \/>\n<meta property=\"article:modified_time\" content=\"2025-03-16T16:13:13+00:00\" \/>\n<meta property=\"og:image\" content=\"https:\/\/www.bluehouse.fr\/JB6\/carnet-de-vol\/wp-content\/uploads\/2023\/08\/ecrins1.jpeg\" \/>\n\t<meta property=\"og:image:width\" content=\"640\" \/>\n\t<meta property=\"og:image:height\" content=\"480\" \/>\n\t<meta property=\"og:image:type\" content=\"image\/jpeg\" \/>\n<meta name=\"author\" content=\"Jacques Bayol\" \/>\n<meta name=\"twitter:card\" content=\"summary_large_image\" \/>\n<meta name=\"twitter:label1\" content=\"\u00c9crit par\" \/>\n\t<meta name=\"twitter:data1\" content=\"Jacques Bayol\" \/>\n\t<meta name=\"twitter:label2\" content=\"Dur\u00e9e de lecture estim\u00e9e\" \/>\n\t<meta name=\"twitter:data2\" content=\"4 minutes\" \/>\n<script type=\"application\/ld+json\" class=\"yoast-schema-graph\">{\"@context\":\"https:\\\/\\\/schema.org\",\"@graph\":[{\"@type\":\"Article\",\"@id\":\"https:\\\/\\\/www.bluehouse.fr\\\/JB6\\\/carnet-de-vol\\\/2021\\\/08\\\/31\\\/7-m-s-dans-les-ecrins\\\/#article\",\"isPartOf\":{\"@id\":\"https:\\\/\\\/www.bluehouse.fr\\\/JB6\\\/carnet-de-vol\\\/2021\\\/08\\\/31\\\/7-m-s-dans-les-ecrins\\\/\"},\"author\":{\"name\":\"Jacques Bayol\",\"@id\":\"https:\\\/\\\/www.bluehouse.fr\\\/JB6\\\/carnet-de-vol\\\/#\\\/schema\\\/person\\\/5d86adbd628adb05f7f8b7b24afe7187\"},\"headline\":\"+7 m\\\/s dans Les \u00c9crins\",\"datePublished\":\"2021-08-31T10:16:00+00:00\",\"dateModified\":\"2025-03-16T16:13:13+00:00\",\"mainEntityOfPage\":{\"@id\":\"https:\\\/\\\/www.bluehouse.fr\\\/JB6\\\/carnet-de-vol\\\/2021\\\/08\\\/31\\\/7-m-s-dans-les-ecrins\\\/\"},\"wordCount\":758,\"commentCount\":0,\"publisher\":{\"@id\":\"https:\\\/\\\/www.bluehouse.fr\\\/JB6\\\/carnet-de-vol\\\/#organization\"},\"image\":{\"@id\":\"https:\\\/\\\/www.bluehouse.fr\\\/JB6\\\/carnet-de-vol\\\/2021\\\/08\\\/31\\\/7-m-s-dans-les-ecrins\\\/#primaryimage\"},\"thumbnailUrl\":\"https:\\\/\\\/www.bluehouse.fr\\\/JB6\\\/carnet-de-vol\\\/wp-content\\\/uploads\\\/2023\\\/08\\\/ecrins1.jpeg\",\"articleSection\":[\"r\u00e9cit\"],\"inLanguage\":\"fr-FR\",\"potentialAction\":[{\"@type\":\"CommentAction\",\"name\":\"Comment\",\"target\":[\"https:\\\/\\\/www.bluehouse.fr\\\/JB6\\\/carnet-de-vol\\\/2021\\\/08\\\/31\\\/7-m-s-dans-les-ecrins\\\/#respond\"]}]},{\"@type\":\"WebPage\",\"@id\":\"https:\\\/\\\/www.bluehouse.fr\\\/JB6\\\/carnet-de-vol\\\/2021\\\/08\\\/31\\\/7-m-s-dans-les-ecrins\\\/\",\"url\":\"https:\\\/\\\/www.bluehouse.fr\\\/JB6\\\/carnet-de-vol\\\/2021\\\/08\\\/31\\\/7-m-s-dans-les-ecrins\\\/\",\"name\":\"+7 m\\\/s dans Les \u00c9crins - Carnet de Vol\",\"isPartOf\":{\"@id\":\"https:\\\/\\\/www.bluehouse.fr\\\/JB6\\\/carnet-de-vol\\\/#website\"},\"primaryImageOfPage\":{\"@id\":\"https:\\\/\\\/www.bluehouse.fr\\\/JB6\\\/carnet-de-vol\\\/2021\\\/08\\\/31\\\/7-m-s-dans-les-ecrins\\\/#primaryimage\"},\"image\":{\"@id\":\"https:\\\/\\\/www.bluehouse.fr\\\/JB6\\\/carnet-de-vol\\\/2021\\\/08\\\/31\\\/7-m-s-dans-les-ecrins\\\/#primaryimage\"},\"thumbnailUrl\":\"https:\\\/\\\/www.bluehouse.fr\\\/JB6\\\/carnet-de-vol\\\/wp-content\\\/uploads\\\/2023\\\/08\\\/ecrins1.jpeg\",\"datePublished\":\"2021-08-31T10:16:00+00:00\",\"dateModified\":\"2025-03-16T16:13:13+00:00\",\"breadcrumb\":{\"@id\":\"https:\\\/\\\/www.bluehouse.fr\\\/JB6\\\/carnet-de-vol\\\/2021\\\/08\\\/31\\\/7-m-s-dans-les-ecrins\\\/#breadcrumb\"},\"inLanguage\":\"fr-FR\",\"potentialAction\":[{\"@type\":\"ReadAction\",\"target\":[\"https:\\\/\\\/www.bluehouse.fr\\\/JB6\\\/carnet-de-vol\\\/2021\\\/08\\\/31\\\/7-m-s-dans-les-ecrins\\\/\"]}]},{\"@type\":\"ImageObject\",\"inLanguage\":\"fr-FR\",\"@id\":\"https:\\\/\\\/www.bluehouse.fr\\\/JB6\\\/carnet-de-vol\\\/2021\\\/08\\\/31\\\/7-m-s-dans-les-ecrins\\\/#primaryimage\",\"url\":\"https:\\\/\\\/www.bluehouse.fr\\\/JB6\\\/carnet-de-vol\\\/wp-content\\\/uploads\\\/2023\\\/08\\\/ecrins1.jpeg\",\"contentUrl\":\"https:\\\/\\\/www.bluehouse.fr\\\/JB6\\\/carnet-de-vol\\\/wp-content\\\/uploads\\\/2023\\\/08\\\/ecrins1.jpeg\",\"width\":640,\"height\":480},{\"@type\":\"BreadcrumbList\",\"@id\":\"https:\\\/\\\/www.bluehouse.fr\\\/JB6\\\/carnet-de-vol\\\/2021\\\/08\\\/31\\\/7-m-s-dans-les-ecrins\\\/#breadcrumb\",\"itemListElement\":[{\"@type\":\"ListItem\",\"position\":1,\"name\":\"Accueil\",\"item\":\"https:\\\/\\\/www.bluehouse.fr\\\/JB6\\\/carnet-de-vol\\\/\"},{\"@type\":\"ListItem\",\"position\":2,\"name\":\"+7 m\\\/s dans Les \u00c9crins\"}]},{\"@type\":\"WebSite\",\"@id\":\"https:\\\/\\\/www.bluehouse.fr\\\/JB6\\\/carnet-de-vol\\\/#website\",\"url\":\"https:\\\/\\\/www.bluehouse.fr\\\/JB6\\\/carnet-de-vol\\\/\",\"name\":\"Carnet de Vol\",\"description\":\"Carnet de Vol Parapente\",\"publisher\":{\"@id\":\"https:\\\/\\\/www.bluehouse.fr\\\/JB6\\\/carnet-de-vol\\\/#organization\"},\"potentialAction\":[{\"@type\":\"SearchAction\",\"target\":{\"@type\":\"EntryPoint\",\"urlTemplate\":\"https:\\\/\\\/www.bluehouse.fr\\\/JB6\\\/carnet-de-vol\\\/?s={search_term_string}\"},\"query-input\":{\"@type\":\"PropertyValueSpecification\",\"valueRequired\":true,\"valueName\":\"search_term_string\"}}],\"inLanguage\":\"fr-FR\"},{\"@type\":\"Organization\",\"@id\":\"https:\\\/\\\/www.bluehouse.fr\\\/JB6\\\/carnet-de-vol\\\/#organization\",\"name\":\"Carnet de Vol\",\"url\":\"https:\\\/\\\/www.bluehouse.fr\\\/JB6\\\/carnet-de-vol\\\/\",\"logo\":{\"@type\":\"ImageObject\",\"inLanguage\":\"fr-FR\",\"@id\":\"https:\\\/\\\/www.bluehouse.fr\\\/JB6\\\/carnet-de-vol\\\/#\\\/schema\\\/logo\\\/image\\\/\",\"url\":\"https:\\\/\\\/www.bluehouse.fr\\\/JB6\\\/carnet-de-vol\\\/wp-content\\\/uploads\\\/2023\\\/11\\\/logo.png\",\"contentUrl\":\"https:\\\/\\\/www.bluehouse.fr\\\/JB6\\\/carnet-de-vol\\\/wp-content\\\/uploads\\\/2023\\\/11\\\/logo.png\",\"width\":400,\"height\":400,\"caption\":\"Carnet de Vol\"},\"image\":{\"@id\":\"https:\\\/\\\/www.bluehouse.fr\\\/JB6\\\/carnet-de-vol\\\/#\\\/schema\\\/logo\\\/image\\\/\"}},{\"@type\":\"Person\",\"@id\":\"https:\\\/\\\/www.bluehouse.fr\\\/JB6\\\/carnet-de-vol\\\/#\\\/schema\\\/person\\\/5d86adbd628adb05f7f8b7b24afe7187\",\"name\":\"Jacques Bayol\",\"image\":{\"@type\":\"ImageObject\",\"inLanguage\":\"fr-FR\",\"@id\":\"https:\\\/\\\/secure.gravatar.com\\\/avatar\\\/15bcc0a70bbdf1d887a3eba73fa1a16a018cf14529c2d51827403d81e6a05255?s=96&d=mm&r=g\",\"url\":\"https:\\\/\\\/secure.gravatar.com\\\/avatar\\\/15bcc0a70bbdf1d887a3eba73fa1a16a018cf14529c2d51827403d81e6a05255?s=96&d=mm&r=g\",\"contentUrl\":\"https:\\\/\\\/secure.gravatar.com\\\/avatar\\\/15bcc0a70bbdf1d887a3eba73fa1a16a018cf14529c2d51827403d81e6a05255?s=96&d=mm&r=g\",\"caption\":\"Jacques Bayol\"},\"description\":\"Pilote de vol libre depuis 1974, modeste webmaster de ce site.\",\"url\":\"https:\\\/\\\/www.bluehouse.fr\\\/JB6\\\/carnet-de-vol\\\/author\\\/jack\\\/\"}]}<\/script>\n<!-- \/ Yoast SEO plugin. -->","yoast_head_json":{"title":"+7 m\/s dans Les \u00c9crins - Carnet de Vol","robots":{"index":"index","follow":"follow","max-snippet":"max-snippet:-1","max-image-preview":"max-image-preview:large","max-video-preview":"max-video-preview:-1"},"canonical":"https:\/\/www.bluehouse.fr\/JB6\/carnet-de-vol\/2021\/08\/31\/7-m-s-dans-les-ecrins\/","og_locale":"fr_FR","og_type":"article","og_title":"+7 m\/s dans Les \u00c9crins - Carnet de Vol","og_description":"Deux pilotes du Duck Camille et Nicolas m'ont rejoint \u00e0 l'atterro de St Chaffrey pour cette nouvelle aventure dans les Ecrins. De mon c\u00f4t\u00e9 je suis venu de Grenoble avec Didier, un copain pilote de Nouvelle Cal\u00e9donie. Nous arrivons au d\u00e9co vers 11h, timing parfait pour se pr\u00e9parer tranquillement avant le d\u00e9but des hostilit\u00e9s pr\u00e9vu [&hellip;]","og_url":"https:\/\/www.bluehouse.fr\/JB6\/carnet-de-vol\/2021\/08\/31\/7-m-s-dans-les-ecrins\/","og_site_name":"Carnet de Vol","article_published_time":"2021-08-31T10:16:00+00:00","article_modified_time":"2025-03-16T16:13:13+00:00","og_image":[{"width":640,"height":480,"url":"https:\/\/www.bluehouse.fr\/JB6\/carnet-de-vol\/wp-content\/uploads\/2023\/08\/ecrins1.jpeg","type":"image\/jpeg"}],"author":"Jacques Bayol","twitter_card":"summary_large_image","twitter_misc":{"\u00c9crit par":"Jacques Bayol","Dur\u00e9e de lecture estim\u00e9e":"4 minutes"},"schema":{"@context":"https:\/\/schema.org","@graph":[{"@type":"Article","@id":"https:\/\/www.bluehouse.fr\/JB6\/carnet-de-vol\/2021\/08\/31\/7-m-s-dans-les-ecrins\/#article","isPartOf":{"@id":"https:\/\/www.bluehouse.fr\/JB6\/carnet-de-vol\/2021\/08\/31\/7-m-s-dans-les-ecrins\/"},"author":{"name":"Jacques Bayol","@id":"https:\/\/www.bluehouse.fr\/JB6\/carnet-de-vol\/#\/schema\/person\/5d86adbd628adb05f7f8b7b24afe7187"},"headline":"+7 m\/s dans Les \u00c9crins","datePublished":"2021-08-31T10:16:00+00:00","dateModified":"2025-03-16T16:13:13+00:00","mainEntityOfPage":{"@id":"https:\/\/www.bluehouse.fr\/JB6\/carnet-de-vol\/2021\/08\/31\/7-m-s-dans-les-ecrins\/"},"wordCount":758,"commentCount":0,"publisher":{"@id":"https:\/\/www.bluehouse.fr\/JB6\/carnet-de-vol\/#organization"},"image":{"@id":"https:\/\/www.bluehouse.fr\/JB6\/carnet-de-vol\/2021\/08\/31\/7-m-s-dans-les-ecrins\/#primaryimage"},"thumbnailUrl":"https:\/\/www.bluehouse.fr\/JB6\/carnet-de-vol\/wp-content\/uploads\/2023\/08\/ecrins1.jpeg","articleSection":["r\u00e9cit"],"inLanguage":"fr-FR","potentialAction":[{"@type":"CommentAction","name":"Comment","target":["https:\/\/www.bluehouse.fr\/JB6\/carnet-de-vol\/2021\/08\/31\/7-m-s-dans-les-ecrins\/#respond"]}]},{"@type":"WebPage","@id":"https:\/\/www.bluehouse.fr\/JB6\/carnet-de-vol\/2021\/08\/31\/7-m-s-dans-les-ecrins\/","url":"https:\/\/www.bluehouse.fr\/JB6\/carnet-de-vol\/2021\/08\/31\/7-m-s-dans-les-ecrins\/","name":"+7 m\/s dans Les \u00c9crins - Carnet de Vol","isPartOf":{"@id":"https:\/\/www.bluehouse.fr\/JB6\/carnet-de-vol\/#website"},"primaryImageOfPage":{"@id":"https:\/\/www.bluehouse.fr\/JB6\/carnet-de-vol\/2021\/08\/31\/7-m-s-dans-les-ecrins\/#primaryimage"},"image":{"@id":"https:\/\/www.bluehouse.fr\/JB6\/carnet-de-vol\/2021\/08\/31\/7-m-s-dans-les-ecrins\/#primaryimage"},"thumbnailUrl":"https:\/\/www.bluehouse.fr\/JB6\/carnet-de-vol\/wp-content\/uploads\/2023\/08\/ecrins1.jpeg","datePublished":"2021-08-31T10:16:00+00:00","dateModified":"2025-03-16T16:13:13+00:00","breadcrumb":{"@id":"https:\/\/www.bluehouse.fr\/JB6\/carnet-de-vol\/2021\/08\/31\/7-m-s-dans-les-ecrins\/#breadcrumb"},"inLanguage":"fr-FR","potentialAction":[{"@type":"ReadAction","target":["https:\/\/www.bluehouse.fr\/JB6\/carnet-de-vol\/2021\/08\/31\/7-m-s-dans-les-ecrins\/"]}]},{"@type":"ImageObject","inLanguage":"fr-FR","@id":"https:\/\/www.bluehouse.fr\/JB6\/carnet-de-vol\/2021\/08\/31\/7-m-s-dans-les-ecrins\/#primaryimage","url":"https:\/\/www.bluehouse.fr\/JB6\/carnet-de-vol\/wp-content\/uploads\/2023\/08\/ecrins1.jpeg","contentUrl":"https:\/\/www.bluehouse.fr\/JB6\/carnet-de-vol\/wp-content\/uploads\/2023\/08\/ecrins1.jpeg","width":640,"height":480},{"@type":"BreadcrumbList","@id":"https:\/\/www.bluehouse.fr\/JB6\/carnet-de-vol\/2021\/08\/31\/7-m-s-dans-les-ecrins\/#breadcrumb","itemListElement":[{"@type":"ListItem","position":1,"name":"Accueil","item":"https:\/\/www.bluehouse.fr\/JB6\/carnet-de-vol\/"},{"@type":"ListItem","position":2,"name":"+7 m\/s dans Les \u00c9crins"}]},{"@type":"WebSite","@id":"https:\/\/www.bluehouse.fr\/JB6\/carnet-de-vol\/#website","url":"https:\/\/www.bluehouse.fr\/JB6\/carnet-de-vol\/","name":"Carnet de Vol","description":"Carnet de Vol Parapente","publisher":{"@id":"https:\/\/www.bluehouse.fr\/JB6\/carnet-de-vol\/#organization"},"potentialAction":[{"@type":"SearchAction","target":{"@type":"EntryPoint","urlTemplate":"https:\/\/www.bluehouse.fr\/JB6\/carnet-de-vol\/?s={search_term_string}"},"query-input":{"@type":"PropertyValueSpecification","valueRequired":true,"valueName":"search_term_string"}}],"inLanguage":"fr-FR"},{"@type":"Organization","@id":"https:\/\/www.bluehouse.fr\/JB6\/carnet-de-vol\/#organization","name":"Carnet de Vol","url":"https:\/\/www.bluehouse.fr\/JB6\/carnet-de-vol\/","logo":{"@type":"ImageObject","inLanguage":"fr-FR","@id":"https:\/\/www.bluehouse.fr\/JB6\/carnet-de-vol\/#\/schema\/logo\/image\/","url":"https:\/\/www.bluehouse.fr\/JB6\/carnet-de-vol\/wp-content\/uploads\/2023\/11\/logo.png","contentUrl":"https:\/\/www.bluehouse.fr\/JB6\/carnet-de-vol\/wp-content\/uploads\/2023\/11\/logo.png","width":400,"height":400,"caption":"Carnet de Vol"},"image":{"@id":"https:\/\/www.bluehouse.fr\/JB6\/carnet-de-vol\/#\/schema\/logo\/image\/"}},{"@type":"Person","@id":"https:\/\/www.bluehouse.fr\/JB6\/carnet-de-vol\/#\/schema\/person\/5d86adbd628adb05f7f8b7b24afe7187","name":"Jacques Bayol","image":{"@type":"ImageObject","inLanguage":"fr-FR","@id":"https:\/\/secure.gravatar.com\/avatar\/15bcc0a70bbdf1d887a3eba73fa1a16a018cf14529c2d51827403d81e6a05255?s=96&d=mm&r=g","url":"https:\/\/secure.gravatar.com\/avatar\/15bcc0a70bbdf1d887a3eba73fa1a16a018cf14529c2d51827403d81e6a05255?s=96&d=mm&r=g","contentUrl":"https:\/\/secure.gravatar.com\/avatar\/15bcc0a70bbdf1d887a3eba73fa1a16a018cf14529c2d51827403d81e6a05255?s=96&d=mm&r=g","caption":"Jacques Bayol"},"description":"Pilote de vol libre depuis 1974, modeste webmaster de ce site.","url":"https:\/\/www.bluehouse.fr\/JB6\/carnet-de-vol\/author\/jack\/"}]}},"jetpack_featured_media_url":"https:\/\/www.bluehouse.fr\/JB6\/carnet-de-vol\/wp-content\/uploads\/2023\/08\/ecrins1.jpeg","jetpack_sharing_enabled":true,"_links":{"self":[{"href":"https:\/\/www.bluehouse.fr\/JB6\/carnet-de-vol\/wp-json\/wp\/v2\/posts\/239737","targetHints":{"allow":["GET"]}}],"collection":[{"href":"https:\/\/www.bluehouse.fr\/JB6\/carnet-de-vol\/wp-json\/wp\/v2\/posts"}],"about":[{"href":"https:\/\/www.bluehouse.fr\/JB6\/carnet-de-vol\/wp-json\/wp\/v2\/types\/post"}],"author":[{"embeddable":true,"href":"https:\/\/www.bluehouse.fr\/JB6\/carnet-de-vol\/wp-json\/wp\/v2\/users\/57"}],"replies":[{"embeddable":true,"href":"https:\/\/www.bluehouse.fr\/JB6\/carnet-de-vol\/wp-json\/wp\/v2\/comments?post=239737"}],"version-history":[{"count":1,"href":"https:\/\/www.bluehouse.fr\/JB6\/carnet-de-vol\/wp-json\/wp\/v2\/posts\/239737\/revisions"}],"predecessor-version":[{"id":244894,"href":"https:\/\/www.bluehouse.fr\/JB6\/carnet-de-vol\/wp-json\/wp\/v2\/posts\/239737\/revisions\/244894"}],"wp:featuredmedia":[{"embeddable":true,"href":"https:\/\/www.bluehouse.fr\/JB6\/carnet-de-vol\/wp-json\/wp\/v2\/media\/239745"}],"wp:attachment":[{"href":"https:\/\/www.bluehouse.fr\/JB6\/carnet-de-vol\/wp-json\/wp\/v2\/media?parent=239737"}],"wp:term":[{"taxonomy":"category","embeddable":true,"href":"https:\/\/www.bluehouse.fr\/JB6\/carnet-de-vol\/wp-json\/wp\/v2\/categories?post=239737"},{"taxonomy":"post_tag","embeddable":true,"href":"https:\/\/www.bluehouse.fr\/JB6\/carnet-de-vol\/wp-json\/wp\/v2\/tags?post=239737"}],"curies":[{"name":"wp","href":"https:\/\/api.w.org\/{rel}","templated":true}]}}