{"id":239702,"date":"2022-08-20T11:56:00","date_gmt":"2022-08-20T09:56:00","guid":{"rendered":"https:\/\/www.bluehouse.fr\/JB6\/carnet-de-vol\/?p=239702"},"modified":"2025-03-16T17:09:07","modified_gmt":"2025-03-16T16:09:07","slug":"transalps-2022","status":"publish","type":"post","link":"https:\/\/www.bluehouse.fr\/JB6\/carnet-de-vol\/2022\/08\/20\/transalps-2022\/","title":{"rendered":"Trans&#8217;Alps 2022"},"content":{"rendered":"<p>[et_pb_section fb_built=&#8221;1&#8243; _builder_version=&#8221;4.18.0&#8243; _module_preset=&#8221;default&#8221; custom_padding=&#8221;11px|||||&#8221; da_disable_devices=&#8221;off|off|off&#8221; global_colors_info=&#8221;{}&#8221; theme_builder_area=&#8221;post_content&#8221; da_is_popup=&#8221;off&#8221; da_exit_intent=&#8221;off&#8221; da_has_close=&#8221;on&#8221; da_alt_close=&#8221;off&#8221; da_dark_close=&#8221;off&#8221; da_not_modal=&#8221;on&#8221; da_is_singular=&#8221;off&#8221; da_with_loader=&#8221;off&#8221; da_has_shadow=&#8221;on&#8221;][et_pb_row _builder_version=&#8221;4.18.0&#8243; _module_preset=&#8221;default&#8221; custom_padding=&#8221;2px|||||&#8221; global_colors_info=&#8221;{}&#8221; theme_builder_area=&#8221;post_content&#8221;][et_pb_column type=&#8221;4_4&#8243; _builder_version=&#8221;4.18.0&#8243; _module_preset=&#8221;default&#8221; global_colors_info=&#8221;{}&#8221; theme_builder_area=&#8221;post_content&#8221;][et_pb_text _builder_version=&#8221;4.18.0&#8243; _module_preset=&#8221;default&#8221; custom_margin=&#8221;||34px||false|false&#8221; custom_padding=&#8221;11px|||||&#8221; global_colors_info=&#8221;{}&#8221; theme_builder_area=&#8221;post_content&#8221;]<\/p>\n<p>Pour sa troisi\u00e8me \u00e9dition la Trans&#8217;Alps a lieu du 20 au 26 ao\u00fbt 2022. Trente cinq concurrents sont inscrits \u00e0 cette comp\u00e9tition dont 2 membres du CHVD, Jean Jacques et votre serviteur. C\u2019est la deuxi\u00e8me ann\u00e9e que nous participons \u00e0 cette \u00e9v\u00e9nement exceptionnel, cr\u00e9\u00e9 par Pierre Laurens (un ancien membre du CHVD), qui se d\u00e9roule principalement dans les Alpes du sud. Cette ann\u00e9e le rendez-vous pour les inscriptions et la premi\u00e8re manche est \u00e0 St-Andr\u00e9-les-Alpes. Nous y retrouvons Alfredo un pilote v\u00e9n\u00e9zu\u00e9lien avec qui nous avions fait \u00e9quipe l&#8217;ann\u00e9e derni\u00e8re. Nous reconstituons l&#8217;\u00e9quipe Carambar mais comme il nous manque un pilote (on doit \u00eatre quatre) nous accueillons Rodrigue qui vient de Normandie. Le normand vole en Ozone Z\u00e9no (EN D), le v\u00e9n\u00e9zuellien en Triple 7 King 2 (EN D), les deux fran\u00e7ais, Jean-Jacques en Phi Maestro Xalps (EN C) et Jacques en Ozone Alpina 4 (EN C).<\/p>\n<p>Nous sommes arriv\u00e9s la veille \u00e0 St-Andr\u00e9 pour profiter d&#8217;une m\u00e9t\u00e9o excellente et faire un vol d&#8217;entra\u00eenement. Deux autres pilotes du CHVD Laurent et Guylem sont avec nous au d\u00e9collage du Chalvet ouest ce samedi 20 ao\u00fbt 2022.<\/p>\n<p>Au programme, la classique de St-Andr\u00e9, un aller-retour \u00e0 Dormillouse, un vol de 112km. Nous remplissons le contrat en un peu plus de cinq heures sauf Guylem qui a pos\u00e9 dans la vall\u00e9e de la Bl\u00e9one, est remont\u00e9 \u00e0 pied au Carton (1000m de d\u00e9nive quand-m\u00eame\u2026) d\u2019o\u00f9 il a red\u00e9coll\u00e9 pour revenir \u00e0 St-Andr\u00e9.<\/p>\n<p>[\/et_pb_text][et_pb_video src=&#8221;https:\/\/vimeo.com\/744314435&#8243; _builder_version=&#8221;4.18.0&#8243; _module_preset=&#8221;default&#8221; global_colors_info=&#8221;{}&#8221; theme_builder_area=&#8221;post_content&#8221;][\/et_pb_video][et_pb_divider _builder_version=&#8221;4.18.0&#8243; _module_preset=&#8221;default&#8221; global_colors_info=&#8221;{}&#8221; theme_builder_area=&#8221;post_content&#8221;][\/et_pb_divider][et_pb_text _builder_version=&#8221;4.18.0&#8243; _module_preset=&#8221;default&#8221; global_colors_info=&#8221;{}&#8221; theme_builder_area=&#8221;post_content&#8221;]<\/p>\n<h2>21 ao\u00fbt 2022 &#8211; Manche 1<\/h2>\n<p>C\u2019est l&#8217;aller-retour classique, comme celui que nous avons fait la veille sauf qu\u2019aujourd\u2019hui il faut claquer une balise loin en plaine, au bord du lac de Serre-Pon\u00e7on alors que nous avions tourn\u00e9 un peu moins loin, vertical St-Vincent-les-Forts.<\/p>\n<p>Il y a du beau monde ! Plusieurs comp\u00e9titeurs font partie des pilotes qui ont r\u00e9ussi des triangles FAI de plus de 300km r\u00e9cemment.<\/p>\n<p>Aucun des pilotes de l&#8217;\u00e9quipe Carambar ne fait le goal de cette manche.<\/p>\n<p>Je pose dans la vall\u00e9e de la Bl\u00e9one, juste apr\u00e8s avoir claqu\u00e9 la balise des points temps. Un orage vient d\u2019\u00e9clater vers Digne et je commence \u00e0 recevoir des go\u00fbtes. J\u2019ai juste le temps de plier sous un arbre pour ne pas \u00eatre rinc\u00e9 ! Jean-Jacques fait demi-tour juste avant et pose \u00e0 St-Jean Montclar. Alfredo pose 9km devant moi et Rodrigue loin derri\u00e8re. Le plaineux doit s\u2019acclimater \u00e0 nos montagnes.<\/p>\n<p>[\/et_pb_text][et_pb_video src=&#8221;https:\/\/vimeo.com\/746492535&#8243; admin_label=&#8221;video manche 1&#8243; _builder_version=&#8221;4.18.0&#8243; _module_preset=&#8221;default&#8221; global_colors_info=&#8221;{}&#8221; theme_builder_area=&#8221;post_content&#8221;][\/et_pb_video][et_pb_toggle title=&#8221;Classement manche 1&#8243; admin_label=&#8221;classement manche 1&#8243; _builder_version=&#8221;4.18.0&#8243; _module_preset=&#8221;default&#8221; global_colors_info=&#8221;{}&#8221; theme_builder_area=&#8221;post_content&#8221;]<\/p>\n<p><a href=\"https:\/\/www.bluehouse.fr\/JB6\/carnet-de-vol\/wp-content\/uploads\/2023\/08\/cl-manche-1.jpg\"><img loading=\"lazy\" decoding=\"async\" src=\"https:\/\/www.bluehouse.fr\/JB6\/carnet-de-vol\/wp-content\/uploads\/2023\/08\/cl-manche-1.jpg\" width=\"1200\" height=\"1565\" alt=\"\" class=\"wp-image-22178 alignnone size-full\" \/><\/a><\/p>\n<p>[\/et_pb_toggle][et_pb_toggle title=&#8221;Ma trace &#8211; manche 1&#8243; admin_label=&#8221;ma trace &#8211; manche 1&#8243; _builder_version=&#8221;4.18.0&#8243; _module_preset=&#8221;default&#8221; global_colors_info=&#8221;{}&#8221; theme_builder_area=&#8221;post_content&#8221;]<\/p>\n<p><a href=\"https:\/\/www.bluehouse.fr\/JB6\/carnet-de-vol\/wp-content\/uploads\/2023\/08\/Manche-1.jpg\"><img loading=\"lazy\" decoding=\"async\" src=\"https:\/\/www.bluehouse.fr\/JB6\/carnet-de-vol\/wp-content\/uploads\/2023\/08\/Manche-1.jpg\" width=\"1200\" height=\"800\" alt=\"\" class=\"wp-image-22179 alignnone size-full\" \/><\/a><\/p>\n<p>[\/et_pb_toggle][et_pb_divider _builder_version=&#8221;4.18.0&#8243; _module_preset=&#8221;default&#8221; global_colors_info=&#8221;{}&#8221; theme_builder_area=&#8221;post_content&#8221;][\/et_pb_divider][et_pb_text admin_label=&#8221;22 ao\u00fbt 2022 &#8211; Manche 2&#8243; _builder_version=&#8221;4.18.0&#8243; _module_preset=&#8221;default&#8221; global_colors_info=&#8221;{}&#8221; theme_builder_area=&#8221;post_content&#8221;]<\/p>\n<h2>22 ao\u00fbt 2022 &#8211; Manche 2<\/h2>\n<p>Aujourd\u2019hui c\u2019est une manche libre. Il n\u2019y a pas de balise. C\u2019est un genre de CFD. Avec l\u2019\u00e9quipe Carambar nous avons d\u00e9cid\u00e9 d\u2019aller au Morgon et de faire un retour \u00e0 St-Andr\u00e9 par Digne. C\u2019est ambitieux, seul Alfredo r\u00e9ussit \u00e0 aller \u00e0 Digne o\u00f9 il pose. Rodrigue fait un autre parcours et se classe 4\u00e8me . Jean-Jacques s\u2019en tire bien en bouclant un super cross de 50km. Pour ma part je ne r\u00e9ussis pas \u00e0 passer cette sacr\u00e9e Bl\u00e9one et je pose dans le m\u00eame champs que Laurent qui essayait de faire notre manche en candidat libre. Son but \u00e9tant de rentrer \u00e0 Grenoble en vol. Il remonte donc \u00e0 pied au sommet du Carton (comme Guylem 2 jours avant) d\u2019o\u00f9 il red\u00e9collera pour poser \u00e0 St -Jean Montclar.<\/p>\n<p>[\/et_pb_text][et_pb_toggle title=&#8221;Classement manche 2&#8243; admin_label=&#8221;classement manche 2&#8243; _builder_version=&#8221;4.18.0&#8243; _module_preset=&#8221;default&#8221; global_colors_info=&#8221;{}&#8221; theme_builder_area=&#8221;post_content&#8221;]<\/p>\n<p><a href=\"https:\/\/www.bluehouse.fr\/JB6\/carnet-de-vol\/wp-content\/uploads\/2023\/08\/cl-manche-2.jpg\"><img loading=\"lazy\" decoding=\"async\" src=\"https:\/\/www.bluehouse.fr\/JB6\/carnet-de-vol\/wp-content\/uploads\/2023\/08\/cl-manche-2.jpg\" width=\"1200\" height=\"1565\" alt=\"\" class=\"wp-image-22180 alignnone size-full\" \/><\/a><\/p>\n<p>[\/et_pb_toggle][et_pb_toggle title=&#8221;Ma trace &#8211; manche 2&#8243; admin_label=&#8221;ma trace &#8211; manche 2&#8243; _builder_version=&#8221;4.18.0&#8243; _module_preset=&#8221;default&#8221; global_colors_info=&#8221;{}&#8221; theme_builder_area=&#8221;post_content&#8221;]<\/p>\n<p><a href=\"https:\/\/www.bluehouse.fr\/JB6\/carnet-de-vol\/wp-content\/uploads\/2023\/08\/Manche-2.jpg\"><img loading=\"lazy\" decoding=\"async\" src=\"https:\/\/www.bluehouse.fr\/JB6\/carnet-de-vol\/wp-content\/uploads\/2023\/08\/Manche-2.jpg\" width=\"1200\" height=\"800\" alt=\"\" class=\"wp-image-22181 alignnone size-full\" \/><\/a><\/p>\n<p>[\/et_pb_toggle][et_pb_divider _builder_version=&#8221;4.18.0&#8243; _module_preset=&#8221;default&#8221; global_colors_info=&#8221;{}&#8221; theme_builder_area=&#8221;post_content&#8221;][\/et_pb_divider][et_pb_text admin_label=&#8221;23 ao\u00fbt 2022 \u2013 manche 3&#8243; _builder_version=&#8221;4.18.0&#8243; _module_preset=&#8221;default&#8221; global_colors_info=&#8221;{}&#8221; theme_builder_area=&#8221;post_content&#8221;]<\/p>\n<h2>23 ao\u00fbt 2022 \u2013 Manche 3<\/h2>\n<p>Pour cette troisi\u00e8me manche c\u2019est un aller simple de 95km pour Laragne. Plusieurs options sont possibles apr\u00e8s Digne. Soit monter au Nord et traverser la vall\u00e9e de la Durance au niveau de la t\u00eate de Boursier pour raccrocher la montagne d\u2019Aujour et redescendre plein sud sur Laragne ou traverser la Durance vers Sisteron et cheminer jusqu\u2019\u00e0 Laragne en plaine. J\u2019ai choisi la premi\u00e8re option et j\u2019ai boucl\u00e9 ma premi\u00e8re manche. Alfredo a pris la m\u00eame option que moi mais a cal\u00e9 au pied d\u2019Aujour avec un atterro assez improbable dans les plantations de pommiers\u2026 Jean-Jacques n\u2019a pas r\u00e9ussi \u00e0 se d\u00e9cider entre les deux options et a pos\u00e9 pr\u00e8s d\u2019une base de planeurs\u2026 Rodrigue en bon normand avait choisi l\u2019option par la plaine qui lui a \u00e9t\u00e9 fatale.<\/p>\n<p>[\/et_pb_text][et_pb_video src=&#8221;https:\/\/vimeo.com\/746170580&#8243; admin_label=&#8221;video manche 3&#8243; _builder_version=&#8221;4.18.0&#8243; _module_preset=&#8221;default&#8221; global_colors_info=&#8221;{}&#8221; theme_builder_area=&#8221;post_content&#8221;][\/et_pb_video][et_pb_toggle title=&#8221;Classement manche 3&#8243; admin_label=&#8221;classement manche 3&#8243; _builder_version=&#8221;4.18.0&#8243; _module_preset=&#8221;default&#8221; global_colors_info=&#8221;{}&#8221; theme_builder_area=&#8221;post_content&#8221;]<\/p>\n<p><a href=\"https:\/\/www.bluehouse.fr\/JB6\/carnet-de-vol\/wp-content\/uploads\/2023\/08\/cl-manche-3.jpg\"><img loading=\"lazy\" decoding=\"async\" src=\"https:\/\/www.bluehouse.fr\/JB6\/carnet-de-vol\/wp-content\/uploads\/2023\/08\/cl-manche-3.jpg\" width=\"1200\" height=\"1565\" alt=\"\" class=\"wp-image-22182 alignnone size-full\" \/><\/a><\/p>\n<p>[\/et_pb_toggle][et_pb_toggle title=&#8221;Ma trace &#8211; manche 3&#8243; admin_label=&#8221;ma trace &#8211; manche 3&#8243; _builder_version=&#8221;4.18.0&#8243; _module_preset=&#8221;default&#8221; global_colors_info=&#8221;{}&#8221; theme_builder_area=&#8221;post_content&#8221;]<\/p>\n<p><a href=\"https:\/\/www.bluehouse.fr\/JB6\/carnet-de-vol\/wp-content\/uploads\/2023\/08\/manche-3.jpg\"><img loading=\"lazy\" decoding=\"async\" src=\"https:\/\/www.bluehouse.fr\/JB6\/carnet-de-vol\/wp-content\/uploads\/2023\/08\/manche-3.jpg\" width=\"1200\" height=\"800\" alt=\"\" class=\"wp-image-22184 alignnone size-full\" \/><\/a><\/p>\n<p>[\/et_pb_toggle][et_pb_divider _builder_version=&#8221;4.18.0&#8243; _module_preset=&#8221;default&#8221; global_colors_info=&#8221;{}&#8221; theme_builder_area=&#8221;post_content&#8221;][\/et_pb_divider][et_pb_text admin_label=&#8221;23 ao\u00fbt 2022 \u2013 manche 4&#8243; _builder_version=&#8221;4.18.0&#8243; _module_preset=&#8221;default&#8221; custom_padding=&#8221;||20px||false|false&#8221; global_colors_info=&#8221;{}&#8221; theme_builder_area=&#8221;post_content&#8221;]<\/p>\n<h2>24 ao\u00fbt 2022 \u2013 Manche 4<\/h2>\n<p>La quatri\u00e8me manche nous emm\u00e8ne depuis St-Andr\u00e9 dans les \u00c9crins et retour avec un atterro \u00e0 St-Jean Montclar. Pour parcourir les 100km de cette manche il faut traverser deux fois le lac de Serre-Pon\u00e7on. Cette fois nous bouclons tous les quatre. Notre v\u00e9n\u00e9zu\u00e9lien de service se classe 3\u00e8me en 3h 24, Rodrigue pose \u00e0 la 14\u00e8me place en 4h 32, Jean-Jacques et moi nous tirons la bourre depuis le Piolit et posons \u00e0 20 secondes d\u2019\u00e9cart \u00e0 la 21\u00e8me et 22\u00e8me place apr\u00e8s un vol de 4h 41. Dans les \u00c9crins je vole avec Rodrigue, nous quittons le thermique ensemble vers 3100m en direction de la derni\u00e8re balise. Il faut franchir une cr\u00eate mais nous pensons \u00eatre largement assez hauts. C\u2019est sans compter avec un ph\u00e9nom\u00e8ne a\u00e9rologique impr\u00e9visible qui nous plombe. Un genre de brise ou d\u2019effet bagnard d\u2019un thermique. Manifestement nous sommes sous le vent de quelque chose. On est forc\u00e9 de rebrousser chemin pour retourner au dernier thermique \u00e0 4km de l\u00e0. En comp\u00e8te ce genre de man\u0153uvre peut te co\u00fbter cher\u2026 Une fois au plaf on re-tente notre chance et \u00e7a passe (c\u2019est \u00e0 ce moment l\u00e0 que Jean-Jacques nous a rattrap\u00e9 !).<\/p>\n<p>[\/et_pb_text][et_pb_video src=&#8221;https:\/\/vimeo.com\/746162116&#8243; admin_label=&#8221;video manche 4&#8243; _builder_version=&#8221;4.18.0&#8243; _module_preset=&#8221;default&#8221; global_colors_info=&#8221;{}&#8221; theme_builder_area=&#8221;post_content&#8221;][\/et_pb_video][et_pb_toggle title=&#8221;Classement manche 4&#8243; admin_label=&#8221;classement manche 4&#8243; _builder_version=&#8221;4.18.0&#8243; _module_preset=&#8221;default&#8221; global_colors_info=&#8221;{}&#8221; theme_builder_area=&#8221;post_content&#8221;]<\/p>\n<p><a href=\"https:\/\/www.bluehouse.fr\/JB6\/carnet-de-vol\/wp-content\/uploads\/2023\/08\/cl-manche-4.jpg\"><img loading=\"lazy\" decoding=\"async\" src=\"https:\/\/www.bluehouse.fr\/JB6\/carnet-de-vol\/wp-content\/uploads\/2023\/08\/cl-manche-4.jpg\" width=\"1200\" height=\"1565\" alt=\"\" class=\"wp-image-22190 alignnone size-full\" \/><\/a><\/p>\n<p>[\/et_pb_toggle][et_pb_toggle title=&#8221;Ma trace &#8211; manche 4&#8243; admin_label=&#8221;ma trace &#8211; manche 4&#8243; _builder_version=&#8221;4.18.0&#8243; _module_preset=&#8221;default&#8221; global_colors_info=&#8221;{}&#8221; theme_builder_area=&#8221;post_content&#8221;]<\/p>\n<p><a href=\"https:\/\/www.bluehouse.fr\/JB6\/carnet-de-vol\/wp-content\/uploads\/2023\/08\/trace-4.jpg\"><img loading=\"lazy\" decoding=\"async\" src=\"https:\/\/www.bluehouse.fr\/JB6\/carnet-de-vol\/wp-content\/uploads\/2023\/08\/trace-4.jpg\" width=\"1200\" height=\"800\" alt=\"\" class=\"wp-image-22191 alignnone size-full\" \/><\/a><\/p>\n<p>[\/et_pb_toggle][et_pb_divider _builder_version=&#8221;4.18.0&#8243; _module_preset=&#8221;default&#8221; global_colors_info=&#8221;{}&#8221; theme_builder_area=&#8221;post_content&#8221;][\/et_pb_divider][et_pb_text admin_label=&#8221;25 ao\u00fbt 2022 \u2013 Manche 5&#8243; _builder_version=&#8221;4.18.0&#8243; _module_preset=&#8221;default&#8221; global_colors_info=&#8221;{}&#8221; theme_builder_area=&#8221;post_content&#8221;]<\/p>\n<h2>25 ao\u00fbt 2022 \u2013 Manche 5<\/h2>\n<p>On change de d\u00e9co. Aujourd\u2019hui la manche est lanc\u00e9e depuis Digne, d\u00e9collage de l\u2019Andran. On va d\u2019abord chercher un point au nord puis on part au sud jusqu\u2019\u00e0 Moustier, pr\u00e8s du lac de Ste-Croix. Retour \u00e0 Digne pour claquer le goal apr\u00e8s 70km de course et si les conditions le permettent on rentre en vol \u00e0 St-Andr\u00e9 mais hors comp\u00e8te. L\u00e0 je fais ma plus grosse bourde. Au retour de Moustier, s\u00fbr de boucler dans les temps j\u2019ignore la derni\u00e8re balise. Je m\u2019en rends compte quand mon ordinateur de bord m\u2019indique que la distance \u00e0 la prochaine balise augmente au lieu de diminuer. Je m\u2019en \u00e9loigne ! Je comprends mon erreur mais je suis d\u00e9j\u00e0 \u00e0 6km. C\u2019est mort ! Je suis pass\u00e9 \u00e0 300m du cercle, sans le voir. Je survole le goal pour la beaut\u00e9 du geste et annonce \u00e0 la radio que je rentre \u00e0 St-Andr\u00e9 en volant. Heureusement Alfredo sauve l\u2019honneur en raflant la premi\u00e8re place. Rodrigue est huiti\u00e8me. Jean-Jacques et moi nous tenons encore dans un mouchoir de poche \u00e0 la 21\u00e8me et 23\u00e8me place.\u00a0<\/p>\n<p>[\/et_pb_text][et_pb_toggle title=&#8221;Classement manche 5&#8243; admin_label=&#8221;classement manche 5&#8243; _builder_version=&#8221;4.18.0&#8243; _module_preset=&#8221;default&#8221; global_colors_info=&#8221;{}&#8221; theme_builder_area=&#8221;post_content&#8221;]<\/p>\n<p><a href=\"https:\/\/www.bluehouse.fr\/JB6\/carnet-de-vol\/wp-content\/uploads\/2023\/08\/cl-manche-5.jpg\"><img loading=\"lazy\" decoding=\"async\" src=\"https:\/\/www.bluehouse.fr\/JB6\/carnet-de-vol\/wp-content\/uploads\/2023\/08\/cl-manche-5.jpg\" width=\"1200\" height=\"1565\" alt=\"\" class=\"wp-image-22192 alignnone size-full\" \/><\/a><\/p>\n<p>[\/et_pb_toggle][et_pb_toggle title=&#8221;Ma trace &#8211; manche 5&#8243; admin_label=&#8221;ma trace &#8211; manche 5&#8243; _builder_version=&#8221;4.18.0&#8243; _module_preset=&#8221;default&#8221; global_colors_info=&#8221;{}&#8221; theme_builder_area=&#8221;post_content&#8221;]<\/p>\n<p><a href=\"https:\/\/www.bluehouse.fr\/JB6\/carnet-de-vol\/wp-content\/uploads\/2023\/08\/manche-5.jpg\"><img loading=\"lazy\" decoding=\"async\" src=\"https:\/\/www.bluehouse.fr\/JB6\/carnet-de-vol\/wp-content\/uploads\/2023\/08\/manche-5.jpg\" width=\"1200\" height=\"800\" alt=\"\" class=\"wp-image-22193 alignnone size-full\" \/><\/a><\/p>\n<p>[\/et_pb_toggle][et_pb_divider _builder_version=&#8221;4.18.0&#8243; _module_preset=&#8221;default&#8221; global_colors_info=&#8221;{}&#8221; theme_builder_area=&#8221;post_content&#8221;][\/et_pb_divider][et_pb_text admin_label=&#8221;conclusion&#8221; _builder_version=&#8221;4.18.0&#8243; _module_preset=&#8221;default&#8221; global_colors_info=&#8221;{}&#8221; theme_builder_area=&#8221;post_content&#8221;]<\/p>\n<h2>Conclusion<\/h2>\n<p>\u00c7\u2019est la derni\u00e8re manche de cette comp\u00e8te, la m\u00e9t\u00e9o des jours suivants se d\u00e9grade. La remise des prix a lieu le soir m\u00eame. Au g\u00e9n\u00e9ral Alfredo est le premier de notre \u00e9quipe et prend la 4\u00e8me place, Rodrigue second du team Carambar arrive 15\u00e8me, je me classe 3\u00e8me de l\u2019\u00e9quipe, 18\u00e8me au g\u00e9n\u00e9ral et Jean-Jacques ferme le banc \u00e0 la 19\u00e8me place. Avec ces r\u00e9sultats nous montons sur le podium par \u00e9quipe, Carambar arrive 3\u00e8me sur 10.<\/p>\n<p>[\/et_pb_text][et_pb_toggle title=&#8221;Classement g\u00e9n\u00e9ral&#8221; admin_label=&#8221;classement manche 5&#8243; _builder_version=&#8221;4.18.0&#8243; _module_preset=&#8221;default&#8221; global_colors_info=&#8221;{}&#8221; theme_builder_area=&#8221;post_content&#8221;]<\/p>\n<p><a href=\"https:\/\/www.bluehouse.fr\/JB6\/carnet-de-vol\/wp-content\/uploads\/2023\/08\/cl-general.jpg\"><img loading=\"lazy\" decoding=\"async\" src=\"https:\/\/www.bluehouse.fr\/JB6\/carnet-de-vol\/wp-content\/uploads\/2023\/08\/cl-general.jpg\" width=\"1200\" height=\"1565\" alt=\"\" class=\"wp-image-22195 alignnone size-full\" \/><\/a><\/p>\n<p>[\/et_pb_toggle][\/et_pb_column][\/et_pb_row][\/et_pb_section]<\/p>\n","protected":false},"excerpt":{"rendered":"<p>Pour sa troisi\u00e8me \u00e9dition la Trans&#8217;Alps a lieu du 20 au 26 ao\u00fbt 2022. Trente cinq concurrents sont inscrits \u00e0 cette comp\u00e9tition dont 2 membres du CHVD, Jean Jacques et votre serviteur. C\u2019est la deuxi\u00e8me ann\u00e9e que nous participons \u00e0 cette \u00e9v\u00e9nement exceptionnel, cr\u00e9\u00e9 par Pierre Laurens (un ancien membre du CHVD), qui se d\u00e9roule [&hellip;]<\/p>\n","protected":false},"author":57,"featured_media":239719,"comment_status":"open","ping_status":"open","sticky":false,"template":"","format":"standard","meta":{"_et_pb_use_builder":"on","_et_pb_old_content":"","_et_gb_content_width":"","_jetpack_memberships_contains_paid_content":false,"_joinchat":[],"footnotes":""},"categories":[61],"tags":[],"class_list":["post-239702","post","type-post","status-publish","format-standard","has-post-thumbnail","hentry","category-recit"],"yoast_head":"<!-- This site is optimized with the Yoast SEO plugin v27.5 - https:\/\/yoast.com\/product\/yoast-seo-wordpress\/ -->\n<title>Trans&#039;Alps 2022 - Carnet de Vol<\/title>\n<meta name=\"robots\" content=\"index, follow, max-snippet:-1, max-image-preview:large, max-video-preview:-1\" \/>\n<link rel=\"canonical\" href=\"https:\/\/www.bluehouse.fr\/JB6\/carnet-de-vol\/2022\/08\/20\/transalps-2022\/\" \/>\n<meta property=\"og:locale\" content=\"fr_FR\" \/>\n<meta property=\"og:type\" content=\"article\" \/>\n<meta property=\"og:title\" content=\"Trans&#039;Alps 2022 - Carnet de Vol\" \/>\n<meta property=\"og:description\" content=\"Pour sa troisi\u00e8me \u00e9dition la Trans&#039;Alps a lieu du 20 au 26 ao\u00fbt 2022. Trente cinq concurrents sont inscrits \u00e0 cette comp\u00e9tition dont 2 membres du CHVD, Jean Jacques et votre serviteur. C\u2019est la deuxi\u00e8me ann\u00e9e que nous participons \u00e0 cette \u00e9v\u00e9nement exceptionnel, cr\u00e9\u00e9 par Pierre Laurens (un ancien membre du CHVD), qui se d\u00e9roule [&hellip;]\" \/>\n<meta property=\"og:url\" content=\"https:\/\/www.bluehouse.fr\/JB6\/carnet-de-vol\/2022\/08\/20\/transalps-2022\/\" \/>\n<meta property=\"og:site_name\" content=\"Carnet de Vol\" \/>\n<meta property=\"article:published_time\" content=\"2022-08-20T09:56:00+00:00\" \/>\n<meta property=\"article:modified_time\" content=\"2025-03-16T16:09:07+00:00\" \/>\n<meta property=\"og:image\" content=\"https:\/\/www.bluehouse.fr\/JB6\/carnet-de-vol\/wp-content\/uploads\/2023\/08\/IMG_2728-jb.jpeg\" \/>\n\t<meta property=\"og:image:width\" content=\"1200\" \/>\n\t<meta property=\"og:image:height\" content=\"900\" \/>\n\t<meta property=\"og:image:type\" content=\"image\/jpeg\" \/>\n<meta name=\"author\" content=\"Jacques Bayol\" \/>\n<meta name=\"twitter:card\" content=\"summary_large_image\" \/>\n<meta name=\"twitter:label1\" content=\"\u00c9crit par\" \/>\n\t<meta name=\"twitter:data1\" content=\"Jacques Bayol\" \/>\n\t<meta name=\"twitter:label2\" content=\"Dur\u00e9e de lecture estim\u00e9e\" \/>\n\t<meta name=\"twitter:data2\" content=\"10 minutes\" \/>\n<script type=\"application\/ld+json\" class=\"yoast-schema-graph\">{\"@context\":\"https:\\\/\\\/schema.org\",\"@graph\":[{\"@type\":\"Article\",\"@id\":\"https:\\\/\\\/www.bluehouse.fr\\\/JB6\\\/carnet-de-vol\\\/2022\\\/08\\\/20\\\/transalps-2022\\\/#article\",\"isPartOf\":{\"@id\":\"https:\\\/\\\/www.bluehouse.fr\\\/JB6\\\/carnet-de-vol\\\/2022\\\/08\\\/20\\\/transalps-2022\\\/\"},\"author\":{\"name\":\"Jacques Bayol\",\"@id\":\"https:\\\/\\\/www.bluehouse.fr\\\/JB6\\\/carnet-de-vol\\\/#\\\/schema\\\/person\\\/5d86adbd628adb05f7f8b7b24afe7187\"},\"headline\":\"Trans&#8217;Alps 2022\",\"datePublished\":\"2022-08-20T09:56:00+00:00\",\"dateModified\":\"2025-03-16T16:09:07+00:00\",\"mainEntityOfPage\":{\"@id\":\"https:\\\/\\\/www.bluehouse.fr\\\/JB6\\\/carnet-de-vol\\\/2022\\\/08\\\/20\\\/transalps-2022\\\/\"},\"wordCount\":2000,\"commentCount\":0,\"publisher\":{\"@id\":\"https:\\\/\\\/www.bluehouse.fr\\\/JB6\\\/carnet-de-vol\\\/#organization\"},\"image\":{\"@id\":\"https:\\\/\\\/www.bluehouse.fr\\\/JB6\\\/carnet-de-vol\\\/2022\\\/08\\\/20\\\/transalps-2022\\\/#primaryimage\"},\"thumbnailUrl\":\"https:\\\/\\\/www.bluehouse.fr\\\/JB6\\\/carnet-de-vol\\\/wp-content\\\/uploads\\\/2023\\\/08\\\/IMG_2728-jb.jpeg\",\"articleSection\":[\"r\u00e9cit\"],\"inLanguage\":\"fr-FR\",\"potentialAction\":[{\"@type\":\"CommentAction\",\"name\":\"Comment\",\"target\":[\"https:\\\/\\\/www.bluehouse.fr\\\/JB6\\\/carnet-de-vol\\\/2022\\\/08\\\/20\\\/transalps-2022\\\/#respond\"]}]},{\"@type\":\"WebPage\",\"@id\":\"https:\\\/\\\/www.bluehouse.fr\\\/JB6\\\/carnet-de-vol\\\/2022\\\/08\\\/20\\\/transalps-2022\\\/\",\"url\":\"https:\\\/\\\/www.bluehouse.fr\\\/JB6\\\/carnet-de-vol\\\/2022\\\/08\\\/20\\\/transalps-2022\\\/\",\"name\":\"Trans'Alps 2022 - Carnet de Vol\",\"isPartOf\":{\"@id\":\"https:\\\/\\\/www.bluehouse.fr\\\/JB6\\\/carnet-de-vol\\\/#website\"},\"primaryImageOfPage\":{\"@id\":\"https:\\\/\\\/www.bluehouse.fr\\\/JB6\\\/carnet-de-vol\\\/2022\\\/08\\\/20\\\/transalps-2022\\\/#primaryimage\"},\"image\":{\"@id\":\"https:\\\/\\\/www.bluehouse.fr\\\/JB6\\\/carnet-de-vol\\\/2022\\\/08\\\/20\\\/transalps-2022\\\/#primaryimage\"},\"thumbnailUrl\":\"https:\\\/\\\/www.bluehouse.fr\\\/JB6\\\/carnet-de-vol\\\/wp-content\\\/uploads\\\/2023\\\/08\\\/IMG_2728-jb.jpeg\",\"datePublished\":\"2022-08-20T09:56:00+00:00\",\"dateModified\":\"2025-03-16T16:09:07+00:00\",\"breadcrumb\":{\"@id\":\"https:\\\/\\\/www.bluehouse.fr\\\/JB6\\\/carnet-de-vol\\\/2022\\\/08\\\/20\\\/transalps-2022\\\/#breadcrumb\"},\"inLanguage\":\"fr-FR\",\"potentialAction\":[{\"@type\":\"ReadAction\",\"target\":[\"https:\\\/\\\/www.bluehouse.fr\\\/JB6\\\/carnet-de-vol\\\/2022\\\/08\\\/20\\\/transalps-2022\\\/\"]}]},{\"@type\":\"ImageObject\",\"inLanguage\":\"fr-FR\",\"@id\":\"https:\\\/\\\/www.bluehouse.fr\\\/JB6\\\/carnet-de-vol\\\/2022\\\/08\\\/20\\\/transalps-2022\\\/#primaryimage\",\"url\":\"https:\\\/\\\/www.bluehouse.fr\\\/JB6\\\/carnet-de-vol\\\/wp-content\\\/uploads\\\/2023\\\/08\\\/IMG_2728-jb.jpeg\",\"contentUrl\":\"https:\\\/\\\/www.bluehouse.fr\\\/JB6\\\/carnet-de-vol\\\/wp-content\\\/uploads\\\/2023\\\/08\\\/IMG_2728-jb.jpeg\",\"width\":1200,\"height\":900},{\"@type\":\"BreadcrumbList\",\"@id\":\"https:\\\/\\\/www.bluehouse.fr\\\/JB6\\\/carnet-de-vol\\\/2022\\\/08\\\/20\\\/transalps-2022\\\/#breadcrumb\",\"itemListElement\":[{\"@type\":\"ListItem\",\"position\":1,\"name\":\"Accueil\",\"item\":\"https:\\\/\\\/www.bluehouse.fr\\\/JB6\\\/carnet-de-vol\\\/\"},{\"@type\":\"ListItem\",\"position\":2,\"name\":\"Trans&#8217;Alps 2022\"}]},{\"@type\":\"WebSite\",\"@id\":\"https:\\\/\\\/www.bluehouse.fr\\\/JB6\\\/carnet-de-vol\\\/#website\",\"url\":\"https:\\\/\\\/www.bluehouse.fr\\\/JB6\\\/carnet-de-vol\\\/\",\"name\":\"Carnet de Vol\",\"description\":\"Carnet de Vol Parapente\",\"publisher\":{\"@id\":\"https:\\\/\\\/www.bluehouse.fr\\\/JB6\\\/carnet-de-vol\\\/#organization\"},\"potentialAction\":[{\"@type\":\"SearchAction\",\"target\":{\"@type\":\"EntryPoint\",\"urlTemplate\":\"https:\\\/\\\/www.bluehouse.fr\\\/JB6\\\/carnet-de-vol\\\/?s={search_term_string}\"},\"query-input\":{\"@type\":\"PropertyValueSpecification\",\"valueRequired\":true,\"valueName\":\"search_term_string\"}}],\"inLanguage\":\"fr-FR\"},{\"@type\":\"Organization\",\"@id\":\"https:\\\/\\\/www.bluehouse.fr\\\/JB6\\\/carnet-de-vol\\\/#organization\",\"name\":\"Carnet de Vol\",\"url\":\"https:\\\/\\\/www.bluehouse.fr\\\/JB6\\\/carnet-de-vol\\\/\",\"logo\":{\"@type\":\"ImageObject\",\"inLanguage\":\"fr-FR\",\"@id\":\"https:\\\/\\\/www.bluehouse.fr\\\/JB6\\\/carnet-de-vol\\\/#\\\/schema\\\/logo\\\/image\\\/\",\"url\":\"https:\\\/\\\/www.bluehouse.fr\\\/JB6\\\/carnet-de-vol\\\/wp-content\\\/uploads\\\/2023\\\/11\\\/logo.png\",\"contentUrl\":\"https:\\\/\\\/www.bluehouse.fr\\\/JB6\\\/carnet-de-vol\\\/wp-content\\\/uploads\\\/2023\\\/11\\\/logo.png\",\"width\":400,\"height\":400,\"caption\":\"Carnet de Vol\"},\"image\":{\"@id\":\"https:\\\/\\\/www.bluehouse.fr\\\/JB6\\\/carnet-de-vol\\\/#\\\/schema\\\/logo\\\/image\\\/\"}},{\"@type\":\"Person\",\"@id\":\"https:\\\/\\\/www.bluehouse.fr\\\/JB6\\\/carnet-de-vol\\\/#\\\/schema\\\/person\\\/5d86adbd628adb05f7f8b7b24afe7187\",\"name\":\"Jacques Bayol\",\"image\":{\"@type\":\"ImageObject\",\"inLanguage\":\"fr-FR\",\"@id\":\"https:\\\/\\\/secure.gravatar.com\\\/avatar\\\/15bcc0a70bbdf1d887a3eba73fa1a16a018cf14529c2d51827403d81e6a05255?s=96&d=mm&r=g\",\"url\":\"https:\\\/\\\/secure.gravatar.com\\\/avatar\\\/15bcc0a70bbdf1d887a3eba73fa1a16a018cf14529c2d51827403d81e6a05255?s=96&d=mm&r=g\",\"contentUrl\":\"https:\\\/\\\/secure.gravatar.com\\\/avatar\\\/15bcc0a70bbdf1d887a3eba73fa1a16a018cf14529c2d51827403d81e6a05255?s=96&d=mm&r=g\",\"caption\":\"Jacques Bayol\"},\"description\":\"Pilote de vol libre depuis 1974, modeste webmaster de ce site.\",\"url\":\"https:\\\/\\\/www.bluehouse.fr\\\/JB6\\\/carnet-de-vol\\\/author\\\/jack\\\/\"}]}<\/script>\n<!-- \/ Yoast SEO plugin. -->","yoast_head_json":{"title":"Trans'Alps 2022 - Carnet de Vol","robots":{"index":"index","follow":"follow","max-snippet":"max-snippet:-1","max-image-preview":"max-image-preview:large","max-video-preview":"max-video-preview:-1"},"canonical":"https:\/\/www.bluehouse.fr\/JB6\/carnet-de-vol\/2022\/08\/20\/transalps-2022\/","og_locale":"fr_FR","og_type":"article","og_title":"Trans'Alps 2022 - Carnet de Vol","og_description":"Pour sa troisi\u00e8me \u00e9dition la Trans'Alps a lieu du 20 au 26 ao\u00fbt 2022. Trente cinq concurrents sont inscrits \u00e0 cette comp\u00e9tition dont 2 membres du CHVD, Jean Jacques et votre serviteur. C\u2019est la deuxi\u00e8me ann\u00e9e que nous participons \u00e0 cette \u00e9v\u00e9nement exceptionnel, cr\u00e9\u00e9 par Pierre Laurens (un ancien membre du CHVD), qui se d\u00e9roule [&hellip;]","og_url":"https:\/\/www.bluehouse.fr\/JB6\/carnet-de-vol\/2022\/08\/20\/transalps-2022\/","og_site_name":"Carnet de Vol","article_published_time":"2022-08-20T09:56:00+00:00","article_modified_time":"2025-03-16T16:09:07+00:00","og_image":[{"width":1200,"height":900,"url":"https:\/\/www.bluehouse.fr\/JB6\/carnet-de-vol\/wp-content\/uploads\/2023\/08\/IMG_2728-jb.jpeg","type":"image\/jpeg"}],"author":"Jacques Bayol","twitter_card":"summary_large_image","twitter_misc":{"\u00c9crit par":"Jacques Bayol","Dur\u00e9e de lecture estim\u00e9e":"10 minutes"},"schema":{"@context":"https:\/\/schema.org","@graph":[{"@type":"Article","@id":"https:\/\/www.bluehouse.fr\/JB6\/carnet-de-vol\/2022\/08\/20\/transalps-2022\/#article","isPartOf":{"@id":"https:\/\/www.bluehouse.fr\/JB6\/carnet-de-vol\/2022\/08\/20\/transalps-2022\/"},"author":{"name":"Jacques Bayol","@id":"https:\/\/www.bluehouse.fr\/JB6\/carnet-de-vol\/#\/schema\/person\/5d86adbd628adb05f7f8b7b24afe7187"},"headline":"Trans&#8217;Alps 2022","datePublished":"2022-08-20T09:56:00+00:00","dateModified":"2025-03-16T16:09:07+00:00","mainEntityOfPage":{"@id":"https:\/\/www.bluehouse.fr\/JB6\/carnet-de-vol\/2022\/08\/20\/transalps-2022\/"},"wordCount":2000,"commentCount":0,"publisher":{"@id":"https:\/\/www.bluehouse.fr\/JB6\/carnet-de-vol\/#organization"},"image":{"@id":"https:\/\/www.bluehouse.fr\/JB6\/carnet-de-vol\/2022\/08\/20\/transalps-2022\/#primaryimage"},"thumbnailUrl":"https:\/\/www.bluehouse.fr\/JB6\/carnet-de-vol\/wp-content\/uploads\/2023\/08\/IMG_2728-jb.jpeg","articleSection":["r\u00e9cit"],"inLanguage":"fr-FR","potentialAction":[{"@type":"CommentAction","name":"Comment","target":["https:\/\/www.bluehouse.fr\/JB6\/carnet-de-vol\/2022\/08\/20\/transalps-2022\/#respond"]}]},{"@type":"WebPage","@id":"https:\/\/www.bluehouse.fr\/JB6\/carnet-de-vol\/2022\/08\/20\/transalps-2022\/","url":"https:\/\/www.bluehouse.fr\/JB6\/carnet-de-vol\/2022\/08\/20\/transalps-2022\/","name":"Trans'Alps 2022 - Carnet de Vol","isPartOf":{"@id":"https:\/\/www.bluehouse.fr\/JB6\/carnet-de-vol\/#website"},"primaryImageOfPage":{"@id":"https:\/\/www.bluehouse.fr\/JB6\/carnet-de-vol\/2022\/08\/20\/transalps-2022\/#primaryimage"},"image":{"@id":"https:\/\/www.bluehouse.fr\/JB6\/carnet-de-vol\/2022\/08\/20\/transalps-2022\/#primaryimage"},"thumbnailUrl":"https:\/\/www.bluehouse.fr\/JB6\/carnet-de-vol\/wp-content\/uploads\/2023\/08\/IMG_2728-jb.jpeg","datePublished":"2022-08-20T09:56:00+00:00","dateModified":"2025-03-16T16:09:07+00:00","breadcrumb":{"@id":"https:\/\/www.bluehouse.fr\/JB6\/carnet-de-vol\/2022\/08\/20\/transalps-2022\/#breadcrumb"},"inLanguage":"fr-FR","potentialAction":[{"@type":"ReadAction","target":["https:\/\/www.bluehouse.fr\/JB6\/carnet-de-vol\/2022\/08\/20\/transalps-2022\/"]}]},{"@type":"ImageObject","inLanguage":"fr-FR","@id":"https:\/\/www.bluehouse.fr\/JB6\/carnet-de-vol\/2022\/08\/20\/transalps-2022\/#primaryimage","url":"https:\/\/www.bluehouse.fr\/JB6\/carnet-de-vol\/wp-content\/uploads\/2023\/08\/IMG_2728-jb.jpeg","contentUrl":"https:\/\/www.bluehouse.fr\/JB6\/carnet-de-vol\/wp-content\/uploads\/2023\/08\/IMG_2728-jb.jpeg","width":1200,"height":900},{"@type":"BreadcrumbList","@id":"https:\/\/www.bluehouse.fr\/JB6\/carnet-de-vol\/2022\/08\/20\/transalps-2022\/#breadcrumb","itemListElement":[{"@type":"ListItem","position":1,"name":"Accueil","item":"https:\/\/www.bluehouse.fr\/JB6\/carnet-de-vol\/"},{"@type":"ListItem","position":2,"name":"Trans&#8217;Alps 2022"}]},{"@type":"WebSite","@id":"https:\/\/www.bluehouse.fr\/JB6\/carnet-de-vol\/#website","url":"https:\/\/www.bluehouse.fr\/JB6\/carnet-de-vol\/","name":"Carnet de Vol","description":"Carnet de Vol Parapente","publisher":{"@id":"https:\/\/www.bluehouse.fr\/JB6\/carnet-de-vol\/#organization"},"potentialAction":[{"@type":"SearchAction","target":{"@type":"EntryPoint","urlTemplate":"https:\/\/www.bluehouse.fr\/JB6\/carnet-de-vol\/?s={search_term_string}"},"query-input":{"@type":"PropertyValueSpecification","valueRequired":true,"valueName":"search_term_string"}}],"inLanguage":"fr-FR"},{"@type":"Organization","@id":"https:\/\/www.bluehouse.fr\/JB6\/carnet-de-vol\/#organization","name":"Carnet de Vol","url":"https:\/\/www.bluehouse.fr\/JB6\/carnet-de-vol\/","logo":{"@type":"ImageObject","inLanguage":"fr-FR","@id":"https:\/\/www.bluehouse.fr\/JB6\/carnet-de-vol\/#\/schema\/logo\/image\/","url":"https:\/\/www.bluehouse.fr\/JB6\/carnet-de-vol\/wp-content\/uploads\/2023\/11\/logo.png","contentUrl":"https:\/\/www.bluehouse.fr\/JB6\/carnet-de-vol\/wp-content\/uploads\/2023\/11\/logo.png","width":400,"height":400,"caption":"Carnet de Vol"},"image":{"@id":"https:\/\/www.bluehouse.fr\/JB6\/carnet-de-vol\/#\/schema\/logo\/image\/"}},{"@type":"Person","@id":"https:\/\/www.bluehouse.fr\/JB6\/carnet-de-vol\/#\/schema\/person\/5d86adbd628adb05f7f8b7b24afe7187","name":"Jacques Bayol","image":{"@type":"ImageObject","inLanguage":"fr-FR","@id":"https:\/\/secure.gravatar.com\/avatar\/15bcc0a70bbdf1d887a3eba73fa1a16a018cf14529c2d51827403d81e6a05255?s=96&d=mm&r=g","url":"https:\/\/secure.gravatar.com\/avatar\/15bcc0a70bbdf1d887a3eba73fa1a16a018cf14529c2d51827403d81e6a05255?s=96&d=mm&r=g","contentUrl":"https:\/\/secure.gravatar.com\/avatar\/15bcc0a70bbdf1d887a3eba73fa1a16a018cf14529c2d51827403d81e6a05255?s=96&d=mm&r=g","caption":"Jacques Bayol"},"description":"Pilote de vol libre depuis 1974, modeste webmaster de ce site.","url":"https:\/\/www.bluehouse.fr\/JB6\/carnet-de-vol\/author\/jack\/"}]}},"jetpack_featured_media_url":"https:\/\/www.bluehouse.fr\/JB6\/carnet-de-vol\/wp-content\/uploads\/2023\/08\/IMG_2728-jb.jpeg","jetpack_sharing_enabled":true,"_links":{"self":[{"href":"https:\/\/www.bluehouse.fr\/JB6\/carnet-de-vol\/wp-json\/wp\/v2\/posts\/239702","targetHints":{"allow":["GET"]}}],"collection":[{"href":"https:\/\/www.bluehouse.fr\/JB6\/carnet-de-vol\/wp-json\/wp\/v2\/posts"}],"about":[{"href":"https:\/\/www.bluehouse.fr\/JB6\/carnet-de-vol\/wp-json\/wp\/v2\/types\/post"}],"author":[{"embeddable":true,"href":"https:\/\/www.bluehouse.fr\/JB6\/carnet-de-vol\/wp-json\/wp\/v2\/users\/57"}],"replies":[{"embeddable":true,"href":"https:\/\/www.bluehouse.fr\/JB6\/carnet-de-vol\/wp-json\/wp\/v2\/comments?post=239702"}],"version-history":[{"count":1,"href":"https:\/\/www.bluehouse.fr\/JB6\/carnet-de-vol\/wp-json\/wp\/v2\/posts\/239702\/revisions"}],"predecessor-version":[{"id":244892,"href":"https:\/\/www.bluehouse.fr\/JB6\/carnet-de-vol\/wp-json\/wp\/v2\/posts\/239702\/revisions\/244892"}],"wp:featuredmedia":[{"embeddable":true,"href":"https:\/\/www.bluehouse.fr\/JB6\/carnet-de-vol\/wp-json\/wp\/v2\/media\/239719"}],"wp:attachment":[{"href":"https:\/\/www.bluehouse.fr\/JB6\/carnet-de-vol\/wp-json\/wp\/v2\/media?parent=239702"}],"wp:term":[{"taxonomy":"category","embeddable":true,"href":"https:\/\/www.bluehouse.fr\/JB6\/carnet-de-vol\/wp-json\/wp\/v2\/categories?post=239702"},{"taxonomy":"post_tag","embeddable":true,"href":"https:\/\/www.bluehouse.fr\/JB6\/carnet-de-vol\/wp-json\/wp\/v2\/tags?post=239702"}],"curies":[{"name":"wp","href":"https:\/\/api.w.org\/{rel}","templated":true}]}}