{"id":239652,"date":"2023-05-03T15:26:00","date_gmt":"2023-05-03T13:26:00","guid":{"rendered":"https:\/\/www.bluehouse.fr\/JB6\/carnet-de-vol\/?p=239652"},"modified":"2023-08-14T15:28:25","modified_gmt":"2023-08-14T13:28:25","slug":"le-peuil-3-mai-2023","status":"publish","type":"post","link":"https:\/\/www.bluehouse.fr\/JB6\/carnet-de-vol\/2023\/05\/03\/le-peuil-3-mai-2023\/","title":{"rendered":"Le Peuil &#8211; 3 Mai 2023"},"content":{"rendered":"\n[et_pb_section fb_built=&#8221;1&#8243; _builder_version=&#8221;4.21.0&#8243; _module_preset=&#8221;default&#8221; custom_padding=&#8221;21px||17px|||&#8221; global_colors_info=&#8221;{}&#8221; theme_builder_area=&#8221;post_content&#8221; da_is_popup=&#8221;off&#8221; da_exit_intent=&#8221;off&#8221; da_has_close=&#8221;on&#8221; da_alt_close=&#8221;off&#8221; da_dark_close=&#8221;off&#8221; da_not_modal=&#8221;on&#8221; da_is_singular=&#8221;off&#8221; da_with_loader=&#8221;off&#8221; da_has_shadow=&#8221;on&#8221; da_disable_devices=&#8221;off|off|off&#8221;][et_pb_row _builder_version=&#8221;4.21.0&#8243; _module_preset=&#8221;default&#8221; global_colors_info=&#8221;{}&#8221; theme_builder_area=&#8221;post_content&#8221;][et_pb_column type=&#8221;4_4&#8243; _builder_version=&#8221;4.21.0&#8243; _module_preset=&#8221;default&#8221; global_colors_info=&#8221;{}&#8221; theme_builder_area=&#8221;post_content&#8221;][et_pb_text _builder_version=&#8221;4.21.0&#8243; _module_preset=&#8221;default&#8221; global_colors_info=&#8221;{}&#8221; theme_builder_area=&#8221;post_content&#8221;]<p>Sur une id\u00e9e de Jean-Marc on se retrouve au col de Comboire vers 10h ce mercredi 3 mai 2023. Il est accompagn\u00e9 de Fabien, un ancien Deltiste qui \u00e9voluait en \u00c9quipe France et qui s\u2019est mis au vol rando. Nous montons au d\u00e9co du Peuil, une premi\u00e8re pour JM et moi-m\u00eame. D\u00e9co magnifique, bien aliment\u00e9, plein est, il est 11h, 3 voiles qui ont d\u00e9coll\u00e9 du Moucherotte nous passent dessus. 11h 20, on envoie la p\u00e2t\u00e9e !\u00a0 On part direct \u00e0 droite vers le sud, JM sous sa Savage, Damien sous j&#8217;ai oubli\u00e9 quoi mais pas une aile perf et moi sous ma fid\u00e8le Alpina 4. On connait le cheminement pour l\u2019avoir souvent fait quand on vient de St-Hil. D\u2019ailleurs plusieurs guns arrivent de Chartreuse et nous d\u00e9passent. Notre plan c\u2019est : Grand Veymont \u2013 Jocou &#8211; Grand Ferrand &#8211; T\u00eate de l\u2019Obiou &#8211; Coiro &#8211; Taillefer &#8211; Chamrousse et final glide vers Comboire. Mais pour l\u2019heure \u00e7a ne se passe pas encore trop bien. On se retrouve \u00e0 au-moins 10 ailes au fond de la combe qui monte de St-Paul de Varce, juste avant de passer le col qui m\u00e8ne \u00e0 Pr\u00e9lenfrey, sous le Cornafion et \u00e7a ratasse. Il y a ceux qui ont d\u00e9coll\u00e9 du Moucherotte et ceux qui ont travers\u00e9 depuis le N\u00e9ron. Je fais demi-tour pour me mettre en attente vers le d\u00e9co du Pr\u00e9 du Four. JM qui est rest\u00e9 avec le groupe m\u2019annonce \u00e0 la radio que \u00e7a commence \u00e0 sortir. Nous passons la cr\u00eate au niveau des 2 s\u0153urs, on avance vers le Grand Veymont. Les guns qui sont sortis, un peu avant nous, reviennent d\u00e9j\u00e0, c\u2019est l\u2019autoroute sur les cr\u00eates du Vercors, spectacle \u00e9poustouflant. Chaque thermique est balis\u00e9 par des barbulles qui disparaissent au gr\u00e9s des cycles. On discute avec les pilotes du CHVD, en semaine itin\u00e9rante, qui ont d\u00e9coll\u00e9 du col du Noyer. Gilles est tr\u00e8s bavard, j\u2019entends plus mon vario\u2026 \u00c7a monte \u00e0 2600 m au Grand Veymont, la vue sur le Tri\u00e8ves est imprenable. je vous passe la description des champs jaunes de colza et des paries au vert \u00e9clatant de ce d\u00e9but de printemps, sans oublier le bleu des lacs\u2026 c\u2019est pas mon truc. Nous continuons vers le Mont Aiguille qu\u2019on longe (survol interdit) pour raccrocher les avants reliefs. On a perdu Fabien. J\u2019apprendrai plus tard (il n\u2019avait pas de radio) qu\u2019il a pos\u00e9 pr\u00e8s du Serpaton o\u00f9 il compte bivouaquer et rentrer \u00e0 Grenoble le lendemain. J\u2019arrive au Jocou avant JM qui peine en basses couches alors que je suis toujours \u00e0 2500 m. Je traverse le col de la Croix Haute, je raccroche le Mesnil et son fameux thermique en face sud re 2500 m. Transition sur les contreforts de l\u2019Obiou. JM m\u2019annonce qu&#8217;il s\u2019en est sorti et qu\u2019il va vers le Grand Ferrand. J\u2019y arrive un peu avant lui et je l\u2019attends en tournant avec un delta au-dessus du sommet. Je suis \u00e0 2700 m, il est 15h on vole depuis 3H 30, je commence \u00e0 avoir faim et j\u2019attends la transition vers le Coiro avec impatience pour pouvoir l\u00e2cher les commandes et terminer mon sandwich. JM fini par monter et me rejoint \u00e0 la T\u00eate de l\u2019Obiou. Nous sommes presqu\u2019\u00e0 2800 m et on fr\u00f4le la base des nuages. 2860 m j\u2019ai la t\u00eate dans les barbules mais les pieds d\u00e9passent encore un peu. Feu sur le viaduc de l\u2019autre c\u00f4t\u00e9 de la vall\u00e9e et le Chauvet o\u00f9 je touche le premier thermique quand j\u2019avale la derni\u00e8re bouch\u00e9e de mon casse-cro\u00fbte. Je commence \u00e0 enrouler et JM arrive tr\u00e8s bas derri\u00e8re. Je m\u2019avance sur les pentes du Coiro et l\u00e0 je choisi le mauvais point de raccrochage (pour une fois l\u2019Oudie m\u2019a enduit d\u2019erreur en affichant une belle t\u00e2che rouge sur la carte l\u00e0 o\u00f9 je ne trouve rien !) et je vais rester un bon moment \u00e0 zoner au niveau du d\u00e9collage du Jas d\u2019Oris pendant que JM trouve une bombe qui le monte \u00e0 plus de 3000 m ! L\u00e0-haut il y a d\u00e9j\u00e0 2 ou 3 guns qui arrivent des \u00c9crins. Je sors de mon mauvais pas et je rattrape mon partenaire au Taillefer. On transite ensemble sur Chamrousse o\u00f9 Il y a des pilotes du CHVD (Laurent et Guilhem). JM s\u2019arr\u00eate au d\u00e9co de l\u2019Aiguille pour satisfaire un besoin pressant. Je d\u00e9cide de changer de plan et d\u2019aller poser \u00e0 St Naz pour retrouver Laurent pendant que JM tente le final glide vers Comboire et il le r\u00e9ussi ! Il pose \u00e0 Claix pr\u00e8s de la route qui le ram\u00e8nera \u00e0 sa voiture. 6h 20 pour 120 km dans une a\u00e9rologie assez mouvement\u00e9e (on apprendra que, ce jour-l\u00e0, au moins trois pilotes se seront crash\u00e9s en Chartreuse et dans le Vercors).<\/p>[\/et_pb_text][et_pb_button button_url=&#8221;https:\/\/www.sportstracklive.com\/fr\/scene\/61acbadd-f9d3-4f2f-a169-bc56eea57f69\/&#8221; url_new_window=&#8221;on&#8221; button_text=&#8221;Notre trace sur SportsTrackLive&#8221; _builder_version=&#8221;4.21.0&#8243; _module_preset=&#8221;default&#8221; global_colors_info=&#8221;{}&#8221; theme_builder_area=&#8221;post_content&#8221;][\/et_pb_button][\/et_pb_column][\/et_pb_row][\/et_pb_section][et_pb_section fb_built=&#8221;1&#8243; _builder_version=&#8221;4.21.0&#8243; _module_preset=&#8221;default&#8221; global_colors_info=&#8221;{}&#8221; theme_builder_area=&#8221;post_content&#8221; da_is_popup=&#8221;off&#8221; da_exit_intent=&#8221;off&#8221; da_has_close=&#8221;on&#8221; da_alt_close=&#8221;off&#8221; da_dark_close=&#8221;off&#8221; da_not_modal=&#8221;on&#8221; da_is_singular=&#8221;off&#8221; da_with_loader=&#8221;off&#8221; da_has_shadow=&#8221;on&#8221; da_disable_devices=&#8221;off|off|off&#8221;][et_pb_row _builder_version=&#8221;4.21.0&#8243; _module_preset=&#8221;default&#8221; global_colors_info=&#8221;{}&#8221; theme_builder_area=&#8221;post_content&#8221;][et_pb_column type=&#8221;4_4&#8243; _builder_version=&#8221;4.21.0&#8243; _module_preset=&#8221;default&#8221; global_colors_info=&#8221;{}&#8221; theme_builder_area=&#8221;post_content&#8221;][et_pb_gallery gallery_ids=&#8221;239654,239655,239656,239657,239658,239659,239660,239661,239662,239663,239664&#8243; posts_number=&#8221;20&#8243; show_pagination=&#8221;off&#8221; _builder_version=&#8221;4.21.0&#8243; _module_preset=&#8221;default&#8221; custom_margin=&#8221;-54px||||false|false&#8221; global_colors_info=&#8221;{}&#8221; theme_builder_area=&#8221;post_content&#8221;][\/et_pb_gallery][et_pb_text _builder_version=&#8221;4.21.0&#8243; _module_preset=&#8221;default&#8221; global_colors_info=&#8221;{}&#8221; theme_builder_area=&#8221;post_content&#8221;]<p>Photos <span>Jean-Marc Eschasseriaux<\/span><\/p>[\/et_pb_text][\/et_pb_column][\/et_pb_row][\/et_pb_section]\n","protected":false},"excerpt":{"rendered":"<p>Sur une id\u00e9e de Jean-Marc on se retrouve au col de Comboire vers 10h ce mercredi 3 mai 2023. Il est accompagn\u00e9 de Fabien, un ancien Deltiste qui \u00e9voluait en \u00c9quipe France et qui s\u2019est mis au vol rando. Nous montons au d\u00e9co du Peuil, une premi\u00e8re pour JM et moi-m\u00eame. D\u00e9co magnifique, bien aliment\u00e9, [&hellip;]<\/p>\n","protected":false},"author":57,"featured_media":239667,"comment_status":"open","ping_status":"open","sticky":false,"template":"","format":"standard","meta":{"_et_pb_use_builder":"on","_et_pb_old_content":"","_et_gb_content_width":"","_jetpack_memberships_contains_paid_content":false,"_joinchat":[],"footnotes":""},"categories":[61],"tags":[],"class_list":["post-239652","post","type-post","status-publish","format-standard","has-post-thumbnail","hentry","category-recit"],"yoast_head":"<!-- This site is optimized with the Yoast SEO plugin v27.5 - https:\/\/yoast.com\/product\/yoast-seo-wordpress\/ -->\n<title>Le Peuil - 3 Mai 2023 - Carnet de Vol<\/title>\n<meta name=\"robots\" content=\"index, follow, max-snippet:-1, max-image-preview:large, max-video-preview:-1\" \/>\n<link rel=\"canonical\" href=\"https:\/\/www.bluehouse.fr\/JB6\/carnet-de-vol\/2023\/05\/03\/le-peuil-3-mai-2023\/\" \/>\n<meta property=\"og:locale\" content=\"fr_FR\" \/>\n<meta property=\"og:type\" content=\"article\" \/>\n<meta property=\"og:title\" content=\"Le Peuil - 3 Mai 2023 - Carnet de Vol\" \/>\n<meta property=\"og:description\" content=\"Sur une id\u00e9e de Jean-Marc on se retrouve au col de Comboire vers 10h ce mercredi 3 mai 2023. Il est accompagn\u00e9 de Fabien, un ancien Deltiste qui \u00e9voluait en \u00c9quipe France et qui s\u2019est mis au vol rando. Nous montons au d\u00e9co du Peuil, une premi\u00e8re pour JM et moi-m\u00eame. D\u00e9co magnifique, bien aliment\u00e9, [&hellip;]\" \/>\n<meta property=\"og:url\" content=\"https:\/\/www.bluehouse.fr\/JB6\/carnet-de-vol\/2023\/05\/03\/le-peuil-3-mai-2023\/\" \/>\n<meta property=\"og:site_name\" content=\"Carnet de Vol\" \/>\n<meta property=\"article:published_time\" content=\"2023-05-03T13:26:00+00:00\" \/>\n<meta property=\"article:modified_time\" content=\"2023-08-14T13:28:25+00:00\" \/>\n<meta property=\"og:image\" content=\"https:\/\/www.bluehouse.fr\/JB6\/carnet-de-vol\/wp-content\/uploads\/2023\/08\/20230503_1314-Hauts-plateaux-avec-Jacques-1.jpeg\" \/>\n\t<meta property=\"og:image:width\" content=\"1916\" \/>\n\t<meta property=\"og:image:height\" content=\"1277\" \/>\n\t<meta property=\"og:image:type\" content=\"image\/jpeg\" \/>\n<meta name=\"author\" content=\"Jacques Bayol\" \/>\n<meta name=\"twitter:card\" content=\"summary_large_image\" \/>\n<meta name=\"twitter:label1\" content=\"\u00c9crit par\" \/>\n\t<meta name=\"twitter:data1\" content=\"Jacques Bayol\" \/>\n\t<meta name=\"twitter:label2\" content=\"Dur\u00e9e de lecture estim\u00e9e\" \/>\n\t<meta name=\"twitter:data2\" content=\"6 minutes\" \/>\n<script type=\"application\/ld+json\" class=\"yoast-schema-graph\">{\"@context\":\"https:\\\/\\\/schema.org\",\"@graph\":[{\"@type\":\"Article\",\"@id\":\"https:\\\/\\\/www.bluehouse.fr\\\/JB6\\\/carnet-de-vol\\\/2023\\\/05\\\/03\\\/le-peuil-3-mai-2023\\\/#article\",\"isPartOf\":{\"@id\":\"https:\\\/\\\/www.bluehouse.fr\\\/JB6\\\/carnet-de-vol\\\/2023\\\/05\\\/03\\\/le-peuil-3-mai-2023\\\/\"},\"author\":{\"name\":\"Jacques Bayol\",\"@id\":\"https:\\\/\\\/www.bluehouse.fr\\\/JB6\\\/carnet-de-vol\\\/#\\\/schema\\\/person\\\/5d86adbd628adb05f7f8b7b24afe7187\"},\"headline\":\"Le Peuil &#8211; 3 Mai 2023\",\"datePublished\":\"2023-05-03T13:26:00+00:00\",\"dateModified\":\"2023-08-14T13:28:25+00:00\",\"mainEntityOfPage\":{\"@id\":\"https:\\\/\\\/www.bluehouse.fr\\\/JB6\\\/carnet-de-vol\\\/2023\\\/05\\\/03\\\/le-peuil-3-mai-2023\\\/\"},\"wordCount\":1166,\"commentCount\":0,\"publisher\":{\"@id\":\"https:\\\/\\\/www.bluehouse.fr\\\/JB6\\\/carnet-de-vol\\\/#organization\"},\"image\":{\"@id\":\"https:\\\/\\\/www.bluehouse.fr\\\/JB6\\\/carnet-de-vol\\\/2023\\\/05\\\/03\\\/le-peuil-3-mai-2023\\\/#primaryimage\"},\"thumbnailUrl\":\"https:\\\/\\\/www.bluehouse.fr\\\/JB6\\\/carnet-de-vol\\\/wp-content\\\/uploads\\\/2023\\\/08\\\/20230503_1314-Hauts-plateaux-avec-Jacques-1.jpeg\",\"articleSection\":[\"r\u00e9cit\"],\"inLanguage\":\"fr-FR\",\"potentialAction\":[{\"@type\":\"CommentAction\",\"name\":\"Comment\",\"target\":[\"https:\\\/\\\/www.bluehouse.fr\\\/JB6\\\/carnet-de-vol\\\/2023\\\/05\\\/03\\\/le-peuil-3-mai-2023\\\/#respond\"]}]},{\"@type\":\"WebPage\",\"@id\":\"https:\\\/\\\/www.bluehouse.fr\\\/JB6\\\/carnet-de-vol\\\/2023\\\/05\\\/03\\\/le-peuil-3-mai-2023\\\/\",\"url\":\"https:\\\/\\\/www.bluehouse.fr\\\/JB6\\\/carnet-de-vol\\\/2023\\\/05\\\/03\\\/le-peuil-3-mai-2023\\\/\",\"name\":\"Le Peuil - 3 Mai 2023 - Carnet de Vol\",\"isPartOf\":{\"@id\":\"https:\\\/\\\/www.bluehouse.fr\\\/JB6\\\/carnet-de-vol\\\/#website\"},\"primaryImageOfPage\":{\"@id\":\"https:\\\/\\\/www.bluehouse.fr\\\/JB6\\\/carnet-de-vol\\\/2023\\\/05\\\/03\\\/le-peuil-3-mai-2023\\\/#primaryimage\"},\"image\":{\"@id\":\"https:\\\/\\\/www.bluehouse.fr\\\/JB6\\\/carnet-de-vol\\\/2023\\\/05\\\/03\\\/le-peuil-3-mai-2023\\\/#primaryimage\"},\"thumbnailUrl\":\"https:\\\/\\\/www.bluehouse.fr\\\/JB6\\\/carnet-de-vol\\\/wp-content\\\/uploads\\\/2023\\\/08\\\/20230503_1314-Hauts-plateaux-avec-Jacques-1.jpeg\",\"datePublished\":\"2023-05-03T13:26:00+00:00\",\"dateModified\":\"2023-08-14T13:28:25+00:00\",\"breadcrumb\":{\"@id\":\"https:\\\/\\\/www.bluehouse.fr\\\/JB6\\\/carnet-de-vol\\\/2023\\\/05\\\/03\\\/le-peuil-3-mai-2023\\\/#breadcrumb\"},\"inLanguage\":\"fr-FR\",\"potentialAction\":[{\"@type\":\"ReadAction\",\"target\":[\"https:\\\/\\\/www.bluehouse.fr\\\/JB6\\\/carnet-de-vol\\\/2023\\\/05\\\/03\\\/le-peuil-3-mai-2023\\\/\"]}]},{\"@type\":\"ImageObject\",\"inLanguage\":\"fr-FR\",\"@id\":\"https:\\\/\\\/www.bluehouse.fr\\\/JB6\\\/carnet-de-vol\\\/2023\\\/05\\\/03\\\/le-peuil-3-mai-2023\\\/#primaryimage\",\"url\":\"https:\\\/\\\/www.bluehouse.fr\\\/JB6\\\/carnet-de-vol\\\/wp-content\\\/uploads\\\/2023\\\/08\\\/20230503_1314-Hauts-plateaux-avec-Jacques-1.jpeg\",\"contentUrl\":\"https:\\\/\\\/www.bluehouse.fr\\\/JB6\\\/carnet-de-vol\\\/wp-content\\\/uploads\\\/2023\\\/08\\\/20230503_1314-Hauts-plateaux-avec-Jacques-1.jpeg\",\"width\":1916,\"height\":1277},{\"@type\":\"BreadcrumbList\",\"@id\":\"https:\\\/\\\/www.bluehouse.fr\\\/JB6\\\/carnet-de-vol\\\/2023\\\/05\\\/03\\\/le-peuil-3-mai-2023\\\/#breadcrumb\",\"itemListElement\":[{\"@type\":\"ListItem\",\"position\":1,\"name\":\"Accueil\",\"item\":\"https:\\\/\\\/www.bluehouse.fr\\\/JB6\\\/carnet-de-vol\\\/\"},{\"@type\":\"ListItem\",\"position\":2,\"name\":\"Le Peuil &#8211; 3 Mai 2023\"}]},{\"@type\":\"WebSite\",\"@id\":\"https:\\\/\\\/www.bluehouse.fr\\\/JB6\\\/carnet-de-vol\\\/#website\",\"url\":\"https:\\\/\\\/www.bluehouse.fr\\\/JB6\\\/carnet-de-vol\\\/\",\"name\":\"Carnet de Vol\",\"description\":\"Carnet de Vol Parapente\",\"publisher\":{\"@id\":\"https:\\\/\\\/www.bluehouse.fr\\\/JB6\\\/carnet-de-vol\\\/#organization\"},\"potentialAction\":[{\"@type\":\"SearchAction\",\"target\":{\"@type\":\"EntryPoint\",\"urlTemplate\":\"https:\\\/\\\/www.bluehouse.fr\\\/JB6\\\/carnet-de-vol\\\/?s={search_term_string}\"},\"query-input\":{\"@type\":\"PropertyValueSpecification\",\"valueRequired\":true,\"valueName\":\"search_term_string\"}}],\"inLanguage\":\"fr-FR\"},{\"@type\":\"Organization\",\"@id\":\"https:\\\/\\\/www.bluehouse.fr\\\/JB6\\\/carnet-de-vol\\\/#organization\",\"name\":\"Carnet de Vol\",\"url\":\"https:\\\/\\\/www.bluehouse.fr\\\/JB6\\\/carnet-de-vol\\\/\",\"logo\":{\"@type\":\"ImageObject\",\"inLanguage\":\"fr-FR\",\"@id\":\"https:\\\/\\\/www.bluehouse.fr\\\/JB6\\\/carnet-de-vol\\\/#\\\/schema\\\/logo\\\/image\\\/\",\"url\":\"https:\\\/\\\/www.bluehouse.fr\\\/JB6\\\/carnet-de-vol\\\/wp-content\\\/uploads\\\/2023\\\/11\\\/logo.png\",\"contentUrl\":\"https:\\\/\\\/www.bluehouse.fr\\\/JB6\\\/carnet-de-vol\\\/wp-content\\\/uploads\\\/2023\\\/11\\\/logo.png\",\"width\":400,\"height\":400,\"caption\":\"Carnet de Vol\"},\"image\":{\"@id\":\"https:\\\/\\\/www.bluehouse.fr\\\/JB6\\\/carnet-de-vol\\\/#\\\/schema\\\/logo\\\/image\\\/\"}},{\"@type\":\"Person\",\"@id\":\"https:\\\/\\\/www.bluehouse.fr\\\/JB6\\\/carnet-de-vol\\\/#\\\/schema\\\/person\\\/5d86adbd628adb05f7f8b7b24afe7187\",\"name\":\"Jacques Bayol\",\"image\":{\"@type\":\"ImageObject\",\"inLanguage\":\"fr-FR\",\"@id\":\"https:\\\/\\\/secure.gravatar.com\\\/avatar\\\/15bcc0a70bbdf1d887a3eba73fa1a16a018cf14529c2d51827403d81e6a05255?s=96&d=mm&r=g\",\"url\":\"https:\\\/\\\/secure.gravatar.com\\\/avatar\\\/15bcc0a70bbdf1d887a3eba73fa1a16a018cf14529c2d51827403d81e6a05255?s=96&d=mm&r=g\",\"contentUrl\":\"https:\\\/\\\/secure.gravatar.com\\\/avatar\\\/15bcc0a70bbdf1d887a3eba73fa1a16a018cf14529c2d51827403d81e6a05255?s=96&d=mm&r=g\",\"caption\":\"Jacques Bayol\"},\"description\":\"Pilote de vol libre depuis 1974, modeste webmaster de ce site.\",\"url\":\"https:\\\/\\\/www.bluehouse.fr\\\/JB6\\\/carnet-de-vol\\\/author\\\/jack\\\/\"}]}<\/script>\n<!-- \/ Yoast SEO plugin. -->","yoast_head_json":{"title":"Le Peuil - 3 Mai 2023 - Carnet de Vol","robots":{"index":"index","follow":"follow","max-snippet":"max-snippet:-1","max-image-preview":"max-image-preview:large","max-video-preview":"max-video-preview:-1"},"canonical":"https:\/\/www.bluehouse.fr\/JB6\/carnet-de-vol\/2023\/05\/03\/le-peuil-3-mai-2023\/","og_locale":"fr_FR","og_type":"article","og_title":"Le Peuil - 3 Mai 2023 - Carnet de Vol","og_description":"Sur une id\u00e9e de Jean-Marc on se retrouve au col de Comboire vers 10h ce mercredi 3 mai 2023. Il est accompagn\u00e9 de Fabien, un ancien Deltiste qui \u00e9voluait en \u00c9quipe France et qui s\u2019est mis au vol rando. Nous montons au d\u00e9co du Peuil, une premi\u00e8re pour JM et moi-m\u00eame. D\u00e9co magnifique, bien aliment\u00e9, [&hellip;]","og_url":"https:\/\/www.bluehouse.fr\/JB6\/carnet-de-vol\/2023\/05\/03\/le-peuil-3-mai-2023\/","og_site_name":"Carnet de Vol","article_published_time":"2023-05-03T13:26:00+00:00","article_modified_time":"2023-08-14T13:28:25+00:00","og_image":[{"width":1916,"height":1277,"url":"https:\/\/www.bluehouse.fr\/JB6\/carnet-de-vol\/wp-content\/uploads\/2023\/08\/20230503_1314-Hauts-plateaux-avec-Jacques-1.jpeg","type":"image\/jpeg"}],"author":"Jacques Bayol","twitter_card":"summary_large_image","twitter_misc":{"\u00c9crit par":"Jacques Bayol","Dur\u00e9e de lecture estim\u00e9e":"6 minutes"},"schema":{"@context":"https:\/\/schema.org","@graph":[{"@type":"Article","@id":"https:\/\/www.bluehouse.fr\/JB6\/carnet-de-vol\/2023\/05\/03\/le-peuil-3-mai-2023\/#article","isPartOf":{"@id":"https:\/\/www.bluehouse.fr\/JB6\/carnet-de-vol\/2023\/05\/03\/le-peuil-3-mai-2023\/"},"author":{"name":"Jacques Bayol","@id":"https:\/\/www.bluehouse.fr\/JB6\/carnet-de-vol\/#\/schema\/person\/5d86adbd628adb05f7f8b7b24afe7187"},"headline":"Le Peuil &#8211; 3 Mai 2023","datePublished":"2023-05-03T13:26:00+00:00","dateModified":"2023-08-14T13:28:25+00:00","mainEntityOfPage":{"@id":"https:\/\/www.bluehouse.fr\/JB6\/carnet-de-vol\/2023\/05\/03\/le-peuil-3-mai-2023\/"},"wordCount":1166,"commentCount":0,"publisher":{"@id":"https:\/\/www.bluehouse.fr\/JB6\/carnet-de-vol\/#organization"},"image":{"@id":"https:\/\/www.bluehouse.fr\/JB6\/carnet-de-vol\/2023\/05\/03\/le-peuil-3-mai-2023\/#primaryimage"},"thumbnailUrl":"https:\/\/www.bluehouse.fr\/JB6\/carnet-de-vol\/wp-content\/uploads\/2023\/08\/20230503_1314-Hauts-plateaux-avec-Jacques-1.jpeg","articleSection":["r\u00e9cit"],"inLanguage":"fr-FR","potentialAction":[{"@type":"CommentAction","name":"Comment","target":["https:\/\/www.bluehouse.fr\/JB6\/carnet-de-vol\/2023\/05\/03\/le-peuil-3-mai-2023\/#respond"]}]},{"@type":"WebPage","@id":"https:\/\/www.bluehouse.fr\/JB6\/carnet-de-vol\/2023\/05\/03\/le-peuil-3-mai-2023\/","url":"https:\/\/www.bluehouse.fr\/JB6\/carnet-de-vol\/2023\/05\/03\/le-peuil-3-mai-2023\/","name":"Le Peuil - 3 Mai 2023 - Carnet de Vol","isPartOf":{"@id":"https:\/\/www.bluehouse.fr\/JB6\/carnet-de-vol\/#website"},"primaryImageOfPage":{"@id":"https:\/\/www.bluehouse.fr\/JB6\/carnet-de-vol\/2023\/05\/03\/le-peuil-3-mai-2023\/#primaryimage"},"image":{"@id":"https:\/\/www.bluehouse.fr\/JB6\/carnet-de-vol\/2023\/05\/03\/le-peuil-3-mai-2023\/#primaryimage"},"thumbnailUrl":"https:\/\/www.bluehouse.fr\/JB6\/carnet-de-vol\/wp-content\/uploads\/2023\/08\/20230503_1314-Hauts-plateaux-avec-Jacques-1.jpeg","datePublished":"2023-05-03T13:26:00+00:00","dateModified":"2023-08-14T13:28:25+00:00","breadcrumb":{"@id":"https:\/\/www.bluehouse.fr\/JB6\/carnet-de-vol\/2023\/05\/03\/le-peuil-3-mai-2023\/#breadcrumb"},"inLanguage":"fr-FR","potentialAction":[{"@type":"ReadAction","target":["https:\/\/www.bluehouse.fr\/JB6\/carnet-de-vol\/2023\/05\/03\/le-peuil-3-mai-2023\/"]}]},{"@type":"ImageObject","inLanguage":"fr-FR","@id":"https:\/\/www.bluehouse.fr\/JB6\/carnet-de-vol\/2023\/05\/03\/le-peuil-3-mai-2023\/#primaryimage","url":"https:\/\/www.bluehouse.fr\/JB6\/carnet-de-vol\/wp-content\/uploads\/2023\/08\/20230503_1314-Hauts-plateaux-avec-Jacques-1.jpeg","contentUrl":"https:\/\/www.bluehouse.fr\/JB6\/carnet-de-vol\/wp-content\/uploads\/2023\/08\/20230503_1314-Hauts-plateaux-avec-Jacques-1.jpeg","width":1916,"height":1277},{"@type":"BreadcrumbList","@id":"https:\/\/www.bluehouse.fr\/JB6\/carnet-de-vol\/2023\/05\/03\/le-peuil-3-mai-2023\/#breadcrumb","itemListElement":[{"@type":"ListItem","position":1,"name":"Accueil","item":"https:\/\/www.bluehouse.fr\/JB6\/carnet-de-vol\/"},{"@type":"ListItem","position":2,"name":"Le Peuil &#8211; 3 Mai 2023"}]},{"@type":"WebSite","@id":"https:\/\/www.bluehouse.fr\/JB6\/carnet-de-vol\/#website","url":"https:\/\/www.bluehouse.fr\/JB6\/carnet-de-vol\/","name":"Carnet de Vol","description":"Carnet de Vol Parapente","publisher":{"@id":"https:\/\/www.bluehouse.fr\/JB6\/carnet-de-vol\/#organization"},"potentialAction":[{"@type":"SearchAction","target":{"@type":"EntryPoint","urlTemplate":"https:\/\/www.bluehouse.fr\/JB6\/carnet-de-vol\/?s={search_term_string}"},"query-input":{"@type":"PropertyValueSpecification","valueRequired":true,"valueName":"search_term_string"}}],"inLanguage":"fr-FR"},{"@type":"Organization","@id":"https:\/\/www.bluehouse.fr\/JB6\/carnet-de-vol\/#organization","name":"Carnet de Vol","url":"https:\/\/www.bluehouse.fr\/JB6\/carnet-de-vol\/","logo":{"@type":"ImageObject","inLanguage":"fr-FR","@id":"https:\/\/www.bluehouse.fr\/JB6\/carnet-de-vol\/#\/schema\/logo\/image\/","url":"https:\/\/www.bluehouse.fr\/JB6\/carnet-de-vol\/wp-content\/uploads\/2023\/11\/logo.png","contentUrl":"https:\/\/www.bluehouse.fr\/JB6\/carnet-de-vol\/wp-content\/uploads\/2023\/11\/logo.png","width":400,"height":400,"caption":"Carnet de Vol"},"image":{"@id":"https:\/\/www.bluehouse.fr\/JB6\/carnet-de-vol\/#\/schema\/logo\/image\/"}},{"@type":"Person","@id":"https:\/\/www.bluehouse.fr\/JB6\/carnet-de-vol\/#\/schema\/person\/5d86adbd628adb05f7f8b7b24afe7187","name":"Jacques Bayol","image":{"@type":"ImageObject","inLanguage":"fr-FR","@id":"https:\/\/secure.gravatar.com\/avatar\/15bcc0a70bbdf1d887a3eba73fa1a16a018cf14529c2d51827403d81e6a05255?s=96&d=mm&r=g","url":"https:\/\/secure.gravatar.com\/avatar\/15bcc0a70bbdf1d887a3eba73fa1a16a018cf14529c2d51827403d81e6a05255?s=96&d=mm&r=g","contentUrl":"https:\/\/secure.gravatar.com\/avatar\/15bcc0a70bbdf1d887a3eba73fa1a16a018cf14529c2d51827403d81e6a05255?s=96&d=mm&r=g","caption":"Jacques Bayol"},"description":"Pilote de vol libre depuis 1974, modeste webmaster de ce site.","url":"https:\/\/www.bluehouse.fr\/JB6\/carnet-de-vol\/author\/jack\/"}]}},"jetpack_featured_media_url":"https:\/\/www.bluehouse.fr\/JB6\/carnet-de-vol\/wp-content\/uploads\/2023\/08\/20230503_1314-Hauts-plateaux-avec-Jacques-1.jpeg","jetpack_sharing_enabled":true,"_links":{"self":[{"href":"https:\/\/www.bluehouse.fr\/JB6\/carnet-de-vol\/wp-json\/wp\/v2\/posts\/239652","targetHints":{"allow":["GET"]}}],"collection":[{"href":"https:\/\/www.bluehouse.fr\/JB6\/carnet-de-vol\/wp-json\/wp\/v2\/posts"}],"about":[{"href":"https:\/\/www.bluehouse.fr\/JB6\/carnet-de-vol\/wp-json\/wp\/v2\/types\/post"}],"author":[{"embeddable":true,"href":"https:\/\/www.bluehouse.fr\/JB6\/carnet-de-vol\/wp-json\/wp\/v2\/users\/57"}],"replies":[{"embeddable":true,"href":"https:\/\/www.bluehouse.fr\/JB6\/carnet-de-vol\/wp-json\/wp\/v2\/comments?post=239652"}],"version-history":[{"count":0,"href":"https:\/\/www.bluehouse.fr\/JB6\/carnet-de-vol\/wp-json\/wp\/v2\/posts\/239652\/revisions"}],"wp:featuredmedia":[{"embeddable":true,"href":"https:\/\/www.bluehouse.fr\/JB6\/carnet-de-vol\/wp-json\/wp\/v2\/media\/239667"}],"wp:attachment":[{"href":"https:\/\/www.bluehouse.fr\/JB6\/carnet-de-vol\/wp-json\/wp\/v2\/media?parent=239652"}],"wp:term":[{"taxonomy":"category","embeddable":true,"href":"https:\/\/www.bluehouse.fr\/JB6\/carnet-de-vol\/wp-json\/wp\/v2\/categories?post=239652"},{"taxonomy":"post_tag","embeddable":true,"href":"https:\/\/www.bluehouse.fr\/JB6\/carnet-de-vol\/wp-json\/wp\/v2\/tags?post=239652"}],"curies":[{"name":"wp","href":"https:\/\/api.w.org\/{rel}","templated":true}]}}