{"id":239571,"date":"2023-07-22T09:27:16","date_gmt":"2023-07-22T07:27:16","guid":{"rendered":"https:\/\/www.bluehouse.fr\/JB6\/carnet-de-vol\/?p=239571"},"modified":"2025-04-13T17:44:40","modified_gmt":"2025-04-13T15:44:40","slug":"grenoble-lac-leman-22-08-2023","status":"publish","type":"post","link":"https:\/\/www.bluehouse.fr\/JB6\/carnet-de-vol\/2023\/07\/22\/grenoble-lac-leman-22-08-2023\/","title":{"rendered":"Grenoble &#8211; Lac L\u00e9man"},"content":{"rendered":"\n[et_pb_section fb_built=&#8221;1&#8243; _builder_version=&#8221;4.22.0&#8243; _module_preset=&#8221;default&#8221; da_disable_devices=&#8221;off|off|off&#8221; global_colors_info=&#8221;{}&#8221; theme_builder_area=&#8221;post_content&#8221; da_is_popup=&#8221;off&#8221; da_exit_intent=&#8221;off&#8221; da_has_close=&#8221;on&#8221; da_alt_close=&#8221;off&#8221; da_dark_close=&#8221;off&#8221; da_not_modal=&#8221;on&#8221; da_is_singular=&#8221;off&#8221; da_with_loader=&#8221;off&#8221; da_has_shadow=&#8221;on&#8221;][et_pb_row _builder_version=&#8221;4.22.0&#8243; _module_preset=&#8221;default&#8221; global_colors_info=&#8221;{}&#8221; theme_builder_area=&#8221;post_content&#8221;][et_pb_column type=&#8221;4_4&#8243; _builder_version=&#8221;4.22.0&#8243; _module_preset=&#8221;default&#8221; global_colors_info=&#8221;{}&#8221; theme_builder_area=&#8221;post_content&#8221;][et_pb_text _builder_version=&#8221;4.22.0&#8243; _module_preset=&#8221;default&#8221; global_colors_info=&#8221;{}&#8221; theme_builder_area=&#8221;post_content&#8221;]<p><em>Le bout du lac avec Montreux. Au premier plan la station de Thollon-les-M\u00e9mises<\/em><\/p>[\/et_pb_text][et_pb_text _builder_version=&#8221;4.22.0&#8243; _module_preset=&#8221;default&#8221; global_colors_info=&#8221;{}&#8221; theme_builder_area=&#8221;post_content&#8221;]<p>Il est 11h 39 quand je m\u2019envole du d\u00e9co Sud de St Hil ce matin du 22 Juillet 2023. La m\u00e9t\u00e9o annonce du Sud assez soutenu et des plafs qui montent quand on avance vers le Nord. Des conditions id\u00e9ales pour partir vers le Lac L\u00e9man, un vol que je tente sans succ\u00e8s depuis un bon moment. Je commence par aller mettre un point au Rachais puis je repars vers le Nord. Je passe sous la Dent de Crolles \u00e0 12h 45, 31 km\/h de moyenne, je suis dans les temps. J\u2019arrive au Granier \u00e0 13h 26, le plafond au raz du nuage est \u00e0 2445 m, largement suffisant pour traverser sur la Savoyarde. J\u2019attaque la laisse de chien en visant le p\u00e9age de l\u2019autoroute. Je passe juste un peu \u00e0 droite et je vise la face Ouest de la Savoyarde, l\u00e0 o\u00f9 mon Oudie N affiche une belle tache rouge, l\u2019assurance de trouver le thermique qui va me permettre de raccrocher le massif des Bauges. Je me rapproche du relief et le vario commence \u00e0 bipper, je suis encore \u00e0 1200 m, le raccrochage est une formalit\u00e9. Je remonte \u00e0 2270 m sur la Savoyarde et je transite vers le Pic de la Sauge. D\u2019autres ailes arrivent de Chartreuse, on et 5 ou 6 sur la cr\u00eate qui m\u00e8ne au Colombier. Les conditions sont g\u00e9n\u00e9reuses, je ne descends plus en dessous de 1800 m. J\u2019arrive au Roc des B\u0153ufs \u00e0 14h 49, je vole depuis un peu plus de 3h et j\u2019ai parcouru 85 km, du 28 km\/h de moyenne avec mon Alpina 4, c\u2019est bon \u00e7a ! Je commence \u00e0 traverser le lac d\u2019Annecy, deuxi\u00e8me grande transition du vol. J\u2019en profite pour manger un peu de mon sandwich que j\u2019avais n\u00e9glig\u00e9 au d\u00e9co (pas encore faim \u00e0 11h du mat\u2026). J\u2019arrive largement au-dessus du d\u00e9co de la Forclaz vers 15h. Il y a beaucoup de monde en l\u2019air, surtout des biplaces. Je me colle derri\u00e8re l\u2019un d\u2019eux et me laisse guider jusqu\u2019\u00e0 la Tournette. C\u2019est cool \u00e7a, rien d\u2019autre \u00e0 faire que de le suivre\u2026 Je l\u2019abandonne au niveau du chalet de l\u2019Aulp, je suis \u00e0 2800 m et je passe le col des Nantets en direction du Lachat de Th\u00f4nes que je raccroche \u00e0 2200 m. Apr\u00e8s je n\u2019ai plus qu\u2019\u00e0 suivre la cr\u00eate, traverser la vall\u00e9e de St Jean de Sixt et continuer comme \u00e7a jusqu\u2019au Jalouvre. L\u00e0 j\u2019ai une grosse transition qui m\u2019attend. Je vais quitter le massif des Bornes pour le massif du Chablais. Suivant l\u2019altitude que j\u2019aurai au d\u00e9part je peux soit viser directement le Mont Orchez juste avant Mieussy, soit passer par le M\u00f4le. On est 2 \u00e0 tourner au-dessus du Jalouvre. On s\u2019entraide par ce que ce n\u2019est pas du tout organis\u00e9, \u00e7a monte et \u00e7a descend partout plus ou moins en m\u00eame temps, on fini par arriver \u00e0 presque 3100 m. Mon compagnon en Zeno 2 fait demi-tour (en regardant la CFD j\u2019apprendrai que c\u2019est William Pierre et qu\u2019il a fait 285 km ce jour-l\u00e0 !). Moi pendant ce temps, je continue vers le Nord. Je suis tellement haut que je peux viser Orchez directement. Je pourrais m\u00eame taper Mieussy en direct mais je fais quelques tours sur Orchez pour admirer la vue sur le Mont-Blanc, la cha\u00eene des Aravis, les Bornes et le lac L\u00e9man qui commence \u00e0 appara\u00eetre derri\u00e8re le Sal\u00e8ve. Je connais bien Mieussy, c\u2019est l\u00e0 que j\u2019ai appris avec Jean-Claude Betemps, l\u2019inventeur du parapente. Je passe tr\u00e8s haut au-dessus du d\u00e9co du Pertiuset o\u00f9 un pilote d\u2019accro envoie du bois\u2026 J\u2019arrive \u00e0 Rovagne, LA pompe de service mais aujourd\u2019hui, curieusement, elle ne donne pas. Je commence \u00e0 descendre alors je m\u2019enfonce dans le massif du Chablais. \u00c0 partir de l\u00e0, je suis en terra incognita. Il y a tr\u00e8s longtemps je volais en local \u00e0 Mieussy, Thonon-Orcier ou Thollon-les-M\u00e9mises mais \u00e0 l\u2019\u00e9poque je ne faisais pas encore de cross. C\u2019est donc une d\u00e9couverte. La trace \u00e0 suivre que j\u2019ai pr\u00e9par\u00e9e pour ce vol s\u2019affiche sur la carte de mon ordinateur de bord. Apr\u00e8s Mieussy je fais une petite erreur de trajectoire (en allant vers le Rocher de Porte depuis la Pointe de Chalune, pour ceux qui connaissent&#8230;) et me retrouve un peu contr\u00e9 par vent du Sud qui s\u2019est bien lev\u00e9 depuis un moment et qui s\u2019engouffre dans cette vall\u00e9e que je dois longer vers sa sortie. Je joue de l\u2019acc\u00e9l\u00e9rateur pour avancer et \u00e7a marche. Enfin, j\u2019atteins le Mont Billiat qui me propulse \u00e0 2980 m et pan ! je percute la TMA 6 de Gen\u00e8ve qui plafonne \u00e0 2590 m. Je m\u2019aper\u00e7ois de mon erreur trop tard, mon vol ne sera pas valid\u00e9 \u00e0 la CFD. C\u2019est le dernier plein, apr\u00e8s je descends tranquillement vers \u00c9vian et l\u2019atterro de Troubois au bord du lac. Enfin tranquillement c\u2019est beaucoup dire car mon GPS affiche 80 km\/h vitesse sol ! \u00c7a explique pourquoi je ne vois plus personne en l\u2019air depuis un bon moment. J\u2019apprendrai plus tard que le Sud soufflait \u00e0 40 km\/h sur les d\u00e9cos du coin\u2026 Mais plus je me rapproche du sol plus le vent se calme et je pose dans une l\u00e9g\u00e8re brise apr\u00e8s 6h de vol et 170 km au compteur&#8230;<\/p>[\/et_pb_text][et_pb_image src=&#8221;https:\/\/www.bluehouse.fr\/JB6\/carnet-de-vol\/wp-content\/uploads\/2023\/08\/IMG_4349.jpeg&#8221; title_text=&#8221;IMG_4349&#8243; _builder_version=&#8221;4.22.1&#8243; _module_preset=&#8221;default&#8221; global_colors_info=&#8221;{}&#8221; theme_builder_area=&#8221;post_content&#8221;][\/et_pb_image][et_pb_text _builder_version=&#8221;4.22.0&#8243; _module_preset=&#8221;default&#8221; global_colors_info=&#8221;{}&#8221; theme_builder_area=&#8221;post_content&#8221;]<p><em>Fin du vol, juste avant de poser \u00e0 Troubois<\/em><\/p>[\/et_pb_text][et_pb_text _builder_version=&#8221;4.22.1&#8243; _module_preset=&#8221;default&#8221; global_colors_info=&#8221;{}&#8221; theme_builder_area=&#8221;post_content&#8221;]<h2>\u00c9pilogue<\/h2>\n<p>\u00c0 l\u2019atterro j\u2019appelle mon copain Bernard avec qui on faisait les 400 coups quand j\u2019habitais dans le coin. Il vient me chercher et on part boire l\u2019ap\u00e9ro au bord du lac puis resto de filets de perches arros\u00e9 de vin de Ripaille. Le lendemain, il m\u2019accompagne \u00e0 la gare de Thonon o\u00f9 je prends un train pour Grenoble que j\u2019atteins apr\u00e8s 3 petites heures que je mets \u00e0 profit pour imaginer d\u2019autres parcours du m\u00eame genre.<\/p>[\/et_pb_text][et_pb_button button_url=&#8221;https:\/\/www.bluehouse.fr\/JB6\/carnet-de-vol\/voir_trace\/?trace_link=https:\/\/www.bluehouse.fr\/JB6\/carnet-de-vol\/wp-content\/uploads\/advanced-cf7-upload\/2023-07-22-XNA-150318-01.igc&#038;flag=thvd_5&#8243; url_new_window=&#8221;on&#8221; button_text=&#8221;La Trace&#8221; _builder_version=&#8221;4.22.1&#8243; _module_preset=&#8221;default&#8221; global_colors_info=&#8221;{}&#8221; theme_builder_area=&#8221;post_content&#8221;][\/et_pb_button][\/et_pb_column][\/et_pb_row][\/et_pb_section]\n","protected":false},"excerpt":{"rendered":"<p>Le bout du lac avec Montreux. Au premier plan la station de Thollon-les-M\u00e9misesIl est 11h 39 quand je m\u2019envole du d\u00e9co Sud de St Hil ce matin du 22 Juillet 2023. La m\u00e9t\u00e9o annonce du Sud assez soutenu et des plafs qui montent quand on avance vers le Nord. Des conditions id\u00e9ales pour partir vers [&hellip;]<\/p>\n","protected":false},"author":57,"featured_media":239561,"comment_status":"open","ping_status":"open","sticky":false,"template":"","format":"standard","meta":{"_et_pb_use_builder":"on","_et_pb_old_content":"","_et_gb_content_width":"","_jetpack_memberships_contains_paid_content":false,"_joinchat":[],"footnotes":""},"categories":[61],"tags":[],"class_list":["post-239571","post","type-post","status-publish","format-standard","has-post-thumbnail","hentry","category-recit"],"yoast_head":"<!-- This site is optimized with the Yoast SEO plugin v27.5 - https:\/\/yoast.com\/product\/yoast-seo-wordpress\/ -->\n<title>Grenoble - Lac L\u00e9man - Carnet de Vol<\/title>\n<meta name=\"robots\" content=\"index, follow, max-snippet:-1, max-image-preview:large, max-video-preview:-1\" \/>\n<link rel=\"canonical\" href=\"https:\/\/www.bluehouse.fr\/JB6\/carnet-de-vol\/2023\/07\/22\/grenoble-lac-leman-22-08-2023\/\" \/>\n<meta property=\"og:locale\" content=\"fr_FR\" \/>\n<meta property=\"og:type\" content=\"article\" \/>\n<meta property=\"og:title\" content=\"Grenoble - Lac L\u00e9man - Carnet de Vol\" \/>\n<meta property=\"og:description\" content=\"Le bout du lac avec Montreux. Au premier plan la station de Thollon-les-M\u00e9misesIl est 11h 39 quand je m\u2019envole du d\u00e9co Sud de St Hil ce matin du 22 Juillet 2023. La m\u00e9t\u00e9o annonce du Sud assez soutenu et des plafs qui montent quand on avance vers le Nord. Des conditions id\u00e9ales pour partir vers [&hellip;]\" \/>\n<meta property=\"og:url\" content=\"https:\/\/www.bluehouse.fr\/JB6\/carnet-de-vol\/2023\/07\/22\/grenoble-lac-leman-22-08-2023\/\" \/>\n<meta property=\"og:site_name\" content=\"Carnet de Vol\" \/>\n<meta property=\"article:published_time\" content=\"2023-07-22T07:27:16+00:00\" \/>\n<meta property=\"article:modified_time\" content=\"2025-04-13T15:44:40+00:00\" \/>\n<meta property=\"og:image\" content=\"https:\/\/www.bluehouse.fr\/JB6\/carnet-de-vol\/wp-content\/uploads\/2023\/08\/IMG_4340.jpeg\" \/>\n\t<meta property=\"og:image:width\" content=\"1200\" \/>\n\t<meta property=\"og:image:height\" content=\"900\" \/>\n\t<meta property=\"og:image:type\" content=\"image\/jpeg\" \/>\n<meta name=\"author\" content=\"Jacques Bayol\" \/>\n<meta name=\"twitter:card\" content=\"summary_large_image\" \/>\n<meta name=\"twitter:label1\" content=\"\u00c9crit par\" \/>\n\t<meta name=\"twitter:data1\" content=\"Jacques Bayol\" \/>\n\t<meta name=\"twitter:label2\" content=\"Dur\u00e9e de lecture estim\u00e9e\" \/>\n\t<meta name=\"twitter:data2\" content=\"6 minutes\" \/>\n<script type=\"application\/ld+json\" class=\"yoast-schema-graph\">{\"@context\":\"https:\\\/\\\/schema.org\",\"@graph\":[{\"@type\":\"Article\",\"@id\":\"https:\\\/\\\/www.bluehouse.fr\\\/JB6\\\/carnet-de-vol\\\/2023\\\/07\\\/22\\\/grenoble-lac-leman-22-08-2023\\\/#article\",\"isPartOf\":{\"@id\":\"https:\\\/\\\/www.bluehouse.fr\\\/JB6\\\/carnet-de-vol\\\/2023\\\/07\\\/22\\\/grenoble-lac-leman-22-08-2023\\\/\"},\"author\":{\"name\":\"Jacques Bayol\",\"@id\":\"https:\\\/\\\/www.bluehouse.fr\\\/JB6\\\/carnet-de-vol\\\/#\\\/schema\\\/person\\\/5d86adbd628adb05f7f8b7b24afe7187\"},\"headline\":\"Grenoble &#8211; Lac L\u00e9man\",\"datePublished\":\"2023-07-22T07:27:16+00:00\",\"dateModified\":\"2025-04-13T15:44:40+00:00\",\"mainEntityOfPage\":{\"@id\":\"https:\\\/\\\/www.bluehouse.fr\\\/JB6\\\/carnet-de-vol\\\/2023\\\/07\\\/22\\\/grenoble-lac-leman-22-08-2023\\\/\"},\"wordCount\":1293,\"commentCount\":1,\"publisher\":{\"@id\":\"https:\\\/\\\/www.bluehouse.fr\\\/JB6\\\/carnet-de-vol\\\/#organization\"},\"image\":{\"@id\":\"https:\\\/\\\/www.bluehouse.fr\\\/JB6\\\/carnet-de-vol\\\/2023\\\/07\\\/22\\\/grenoble-lac-leman-22-08-2023\\\/#primaryimage\"},\"thumbnailUrl\":\"https:\\\/\\\/www.bluehouse.fr\\\/JB6\\\/carnet-de-vol\\\/wp-content\\\/uploads\\\/2023\\\/08\\\/IMG_4340.jpeg\",\"articleSection\":[\"r\u00e9cit\"],\"inLanguage\":\"fr-FR\",\"potentialAction\":[{\"@type\":\"CommentAction\",\"name\":\"Comment\",\"target\":[\"https:\\\/\\\/www.bluehouse.fr\\\/JB6\\\/carnet-de-vol\\\/2023\\\/07\\\/22\\\/grenoble-lac-leman-22-08-2023\\\/#respond\"]}]},{\"@type\":\"WebPage\",\"@id\":\"https:\\\/\\\/www.bluehouse.fr\\\/JB6\\\/carnet-de-vol\\\/2023\\\/07\\\/22\\\/grenoble-lac-leman-22-08-2023\\\/\",\"url\":\"https:\\\/\\\/www.bluehouse.fr\\\/JB6\\\/carnet-de-vol\\\/2023\\\/07\\\/22\\\/grenoble-lac-leman-22-08-2023\\\/\",\"name\":\"Grenoble - Lac L\u00e9man - Carnet de Vol\",\"isPartOf\":{\"@id\":\"https:\\\/\\\/www.bluehouse.fr\\\/JB6\\\/carnet-de-vol\\\/#website\"},\"primaryImageOfPage\":{\"@id\":\"https:\\\/\\\/www.bluehouse.fr\\\/JB6\\\/carnet-de-vol\\\/2023\\\/07\\\/22\\\/grenoble-lac-leman-22-08-2023\\\/#primaryimage\"},\"image\":{\"@id\":\"https:\\\/\\\/www.bluehouse.fr\\\/JB6\\\/carnet-de-vol\\\/2023\\\/07\\\/22\\\/grenoble-lac-leman-22-08-2023\\\/#primaryimage\"},\"thumbnailUrl\":\"https:\\\/\\\/www.bluehouse.fr\\\/JB6\\\/carnet-de-vol\\\/wp-content\\\/uploads\\\/2023\\\/08\\\/IMG_4340.jpeg\",\"datePublished\":\"2023-07-22T07:27:16+00:00\",\"dateModified\":\"2025-04-13T15:44:40+00:00\",\"breadcrumb\":{\"@id\":\"https:\\\/\\\/www.bluehouse.fr\\\/JB6\\\/carnet-de-vol\\\/2023\\\/07\\\/22\\\/grenoble-lac-leman-22-08-2023\\\/#breadcrumb\"},\"inLanguage\":\"fr-FR\",\"potentialAction\":[{\"@type\":\"ReadAction\",\"target\":[\"https:\\\/\\\/www.bluehouse.fr\\\/JB6\\\/carnet-de-vol\\\/2023\\\/07\\\/22\\\/grenoble-lac-leman-22-08-2023\\\/\"]}]},{\"@type\":\"ImageObject\",\"inLanguage\":\"fr-FR\",\"@id\":\"https:\\\/\\\/www.bluehouse.fr\\\/JB6\\\/carnet-de-vol\\\/2023\\\/07\\\/22\\\/grenoble-lac-leman-22-08-2023\\\/#primaryimage\",\"url\":\"https:\\\/\\\/www.bluehouse.fr\\\/JB6\\\/carnet-de-vol\\\/wp-content\\\/uploads\\\/2023\\\/08\\\/IMG_4340.jpeg\",\"contentUrl\":\"https:\\\/\\\/www.bluehouse.fr\\\/JB6\\\/carnet-de-vol\\\/wp-content\\\/uploads\\\/2023\\\/08\\\/IMG_4340.jpeg\",\"width\":1200,\"height\":900},{\"@type\":\"BreadcrumbList\",\"@id\":\"https:\\\/\\\/www.bluehouse.fr\\\/JB6\\\/carnet-de-vol\\\/2023\\\/07\\\/22\\\/grenoble-lac-leman-22-08-2023\\\/#breadcrumb\",\"itemListElement\":[{\"@type\":\"ListItem\",\"position\":1,\"name\":\"Accueil\",\"item\":\"https:\\\/\\\/www.bluehouse.fr\\\/JB6\\\/carnet-de-vol\\\/\"},{\"@type\":\"ListItem\",\"position\":2,\"name\":\"Grenoble &#8211; Lac L\u00e9man\"}]},{\"@type\":\"WebSite\",\"@id\":\"https:\\\/\\\/www.bluehouse.fr\\\/JB6\\\/carnet-de-vol\\\/#website\",\"url\":\"https:\\\/\\\/www.bluehouse.fr\\\/JB6\\\/carnet-de-vol\\\/\",\"name\":\"Carnet de Vol\",\"description\":\"Carnet de Vol Parapente\",\"publisher\":{\"@id\":\"https:\\\/\\\/www.bluehouse.fr\\\/JB6\\\/carnet-de-vol\\\/#organization\"},\"potentialAction\":[{\"@type\":\"SearchAction\",\"target\":{\"@type\":\"EntryPoint\",\"urlTemplate\":\"https:\\\/\\\/www.bluehouse.fr\\\/JB6\\\/carnet-de-vol\\\/?s={search_term_string}\"},\"query-input\":{\"@type\":\"PropertyValueSpecification\",\"valueRequired\":true,\"valueName\":\"search_term_string\"}}],\"inLanguage\":\"fr-FR\"},{\"@type\":\"Organization\",\"@id\":\"https:\\\/\\\/www.bluehouse.fr\\\/JB6\\\/carnet-de-vol\\\/#organization\",\"name\":\"Carnet de Vol\",\"url\":\"https:\\\/\\\/www.bluehouse.fr\\\/JB6\\\/carnet-de-vol\\\/\",\"logo\":{\"@type\":\"ImageObject\",\"inLanguage\":\"fr-FR\",\"@id\":\"https:\\\/\\\/www.bluehouse.fr\\\/JB6\\\/carnet-de-vol\\\/#\\\/schema\\\/logo\\\/image\\\/\",\"url\":\"https:\\\/\\\/www.bluehouse.fr\\\/JB6\\\/carnet-de-vol\\\/wp-content\\\/uploads\\\/2023\\\/11\\\/logo.png\",\"contentUrl\":\"https:\\\/\\\/www.bluehouse.fr\\\/JB6\\\/carnet-de-vol\\\/wp-content\\\/uploads\\\/2023\\\/11\\\/logo.png\",\"width\":400,\"height\":400,\"caption\":\"Carnet de Vol\"},\"image\":{\"@id\":\"https:\\\/\\\/www.bluehouse.fr\\\/JB6\\\/carnet-de-vol\\\/#\\\/schema\\\/logo\\\/image\\\/\"}},{\"@type\":\"Person\",\"@id\":\"https:\\\/\\\/www.bluehouse.fr\\\/JB6\\\/carnet-de-vol\\\/#\\\/schema\\\/person\\\/5d86adbd628adb05f7f8b7b24afe7187\",\"name\":\"Jacques Bayol\",\"image\":{\"@type\":\"ImageObject\",\"inLanguage\":\"fr-FR\",\"@id\":\"https:\\\/\\\/secure.gravatar.com\\\/avatar\\\/15bcc0a70bbdf1d887a3eba73fa1a16a018cf14529c2d51827403d81e6a05255?s=96&d=mm&r=g\",\"url\":\"https:\\\/\\\/secure.gravatar.com\\\/avatar\\\/15bcc0a70bbdf1d887a3eba73fa1a16a018cf14529c2d51827403d81e6a05255?s=96&d=mm&r=g\",\"contentUrl\":\"https:\\\/\\\/secure.gravatar.com\\\/avatar\\\/15bcc0a70bbdf1d887a3eba73fa1a16a018cf14529c2d51827403d81e6a05255?s=96&d=mm&r=g\",\"caption\":\"Jacques Bayol\"},\"description\":\"Pilote de vol libre depuis 1974, modeste webmaster de ce site.\",\"url\":\"https:\\\/\\\/www.bluehouse.fr\\\/JB6\\\/carnet-de-vol\\\/author\\\/jack\\\/\"}]}<\/script>\n<!-- \/ Yoast SEO plugin. -->","yoast_head_json":{"title":"Grenoble - Lac L\u00e9man - Carnet de Vol","robots":{"index":"index","follow":"follow","max-snippet":"max-snippet:-1","max-image-preview":"max-image-preview:large","max-video-preview":"max-video-preview:-1"},"canonical":"https:\/\/www.bluehouse.fr\/JB6\/carnet-de-vol\/2023\/07\/22\/grenoble-lac-leman-22-08-2023\/","og_locale":"fr_FR","og_type":"article","og_title":"Grenoble - Lac L\u00e9man - Carnet de Vol","og_description":"Le bout du lac avec Montreux. Au premier plan la station de Thollon-les-M\u00e9misesIl est 11h 39 quand je m\u2019envole du d\u00e9co Sud de St Hil ce matin du 22 Juillet 2023. La m\u00e9t\u00e9o annonce du Sud assez soutenu et des plafs qui montent quand on avance vers le Nord. Des conditions id\u00e9ales pour partir vers [&hellip;]","og_url":"https:\/\/www.bluehouse.fr\/JB6\/carnet-de-vol\/2023\/07\/22\/grenoble-lac-leman-22-08-2023\/","og_site_name":"Carnet de Vol","article_published_time":"2023-07-22T07:27:16+00:00","article_modified_time":"2025-04-13T15:44:40+00:00","og_image":[{"width":1200,"height":900,"url":"https:\/\/www.bluehouse.fr\/JB6\/carnet-de-vol\/wp-content\/uploads\/2023\/08\/IMG_4340.jpeg","type":"image\/jpeg"}],"author":"Jacques Bayol","twitter_card":"summary_large_image","twitter_misc":{"\u00c9crit par":"Jacques Bayol","Dur\u00e9e de lecture estim\u00e9e":"6 minutes"},"schema":{"@context":"https:\/\/schema.org","@graph":[{"@type":"Article","@id":"https:\/\/www.bluehouse.fr\/JB6\/carnet-de-vol\/2023\/07\/22\/grenoble-lac-leman-22-08-2023\/#article","isPartOf":{"@id":"https:\/\/www.bluehouse.fr\/JB6\/carnet-de-vol\/2023\/07\/22\/grenoble-lac-leman-22-08-2023\/"},"author":{"name":"Jacques Bayol","@id":"https:\/\/www.bluehouse.fr\/JB6\/carnet-de-vol\/#\/schema\/person\/5d86adbd628adb05f7f8b7b24afe7187"},"headline":"Grenoble &#8211; Lac L\u00e9man","datePublished":"2023-07-22T07:27:16+00:00","dateModified":"2025-04-13T15:44:40+00:00","mainEntityOfPage":{"@id":"https:\/\/www.bluehouse.fr\/JB6\/carnet-de-vol\/2023\/07\/22\/grenoble-lac-leman-22-08-2023\/"},"wordCount":1293,"commentCount":1,"publisher":{"@id":"https:\/\/www.bluehouse.fr\/JB6\/carnet-de-vol\/#organization"},"image":{"@id":"https:\/\/www.bluehouse.fr\/JB6\/carnet-de-vol\/2023\/07\/22\/grenoble-lac-leman-22-08-2023\/#primaryimage"},"thumbnailUrl":"https:\/\/www.bluehouse.fr\/JB6\/carnet-de-vol\/wp-content\/uploads\/2023\/08\/IMG_4340.jpeg","articleSection":["r\u00e9cit"],"inLanguage":"fr-FR","potentialAction":[{"@type":"CommentAction","name":"Comment","target":["https:\/\/www.bluehouse.fr\/JB6\/carnet-de-vol\/2023\/07\/22\/grenoble-lac-leman-22-08-2023\/#respond"]}]},{"@type":"WebPage","@id":"https:\/\/www.bluehouse.fr\/JB6\/carnet-de-vol\/2023\/07\/22\/grenoble-lac-leman-22-08-2023\/","url":"https:\/\/www.bluehouse.fr\/JB6\/carnet-de-vol\/2023\/07\/22\/grenoble-lac-leman-22-08-2023\/","name":"Grenoble - Lac L\u00e9man - Carnet de Vol","isPartOf":{"@id":"https:\/\/www.bluehouse.fr\/JB6\/carnet-de-vol\/#website"},"primaryImageOfPage":{"@id":"https:\/\/www.bluehouse.fr\/JB6\/carnet-de-vol\/2023\/07\/22\/grenoble-lac-leman-22-08-2023\/#primaryimage"},"image":{"@id":"https:\/\/www.bluehouse.fr\/JB6\/carnet-de-vol\/2023\/07\/22\/grenoble-lac-leman-22-08-2023\/#primaryimage"},"thumbnailUrl":"https:\/\/www.bluehouse.fr\/JB6\/carnet-de-vol\/wp-content\/uploads\/2023\/08\/IMG_4340.jpeg","datePublished":"2023-07-22T07:27:16+00:00","dateModified":"2025-04-13T15:44:40+00:00","breadcrumb":{"@id":"https:\/\/www.bluehouse.fr\/JB6\/carnet-de-vol\/2023\/07\/22\/grenoble-lac-leman-22-08-2023\/#breadcrumb"},"inLanguage":"fr-FR","potentialAction":[{"@type":"ReadAction","target":["https:\/\/www.bluehouse.fr\/JB6\/carnet-de-vol\/2023\/07\/22\/grenoble-lac-leman-22-08-2023\/"]}]},{"@type":"ImageObject","inLanguage":"fr-FR","@id":"https:\/\/www.bluehouse.fr\/JB6\/carnet-de-vol\/2023\/07\/22\/grenoble-lac-leman-22-08-2023\/#primaryimage","url":"https:\/\/www.bluehouse.fr\/JB6\/carnet-de-vol\/wp-content\/uploads\/2023\/08\/IMG_4340.jpeg","contentUrl":"https:\/\/www.bluehouse.fr\/JB6\/carnet-de-vol\/wp-content\/uploads\/2023\/08\/IMG_4340.jpeg","width":1200,"height":900},{"@type":"BreadcrumbList","@id":"https:\/\/www.bluehouse.fr\/JB6\/carnet-de-vol\/2023\/07\/22\/grenoble-lac-leman-22-08-2023\/#breadcrumb","itemListElement":[{"@type":"ListItem","position":1,"name":"Accueil","item":"https:\/\/www.bluehouse.fr\/JB6\/carnet-de-vol\/"},{"@type":"ListItem","position":2,"name":"Grenoble &#8211; Lac L\u00e9man"}]},{"@type":"WebSite","@id":"https:\/\/www.bluehouse.fr\/JB6\/carnet-de-vol\/#website","url":"https:\/\/www.bluehouse.fr\/JB6\/carnet-de-vol\/","name":"Carnet de Vol","description":"Carnet de Vol Parapente","publisher":{"@id":"https:\/\/www.bluehouse.fr\/JB6\/carnet-de-vol\/#organization"},"potentialAction":[{"@type":"SearchAction","target":{"@type":"EntryPoint","urlTemplate":"https:\/\/www.bluehouse.fr\/JB6\/carnet-de-vol\/?s={search_term_string}"},"query-input":{"@type":"PropertyValueSpecification","valueRequired":true,"valueName":"search_term_string"}}],"inLanguage":"fr-FR"},{"@type":"Organization","@id":"https:\/\/www.bluehouse.fr\/JB6\/carnet-de-vol\/#organization","name":"Carnet de Vol","url":"https:\/\/www.bluehouse.fr\/JB6\/carnet-de-vol\/","logo":{"@type":"ImageObject","inLanguage":"fr-FR","@id":"https:\/\/www.bluehouse.fr\/JB6\/carnet-de-vol\/#\/schema\/logo\/image\/","url":"https:\/\/www.bluehouse.fr\/JB6\/carnet-de-vol\/wp-content\/uploads\/2023\/11\/logo.png","contentUrl":"https:\/\/www.bluehouse.fr\/JB6\/carnet-de-vol\/wp-content\/uploads\/2023\/11\/logo.png","width":400,"height":400,"caption":"Carnet de Vol"},"image":{"@id":"https:\/\/www.bluehouse.fr\/JB6\/carnet-de-vol\/#\/schema\/logo\/image\/"}},{"@type":"Person","@id":"https:\/\/www.bluehouse.fr\/JB6\/carnet-de-vol\/#\/schema\/person\/5d86adbd628adb05f7f8b7b24afe7187","name":"Jacques Bayol","image":{"@type":"ImageObject","inLanguage":"fr-FR","@id":"https:\/\/secure.gravatar.com\/avatar\/15bcc0a70bbdf1d887a3eba73fa1a16a018cf14529c2d51827403d81e6a05255?s=96&d=mm&r=g","url":"https:\/\/secure.gravatar.com\/avatar\/15bcc0a70bbdf1d887a3eba73fa1a16a018cf14529c2d51827403d81e6a05255?s=96&d=mm&r=g","contentUrl":"https:\/\/secure.gravatar.com\/avatar\/15bcc0a70bbdf1d887a3eba73fa1a16a018cf14529c2d51827403d81e6a05255?s=96&d=mm&r=g","caption":"Jacques Bayol"},"description":"Pilote de vol libre depuis 1974, modeste webmaster de ce site.","url":"https:\/\/www.bluehouse.fr\/JB6\/carnet-de-vol\/author\/jack\/"}]}},"jetpack_featured_media_url":"https:\/\/www.bluehouse.fr\/JB6\/carnet-de-vol\/wp-content\/uploads\/2023\/08\/IMG_4340.jpeg","jetpack_sharing_enabled":true,"_links":{"self":[{"href":"https:\/\/www.bluehouse.fr\/JB6\/carnet-de-vol\/wp-json\/wp\/v2\/posts\/239571","targetHints":{"allow":["GET"]}}],"collection":[{"href":"https:\/\/www.bluehouse.fr\/JB6\/carnet-de-vol\/wp-json\/wp\/v2\/posts"}],"about":[{"href":"https:\/\/www.bluehouse.fr\/JB6\/carnet-de-vol\/wp-json\/wp\/v2\/types\/post"}],"author":[{"embeddable":true,"href":"https:\/\/www.bluehouse.fr\/JB6\/carnet-de-vol\/wp-json\/wp\/v2\/users\/57"}],"replies":[{"embeddable":true,"href":"https:\/\/www.bluehouse.fr\/JB6\/carnet-de-vol\/wp-json\/wp\/v2\/comments?post=239571"}],"version-history":[{"count":2,"href":"https:\/\/www.bluehouse.fr\/JB6\/carnet-de-vol\/wp-json\/wp\/v2\/posts\/239571\/revisions"}],"predecessor-version":[{"id":245377,"href":"https:\/\/www.bluehouse.fr\/JB6\/carnet-de-vol\/wp-json\/wp\/v2\/posts\/239571\/revisions\/245377"}],"wp:featuredmedia":[{"embeddable":true,"href":"https:\/\/www.bluehouse.fr\/JB6\/carnet-de-vol\/wp-json\/wp\/v2\/media\/239561"}],"wp:attachment":[{"href":"https:\/\/www.bluehouse.fr\/JB6\/carnet-de-vol\/wp-json\/wp\/v2\/media?parent=239571"}],"wp:term":[{"taxonomy":"category","embeddable":true,"href":"https:\/\/www.bluehouse.fr\/JB6\/carnet-de-vol\/wp-json\/wp\/v2\/categories?post=239571"},{"taxonomy":"post_tag","embeddable":true,"href":"https:\/\/www.bluehouse.fr\/JB6\/carnet-de-vol\/wp-json\/wp\/v2\/tags?post=239571"}],"curies":[{"name":"wp","href":"https:\/\/api.w.org\/{rel}","templated":true}]}}